{"id":22346,"date":"2022-07-22T12:39:23","date_gmt":"2022-07-22T15:39:23","guid":{"rendered":"https:\/\/grandepremio.com\/es\/2022\/07\/22\/leclerc-casco-especial-francia-bianchi-1\/"},"modified":"2022-07-22T12:54:15","modified_gmt":"2022-07-22T15:54:15","slug":"leclerc-casco-especial-francia-bianchi-1","status":"publish","type":"post","link":"https:\/\/grandepremio.com\/es\/f1\/leclerc-casco-especial-francia-bianchi-1\/","title":{"rendered":"Leclerc presenta casco especial en Francia con homenajes a su padre y a Bianchi"},"content":{"rendered":"\n<p class=\"wp-block-paragraph\">Charles Leclerc ha preparado un casco especial para el <a href=\"https:\/\/grandepremio.com\/es\/\/categoria\/f1\/\" target=\"_blank\" rel=\"noreferrer noopener\">GP de Francia<\/a> de este fin de semana. El propietario del #16 de Ferrari present\u00f3 este viernes un casco blanco con detalles rojos, que trae im\u00e1genes de los primeros a\u00f1os de su carrera en el automovilismo.<\/p>\n\n\n\n<p class=\"wp-block-paragraph\">La pieza, a la que llam\u00f3 \u201cc\u00f3mo empez\u00f3 todo\u201d, es un homenaje al padre de Charles, Herv\u00e9, quien muri\u00f3 d\u00edas antes de obtener la victoria en la prueba de Bak\u00fa de la F\u00f3rmula 2 en 2017.<\/p>\n\n\n\n<p class=\"wp-block-paragraph\"><strong>\u00a1Conoce el canal de Grande Pr\u00eamio en Espa\u00f1ol en\u00a0<a href=\"https:\/\/www.youtube.com\/channel\/UCDxWojGVUi9gWYhrY0pGbIQ\" target=\"_blank\" rel=\"noreferrer noopener\">YouTube<\/a>!<br>\u00a1Sigue a\u00a0Grande Pr\u00eamio en Espa\u00f1ol\u00a0en\u00a0<a href=\"https:\/\/twitter.com\/grandepremioES\" target=\"_blank\" rel=\"noreferrer noopener\">Twitter\u00a0<\/a>y en\u00a0<a href=\"https:\/\/www.instagram.com\/grandepremioes\/\" target=\"_blank\" rel=\"noreferrer noopener\">Instagram<\/a>!<\/strong><\/p>\n\n\n\n<figure class=\"wp-block-embed is-type-rich is-provider-twitter wp-block-embed-twitter\"><div class=\"wp-block-embed__wrapper\">\n<blockquote class=\"twitter-tweet\" data-width=\"500\" data-dnt=\"true\"><p lang=\"en\" dir=\"ltr\">How it all began <a href=\"https:\/\/t.co\/uAFIXusryk\">pic.twitter.com\/uAFIXusryk<\/a><\/p>&mdash; Charles Leclerc (@Charles_Leclerc) <a href=\"https:\/\/x.com\/Charles_Leclerc\/status\/1550451836909490177?ref_src=twsrc%5Etfw\">July 22, 2022<\/a><\/blockquote><script async src=\"https:\/\/platform.x.com\/widgets.js\" charset=\"utf-8\"><\/script>\n<\/div><\/figure>\n\n\n\n<p class=\"wp-block-paragraph\">Adem\u00e1s de las im\u00e1genes del padre, el casco tambi\u00e9n presenta im\u00e1genes de Jules Bianchi. Los dos eran amigos cercanos y hab\u00edan estado corriendo mucho tiempo desde los d\u00edas en los karts. El franc\u00e9s muri\u00f3 en 2015, meses despu\u00e9s de ser v\u00edctima de un grave accidente en el GP de Jap\u00f3n de 2014, en Suzuka.<\/p>\n","protected":false},"excerpt":{"rendered":"<p>El casco blanco con detalles en rojo trae im\u00e1genes de los primeros a\u00f1os de Leclerc, con fotos de su padre, Herv\u00e9, y junto a Jules Bianchi.<\/p>\n","protected":false},"author":0,"featured_media":1010075921,"comment_status":"closed","ping_status":"closed","sticky":false,"template":"","format":"standard","meta":{"42wp_featured_image_caption":"","42wp_featured_image_credits":"","42wp_featured_video":"","42wp_featured_image_hidden":false,"42wp_authors_list":[],"footnotes":""},"categories":[5],"tags":[1770,247,181,1495,185,179,215,1428,3084,3050,201,2132,200],"42wp_author":[14233],"class_list":["post-22346","post","type-post","status-publish","format-standard","has-post-thumbnail","hentry","category-f1","tag-casco","tag-charles-leclerc","tag-f1","tag-f1-2022","tag-ferrari","tag-formula-1","tag-francia","tag-gp-de-francia","tag-herve-leclerc","tag-jules-bianchi","tag-le-castellet","tag-nuevo-casco","tag-paul-ricard","42wp_author-eric-calduch"],"_links":{"self":[{"href":"https:\/\/grandepremio.com\/es\/wp-json\/wp\/v2\/posts\/22346","targetHints":{"allow":["GET"]}}],"collection":[{"href":"https:\/\/grandepremio.com\/es\/wp-json\/wp\/v2\/posts"}],"about":[{"href":"https:\/\/grandepremio.com\/es\/wp-json\/wp\/v2\/types\/post"}],"replies":[{"embeddable":true,"href":"https:\/\/grandepremio.com\/es\/wp-json\/wp\/v2\/comments?post=22346"}],"version-history":[{"count":0,"href":"https:\/\/grandepremio.com\/es\/wp-json\/wp\/v2\/posts\/22346\/revisions"}],"wp:featuredmedia":[{"embeddable":true,"href":"https:\/\/grandepremio.com\/es\/wp-json\/wp\/v2\/media\/1010075921"}],"wp:attachment":[{"href":"https:\/\/grandepremio.com\/es\/wp-json\/wp\/v2\/media?parent=22346"}],"wp:term":[{"taxonomy":"category","embeddable":true,"href":"https:\/\/grandepremio.com\/es\/wp-json\/wp\/v2\/categories?post=22346"},{"taxonomy":"post_tag","embeddable":true,"href":"https:\/\/grandepremio.com\/es\/wp-json\/wp\/v2\/tags?post=22346"},{"taxonomy":"42wp_author","embeddable":true,"href":"https:\/\/grandepremio.com\/es\/wp-json\/wp\/v2\/42wp_author?post=22346"}],"curies":[{"name":"wp","href":"https:\/\/api.w.org\/{rel}","templated":true}]}}