{"id":22358,"date":"2022-07-21T16:41:57","date_gmt":"2022-07-21T19:41:57","guid":{"rendered":"https:\/\/grandepremio.com\/es\/2022\/07\/21\/jean-todt-carreras-f1-michael-schumacher\/"},"modified":"2022-07-21T16:42:00","modified_gmt":"2022-07-21T19:42:00","slug":"jean-todt-carreras-f1-michael-schumacher","status":"publish","type":"post","link":"https:\/\/grandepremio.com\/es\/f1\/jean-todt-carreras-f1-michael-schumacher\/","title":{"rendered":"Todt dice que ve carreras de F1 junto a Schumacher: &#8220;No le dejo solo&#8221;"},"content":{"rendered":"\n<figure class=\"wp-block-embed is-type-video is-provider-youtube wp-block-embed-youtube wp-embed-aspect-16-9 wp-has-aspect-ratio\"><div class=\"wp-block-embed__wrapper\">\n<iframe loading=\"lazy\" title=\"LA FIA QUEDA OTRA VEZ BAJO LA LUPA POR SU DIRECCI\u00d3N DE CARRERA DE F\u00d3RMULA 1\" width=\"500\" height=\"281\" src=\"https:\/\/www.youtube.com\/embed\/ZYMeHNJI0QM?feature=oembed\" frameborder=\"0\" allow=\"accelerometer; autoplay; clipboard-write; encrypted-media; gyroscope; picture-in-picture; web-share\" referrerpolicy=\"strict-origin-when-cross-origin\" allowfullscreen><\/iframe>\n<\/div><figcaption>La FIA queda otra vez bajo la lupa por su direcci\u00f3n de carrera de F\u00f3rmula 1 | Paddock GP ES #8<br><\/figcaption><\/figure>\n\n\n\n<p class=\"wp-block-paragraph\">Michael Schumacher ve las carreras del Mundial de F\u00f3rmula 1, seg\u00fan su amigo Jean Todt tras un acto de homenaje al siete veces campe\u00f3n del mundo en Alemania. El franc\u00e9s asegur\u00f3 que no echa de menos al alem\u00e1n, ya que se re\u00fane con \u00e9l muy a menudo.<\/p>\n\n\n\n<p class=\"wp-block-paragraph\"><strong><strong><strong><strong><strong>\u25b6\ufe0f<\/strong> <strong><strong><strong>\u00a1Conoce el canal de Grande Pr\u00eamio en Espa\u00f1ol en\u00a0<a href=\"https:\/\/www.youtube.com\/channel\/UCDxWojGVUi9gWYhrY0pGbIQ\" target=\"_blank\" rel=\"noreferrer noopener\">YouTube<\/a>!<br>\u00a1Sigue a\u00a0Grande Pr\u00eamio en Espa\u00f1ol\u00a0en\u00a0<a href=\"https:\/\/twitter.com\/grandepremioES\" target=\"_blank\" rel=\"noreferrer noopener\">Twitter\u00a0<\/a>y en\u00a0<a href=\"https:\/\/www.instagram.com\/grandepremioes\/\" target=\"_blank\" rel=\"noreferrer noopener\">Instagram<\/a>!<\/strong><\/strong><\/strong><\/strong><\/strong><\/strong><\/strong><\/p>\n\n\n\n<p class=\"wp-block-paragraph\">A Todt le preguntaron si es cierto que ve las carreras con Schumacher y admiti\u00f3 que s\u00ed. Anteriormente, el directivo hab\u00eda dicho que visita a su amigo al menos dos veces al mes, aunque casi nueve a\u00f1os despu\u00e9s de su accidente de esqu\u00ed en los Alpes franceses.<\/p>\n\n\n\n<p class=\"wp-block-paragraph\">Jefe de Schumacher durante sus cinco t\u00edtulos mundiales con Ferrari, el ex presidente de la FIA ha tenido mucho tiempo en su agenda desde el cambio de a\u00f1o, cuando dej\u00f3 de ser jefe de la federaci\u00f3n despu\u00e9s de 12 a\u00f1os.<\/p>\n\n\n\n<p class=\"wp-block-paragraph\">&#8220;No echo de menos a Michael: lo observo. S\u00ed, es cierto, veo las carreras con Michael. Lo que echo de menos son algunas de las cosas que sol\u00edamos hacer juntos&#8221;, declar\u00f3 a la cadena de televisi\u00f3n alemana RTL.<\/p>\n\n\n\n<figure class=\"wp-block-image size-large\"><img decoding=\"async\" src=\"https:\/\/www.grandepremio.com\/br\/wp-content\/uploads\/2020\/10\/GPF3-1024x576.jpg\" alt=\"\" class=\"wp-image-424155\"\/><figcaption>Michael Schumacher y Jean Todt en el podio de Suzuka 2000 (Foto: Reproducci\u00f3n\/YouTube)<\/figcaption><\/figure>\n\n\n\n<p class=\"wp-block-paragraph\"><strong>VER TAMBI\u00c9N<\/strong><br><strong><a href=\"https:\/\/grandepremio.com\/es\/\/f1\/red-bull-mick-schumacher-presion-criticas\/\">Red Bull revela que observa a Mick Schumacher, pero opina: &#8220;Necesita presi\u00f3n y cr\u00edticas&#8221;<\/a><br><a href=\"https:\/\/grandepremio.com\/es\/\/f1\/kevin-magnussen-mick-schumacher-austria-haas-formula-1\/\">Magnussen aleja idea de rivalidad con Mick Schumacher: \u201cEstoy para ayudar a Haas\u201d<\/a><\/strong><\/p>\n\n\n\n<p class=\"wp-block-paragraph\">&#8220;No le dejo solo. \u00c9l, Corinna y la familia, hemos vivido muchas experiencias juntos. La belleza de lo vivido forma parte de nosotros y sigue viva. A veces el \u00e9xito y el dinero te cambian, pero Michael nunca ha cambiado. Es muy fuerte&#8221;, se\u00f1al\u00f3 el directivo.<\/p>\n\n\n\n<p class=\"wp-block-paragraph\">El mi\u00e9rcoles, Todt se uni\u00f3 a la esposa y a la hija de Michael, Corinna Schumacher y Gina-Marie Schumacher, respectivamente, durante el homenaje rendido al siete veces campe\u00f3n del mundo en Colonia, en el estado alem\u00e1n de Renania del Norte-Westfalia. Schumacher naci\u00f3 y creci\u00f3 en H\u00fcrth, en el \u00e1rea metropolitana de Colonia. La distinci\u00f3n en cuesti\u00f3n, el Premio del Estado, es la m\u00e1s alta distinci\u00f3n civil de la regi\u00f3n.<\/p>\n\n\n\n<p class=\"wp-block-paragraph\">A principios de esta semana, <a href=\"https:\/\/grandepremio.com\/es\/\/f1\/ex-agente-schumacher-corinna-jean-todt\/\">el ex m\u00e1nager de Michael Schumacher, Willi Weber, volvi\u00f3 a acusar a la familia del alem\u00e1n de mentir sobre su salud tanto tiempo despu\u00e9s de su accidente<\/a>. El hijo de Michael, Mick Schumacher, se encuentra en Francia para disputar el fin de semana de F1 en Paul Ricard y dijo que no asisti\u00f3 al homenaje s\u00f3lo porque ten\u00eda gripe. Por cierto, el joven ha estado en su mejor momento en la F1, con puntos en las dos \u00faltimas carreras.<\/p>\n\n\n\n<h2 class=\"wp-block-heading\"><strong>C\u00f3mo fue el accidente de Michael Schumacher:<\/strong><\/h2>\n\n\n\n<p class=\"wp-block-paragraph\">El 29 de diciembre de 2013, Michael Schumacher sufri\u00f3 un accidente de esqu\u00ed que convirti\u00f3 su vida en un misterio interminable en el horizonte. La pesadilla comenz\u00f3 en M\u00e9ribel, un pueblo de monta\u00f1a en Francia. El lugar es conocido por el esqu\u00ed, uno de los deportes favoritos de Schumacher. El momento de relajaci\u00f3n fue bien hasta que se produjo un desagradable accidente, en el que la cabeza del alem\u00e1n se golpe\u00f3 contra una roca. El siete veces campe\u00f3n fue puesto en coma inducido a finales de 2013, sufriendo un da\u00f1o cerebral que nunca ha sido aclarado al p\u00fablico.<\/p>\n\n\n\n<p class=\"wp-block-paragraph\">Aclarar la informaci\u00f3n al p\u00fablico nunca ha sido el fuerte de Schumacher. Sabine Kehm, la mano derecha del alem\u00e1n, protegi\u00f3 a la familia y limit\u00f3 al m\u00e1ximo la informaci\u00f3n filtrada al p\u00fablico. Informaci\u00f3n, s\u00f3lo cuando es positiva: en abril, se perciben m\u00e1s claramente los signos de conciencia; en junio, el fin del coma inducido. Este paso permiti\u00f3 a Michael dejar el hospital de Gr\u00e9noble en Francia para seguir la rehabilitaci\u00f3n en Lausana en Suiza.<\/p>\n\n\n\n<p class=\"wp-block-paragraph\">El 2015 lleg\u00f3 con un nuevo panorama: los rumores se hicieron mucho m\u00e1s frecuentes y comenzaron a ser combatidos por la familia. Los informes de que Schumacher estaba paralizado y era incapaz de hablar nunca se confirmaron, y la asesora Kehm siempre destacaba los progresos constantes, aunque lentos.<\/p>\n\n\n\n<p class=\"wp-block-paragraph\">El goteo de informaci\u00f3n continu\u00f3, y la protecci\u00f3n en torno a Schumacher se hizo a\u00fan m\u00e1s evidente en cuanto fue posible el traslado del hospital a su casa en Suiza. A Michael se le permit\u00eda visitar a pocas personas, siempre siendo gente de confianza que nunca filtrar\u00eda informaci\u00f3n. Jean Todt, jefe de Ferrari en los a\u00f1os dorados de principios de siglo, es una de las pocas personas que ven a Michael. El franc\u00e9s no aport\u00f3 nuevas informaciones, limit\u00e1ndose a afirmar que ambos siguen ocasionalmente las carreras de F\u00f3rmula 1 por televisi\u00f3n.<\/p>\n\n\n\n<p class=\"wp-block-paragraph\">&#8220;Es algo muy privado. Michael se mantiene muy bien, vive con su familia, en su casa, entre Ginebra y Lausana. Sigue luchando. Eso es lo \u00fanico que puedo decir hoy&#8221;, dijo Todt en 2019.<\/p>\n\n\n\n<p class=\"wp-block-paragraph\">Curiosamente, una de las escasas noticias sobre Schumacher en 2020 vino de Flavio Briatore. Mejor dicho, de la ex de Briatore. En un reality show en Italia. Preguntada por otro concursante sobre el estado de salud del alem\u00e1n, la modelo Elisabetta Gregoraci afirm\u00f3 que la comunicaci\u00f3n s\u00f3lo es posible a trav\u00e9s de los ojos. Esto reafirma la informaci\u00f3n de que Michael a\u00fan no ha recuperado el habla.<\/p>\n\n\n\n<p class=\"wp-block-paragraph\">Para desconcierto de los curiosos, es dif\u00edcil creer en cualquier informaci\u00f3n oficial de la familia Schumacher en un futuro pr\u00f3ximo. Su esposa, Corinna, incluso ha organizado una mudanza a la isla espa\u00f1ola de Mallorca, en busca de total privacidad. Incluso con todo el esfuerzo, esto sigue siendo dif\u00edcil: en enero, una persona afirm\u00f3 tener fotos del ex piloto acostado en su cama, dispuesto a venderlas por valores millonarios. El material nunca vio la luz del d\u00eda.<\/p>\n\n\n\n<p class=\"wp-block-paragraph\">La rara noticia no significa que Michael Schumacher haya dejado de ser alguien relevante en 2020. Al contrario: era un a\u00f1o en el que ser\u00eda a\u00fan m\u00e1s especial tenerlo en el circuito. Schumi tendr\u00eda la oportunidad de felicitar a Lewis Hamilton, que empat\u00f3 el r\u00e9cord de siete t\u00edtulos mundiales. Y lo m\u00e1s importante: tendr\u00eda la oportunidad de seguir el camino de su hijo Mick hacia el t\u00edtulo de la F2, sellando su pasaporte a la F1 en 2021 como piloto de Haas. Una gran pena.<\/p>\n\n\n\n<p class=\"wp-block-paragraph\">Y entonces Mick debut\u00f3 y vivi\u00f3 su primer a\u00f1o. Durante la mayor parte de la temporada, Mick fue superior a su compa\u00f1ero de equipo, lo que era posible en un equipo que presentaba, con diferencia, el peor coche de la parrilla. Sin embargo, las grandes noticias fueron realmente las del documental. Primero, la pel\u00edcula en s\u00ed, una carta de amor a Michael, y las declaraciones de la familia. Fueron los m\u00e1s grandes de los \u00faltimos a\u00f1os y, probablemente, los \u00faltimos relevantes en mucho tiempo.<\/p>\n","protected":false},"excerpt":{"rendered":"<p>Ex jefe y amigo \u00edntimo de Michael Schumacher, Jean Todt dice que ve las carreras de F\u00f3rmula 1 junto al heptacampe\u00f3n.<\/p>\n","protected":false},"author":0,"featured_media":1010075863,"comment_status":"closed","ping_status":"closed","sticky":false,"template":"","format":"standard","meta":{"42wp_featured_image_caption":"","42wp_featured_image_credits":"","42wp_featured_video":"","42wp_featured_image_hidden":false,"42wp_authors_list":[],"footnotes":""},"categories":[5],"tags":[1558,181,1495,185,179,2369,1428,1488,2237,201,188,371,200],"42wp_author":[14234],"class_list":["post-22358","post","type-post","status-publish","format-standard","has-post-thumbnail","hentry","category-f1","tag-corinna-schumacher","tag-f1","tag-f1-2022","tag-ferrari","tag-formula-1","tag-formula-1-hoy","tag-gp-de-francia","tag-grande-premio","tag-grandepremio","tag-le-castellet","tag-michael-schumacher","tag-mick-schumacher","tag-paul-ricard","42wp_author-douglas-rocha"],"_links":{"self":[{"href":"https:\/\/grandepremio.com\/es\/wp-json\/wp\/v2\/posts\/22358","targetHints":{"allow":["GET"]}}],"collection":[{"href":"https:\/\/grandepremio.com\/es\/wp-json\/wp\/v2\/posts"}],"about":[{"href":"https:\/\/grandepremio.com\/es\/wp-json\/wp\/v2\/types\/post"}],"replies":[{"embeddable":true,"href":"https:\/\/grandepremio.com\/es\/wp-json\/wp\/v2\/comments?post=22358"}],"version-history":[{"count":0,"href":"https:\/\/grandepremio.com\/es\/wp-json\/wp\/v2\/posts\/22358\/revisions"}],"wp:featuredmedia":[{"embeddable":true,"href":"https:\/\/grandepremio.com\/es\/wp-json\/wp\/v2\/media\/1010075863"}],"wp:attachment":[{"href":"https:\/\/grandepremio.com\/es\/wp-json\/wp\/v2\/media?parent=22358"}],"wp:term":[{"taxonomy":"category","embeddable":true,"href":"https:\/\/grandepremio.com\/es\/wp-json\/wp\/v2\/categories?post=22358"},{"taxonomy":"post_tag","embeddable":true,"href":"https:\/\/grandepremio.com\/es\/wp-json\/wp\/v2\/tags?post=22358"},{"taxonomy":"42wp_author","embeddable":true,"href":"https:\/\/grandepremio.com\/es\/wp-json\/wp\/v2\/42wp_author?post=22358"}],"curies":[{"name":"wp","href":"https:\/\/api.w.org\/{rel}","templated":true}]}}