{"id":22362,"date":"2022-07-21T12:56:37","date_gmt":"2022-07-21T15:56:37","guid":{"rendered":"https:\/\/grandepremio.com\/es\/2022\/07\/21\/red-bull-error-direccion-carrera-abu-dhabi\/"},"modified":"2022-07-21T12:56:38","modified_gmt":"2022-07-21T15:56:38","slug":"red-bull-error-direccion-carrera-abu-dhabi","status":"publish","type":"post","link":"https:\/\/grandepremio.com\/es\/f1\/red-bull-error-direccion-carrera-abu-dhabi\/","title":{"rendered":"Horner admite error de direcci\u00f3n de carrera en Abu Dhabi: &#8220;Disminuy\u00f3 t\u00edtulo de Verstappen&#8221;"},"content":{"rendered":"\n<p class=\"wp-block-paragraph\">Y finalmente Red Bull ha admitido que s\u00ed, que el duelo por el t\u00edtulo de F\u00f3rmula 1 2021 entre Lewis Hamilton y Max Verstappen en el GP de Abu Dhabi estuvo empa\u00f1ado por los errores de la direcci\u00f3n de carrera, en la persona de Michael Masi. Las declaraciones de Christian Horner fueron realizadas a The Cambridge Union, y el ingl\u00e9s tambi\u00e9n destac\u00f3 que lamentaba mucho la falta de apoyo de la FIA (Federaci\u00f3n Internacional de Automovilismo) a Masi tras el pol\u00e9mico final.<\/p>\n\n\n\n<p class=\"wp-block-paragraph\">En la carrera que puso fin a la temporada 2021 en Yas Marina, Hamilton y Verstappen quedaron igualados en la parrilla. Todo se encaminaba hacia el octavo t\u00edtulo del brit\u00e1nico cuando se activ\u00f3 el coche de seguridad en la vuelta 54 de 58 para Nicholas Latifi. Masi permiti\u00f3 entonces que s\u00f3lo los coches entre los dos aspirantes al t\u00edtulo -los de Lando Norris, Fernando Alonso, Esteban Ocon, Charles Leclerc y Sebastian Vettel- adelantasen al l\u00edder. S\u00f3lo ellos se reubicaran en las posiciones correctas, y no todos los rezagados, como dec\u00eda el reglamento.<\/p>\n\n\n\n<p class=\"wp-block-paragraph\"><strong><strong><strong>\u25b6\ufe0f<\/strong> <strong><strong><strong>\u00a1Conoce el canal de Grande Pr\u00eamio en Espa\u00f1ol en\u00a0<a href=\"https:\/\/www.youtube.com\/channel\/UCDxWojGVUi9gWYhrY0pGbIQ\" target=\"_blank\" rel=\"noreferrer noopener\">YouTube<\/a>!<br>\u00a1Sigue a\u00a0Grande Pr\u00eamio en Espa\u00f1ol\u00a0en\u00a0<a href=\"https:\/\/twitter.com\/grandepremioES\" target=\"_blank\" rel=\"noreferrer noopener\">Twitter\u00a0<\/a>y en\u00a0<a href=\"https:\/\/www.instagram.com\/grandepremioes\/\" target=\"_blank\" rel=\"noreferrer noopener\">Instagram<\/a>!<\/strong><\/strong><\/strong><\/strong><\/strong><\/p>\n\n\n\n<figure class=\"wp-block-image size-full is-resized\"><img loading=\"lazy\" decoding=\"async\" src=\"https:\/\/www.grandepremio.com\/br\/wp-content\/uploads\/2021\/12\/FHTlH50XEAAgZdn.jpg\" alt=\"MAX VERSTAPPEN; LEWIS HAMILTON; ABU DHABI;\" class=\"wp-image-534128\" width=\"802\" height=\"451\"\/><figcaption>Verstappen por delante de Hamilton en Abu Dhabi: la decisi\u00f3n de 2021 estuvo influenciada por la direcci\u00f3n de carrera (Foto: AFP)<\/figcaption><\/figure>\n\n\n\n<p class=\"wp-block-paragraph\">Sin embargo, ese no fue el \u00fanico error cometido por la direcci\u00f3n de la carrera. El reglamento establec\u00eda que el coche de seguridad deb\u00eda permanecer en pista durante una vuelta m\u00e1s despu\u00e9s de la reordenaci\u00f3n de la parrilla. Es decir, por el n\u00famero de vueltas restantes, el GP de Abu Dhabi deber\u00eda haber terminado con bandera amarilla.<\/p>\n\n\n\n<p class=\"wp-block-paragraph\">El orden de Masi fue crucial al final para Verstappen, que se situ\u00f3 inmediatamente detr\u00e1s de Hamilton y, con neum\u00e1ticos m\u00e1s nuevos, no tuvo problemas para adelantar al #44 y ganar su primer t\u00edtulo en la \u00e9lite del automovilismo.<\/p>\n\n\n\n<p class=\"wp-block-paragraph\">&#8220;Se equivoc\u00f3 al no permitir que todos los rezagados recuperaran su vuelta [para la resalida]&#8221;, dijo Horner. &#8220;S\u00f3lo a tres coches no se les permiti\u00f3 pasar y tuvieron que quedarse en la parte trasera del pelot\u00f3n&#8221;, a\u00f1adi\u00f3 el directivo, reconociendo que todo el frenes\u00ed posterior a la carrera acab\u00f3 eclipsando el logro del actual #1 de la parrilla. &#8220;Es una pena, ya que los logros de Max en el pasado se han visto disminuidos por los acontecimientos de Abu Dhabi&#8221;, consider\u00f3.<\/p>\n\n\n\n<p class=\"wp-block-paragraph\"><strong>VER TAMBI\u00c9N<br><a href=\"https:\/\/grandepremio.com\/es\/\/f1\/mercedes-toto-wolff-ferrari-red-bull-formula-1\/\">Mercedes ve falta de emoci\u00f3n en F1 por \u201cdiferencia muy grande&#8221; entre equipos<\/a><br><a href=\"https:\/\/grandepremio.com\/es\/\/f1\/hill-apuesta-victoria-hamilton-gp-francia\/\">Hill hace p\u00e1lpito atrevido y apuesta por victoria de Hamilton en el GP de Francia<\/a><br><a href=\"https:\/\/grandepremio.com\/es\/\/f1\/mercedes-comprension-w13-actualizaciones-francia\/\">Mercedes ve &#8220;creciente comprensi\u00f3n&#8221; del W13 y confirma actualizaciones en Francia<\/a><\/strong><br><a href=\"https:\/\/grandepremio.com\/es\/\/f1\/gerhard-berger-red-bull-ferrari-formula-1-2022\/\"><strong>Berger ve \u201ccasi imbatible\u201d a Red Bull en F1: \u201cVerstappen corre a\u00fan mejor\u201d<\/strong><\/a><\/p>\n\n\n\n<p class=\"wp-block-paragraph\">Pol\u00e9micas aparte, Horner no qued\u00f3 satisfecho con la forma en que Masi fue masacrado no s\u00f3lo por los rivales derrotados de Mercedes, sino tambi\u00e9n por la cr\u00edtica general. Y el jefe de los austr\u00edacos cuestion\u00f3 principalmente la falta de apoyo de la FIA. &#8220;Fue muy duro que se le ridiculizara en p\u00fablico, que se le insultara en internet, y que la federaci\u00f3n no le apoyara&#8221;, se\u00f1al\u00f3.<\/p>\n\n\n\n<p class=\"wp-block-paragraph\">&#8220;Sentimos que muchas decisiones en el pasado han ido en nuestra contra, ya sea la bandera amarilla en la clasificaci\u00f3n en Qatar o el incidente en Silverstone con Lewis. Pero lo sent\u00ed mucho por \u00e9l, porque deber\u00eda haber recibido m\u00e1s apoyo despu\u00e9s de eso [Abu Dhabi], porque estaba en una posici\u00f3n incre\u00edblemente dif\u00edcil&#8221;, valor\u00f3 Horner, diciendo que estaba &#8220;decepcionado&#8221; con la forma en que la FIA trat\u00f3 a Masi. &#8220;Hizo lo mejor que pudo como director de carrera, incluso bajo presi\u00f3n. Siempre estuvo claro que estar\u00eda bajo presi\u00f3n para reiniciar la carrera. Nadie quer\u00eda que el Mundial terminara con el coche de seguridad&#8221;, defendi\u00f3.<\/p>\n\n\n\n<figure class=\"wp-block-image size-large\"><img decoding=\"async\" src=\"https:\/\/www.grandepremio.com\/br\/wp-content\/uploads\/2020\/05\/SI202112130223_hires_jpeg_24bit_rgb-1024x683.jpg\" alt=\"LEWIS HAMILTON; MAX VERSTAPPEN; F1; F\u00d3RMULA 1; GP DE ABU DHABI;\" class=\"wp-image-532237\"\/><figcaption>Verstappen celebr\u00f3 su primer t\u00edtulo de F1 ganando en Abu Dhabi (Foto: Clive Rose\/Getty Images\/Red Bull Content Pool)<\/figcaption><\/figure>\n\n\n\n<p class=\"wp-block-paragraph\">En cuanto a la protesta de Mercedes por lo sucedido en el circuito de Yas Marina, el l\u00edder de Red Bull no dej\u00f3 pasar la oportunidad de meter mano a su rival. Horner cuestion\u00f3 c\u00f3mo habr\u00eda sido la opini\u00f3n p\u00fablica si Hamilton hubiera terminado el a\u00f1o campe\u00f3n por octava vez en la F1.<\/p>\n\n\n\n<p class=\"wp-block-paragraph\">&#8220;Creo que si no hubieran hecho el proceso de apelaci\u00f3n y todo el ruido despu\u00e9s de la carrera, habr\u00eda sido un problema mucho menor que si fuera al rev\u00e9s. A veces me pregunto c\u00f3mo habr\u00eda sido si Lewis Hamilton hubiera ganado en la \u00faltima vuelta. \u00bf(Masi) Habr\u00eda sido un h\u00e9roe o un villano?&#8221;, pregunt\u00f3 Horner.<\/p>\n\n\n\n<p class=\"wp-block-paragraph\">&#8220;La verdad es que un campeonato se gana en toda una temporada, no en una sola carrera. Creo que por la forma en que Max condujo, a veces sin tener el mejor coche. Adem\u00e1s, por las actuaciones que tuvo en el pasado, se merec\u00eda el t\u00edtulo al 100%&#8221;, finaliz\u00f3.<\/p>\n\n\n\n<p class=\"wp-block-paragraph\">Despu\u00e9s de toda la pol\u00e9mica, la FIA decidi\u00f3 cambiar el texto del art\u00edculo 55.13 del reglamento deportivo. La federaci\u00f3n dej\u00f3 claro que todos los coches que est\u00e9n una vuelta por detr\u00e1s podr\u00e1n adelantar al l\u00edder y al coche de seguridad en cuanto la direcci\u00f3n de carrera lo autorice.<\/p>\n\n\n\n<figure class=\"wp-block-embed is-type-video is-provider-youtube wp-block-embed-youtube wp-embed-aspect-16-9 wp-has-aspect-ratio\"><div class=\"wp-block-embed__wrapper\">\n<iframe loading=\"lazy\" title=\"LA FIA QUEDA OTRA VEZ BAJO LA LUPA POR SU DIRECCI\u00d3N DE CARRERA DE F\u00d3RMULA 1\" width=\"500\" height=\"281\" src=\"https:\/\/www.youtube.com\/embed\/ZYMeHNJI0QM?feature=oembed\" frameborder=\"0\" allow=\"accelerometer; autoplay; clipboard-write; encrypted-media; gyroscope; picture-in-picture; web-share\" referrerpolicy=\"strict-origin-when-cross-origin\" allowfullscreen><\/iframe>\n<\/div><figcaption>La FIA queda otra vez bajo la lupa por su direcci\u00f3n de carrera de F\u00f3rmula 1 | Paddock GP ES #8<br><\/figcaption><\/figure>\n","protected":false},"excerpt":{"rendered":"<p>Christian Horner reconoci\u00f3 el error de Michael Masi durante la activaci\u00f3n del coche de seguridad en las \u00faltimas vueltas del GP de Abu Dhabi 2021, pero critic\u00f3 la actuaci\u00f3n de la FIA con el ex director de carrera de la F1.<\/p>\n","protected":false},"author":0,"featured_media":1010075835,"comment_status":"closed","ping_status":"closed","sticky":false,"template":"","format":"standard","meta":{"42wp_featured_image_caption":"","42wp_featured_image_credits":"","42wp_featured_video":"","42wp_featured_image_hidden":false,"42wp_authors_list":[],"footnotes":""},"categories":[5],"tags":[1336,181,1233,1495,2537,263,179,2237,199,249,197,449,206],"42wp_author":[14234],"class_list":["post-22362","post","type-post","status-publish","format-standard","has-post-thumbnail","hentry","category-f1","tag-christian-horner","tag-f1","tag-f1-2021","tag-f1-2022","tag-federacion-internacional-del-automovil","tag-fia","tag-formula-1","tag-grandepremio","tag-lewis-hamilton","tag-max-verstappen","tag-mercedes","tag-michael-masi","tag-red-bull","42wp_author-douglas-rocha"],"_links":{"self":[{"href":"https:\/\/grandepremio.com\/es\/wp-json\/wp\/v2\/posts\/22362","targetHints":{"allow":["GET"]}}],"collection":[{"href":"https:\/\/grandepremio.com\/es\/wp-json\/wp\/v2\/posts"}],"about":[{"href":"https:\/\/grandepremio.com\/es\/wp-json\/wp\/v2\/types\/post"}],"replies":[{"embeddable":true,"href":"https:\/\/grandepremio.com\/es\/wp-json\/wp\/v2\/comments?post=22362"}],"version-history":[{"count":0,"href":"https:\/\/grandepremio.com\/es\/wp-json\/wp\/v2\/posts\/22362\/revisions"}],"wp:featuredmedia":[{"embeddable":true,"href":"https:\/\/grandepremio.com\/es\/wp-json\/wp\/v2\/media\/1010075835"}],"wp:attachment":[{"href":"https:\/\/grandepremio.com\/es\/wp-json\/wp\/v2\/media?parent=22362"}],"wp:term":[{"taxonomy":"category","embeddable":true,"href":"https:\/\/grandepremio.com\/es\/wp-json\/wp\/v2\/categories?post=22362"},{"taxonomy":"post_tag","embeddable":true,"href":"https:\/\/grandepremio.com\/es\/wp-json\/wp\/v2\/tags?post=22362"},{"taxonomy":"42wp_author","embeddable":true,"href":"https:\/\/grandepremio.com\/es\/wp-json\/wp\/v2\/42wp_author?post=22362"}],"curies":[{"name":"wp","href":"https:\/\/api.w.org\/{rel}","templated":true}]}}