{"id":22373,"date":"2022-07-20T09:22:41","date_gmt":"2022-07-20T12:22:41","guid":{"rendered":"https:\/\/grandepremio.com\/es\/2022\/07\/20\/mercedes-de-vries-hamilton-fp1-francia\/"},"modified":"2022-07-20T09:22:43","modified_gmt":"2022-07-20T12:22:43","slug":"mercedes-de-vries-hamilton-fp1-francia","status":"publish","type":"post","link":"https:\/\/grandepremio.com\/es\/f1\/mercedes-de-vries-hamilton-fp1-francia\/","title":{"rendered":"Mercedes confirma a De Vries en el lugar de Hamilton para los FP1 del GP de Francia"},"content":{"rendered":"\n<p class=\"wp-block-paragraph\">Lewis Hamilton se perder\u00e1 la primera sesi\u00f3n de entrenamientos libres del GP de Francia de <a href=\"https:\/\/grandepremio.com\/es\/\/categoria\/f1\/\" target=\"_blank\" rel=\"noreferrer noopener\">F\u00f3rmula 1<\/a>. Mercedes confirm\u00f3 este mi\u00e9rcoles que el heptacampe\u00f3n ser\u00e1 reemplazado al volante del W13 por Nyck de Vries en la primera actividad en el Paul Ricard. Cumpliendo la determinaci\u00f3n del reglamento, que prev\u00e9 el uso de novatos por parte de todos los equipos en dos sesiones en la temporada.<\/p>\n\n\n\n<p class=\"wp-block-paragraph\">As\u00ed que ser\u00e1 la segunda experiencia de De Vries en un fin de semana de carreras. El a\u00f1o pasado, Nyck reemplaz\u00f3 a Alex Albon en Williams en los FP1 del GP de Espa\u00f1a. El holand\u00e9s tambi\u00e9n actu\u00f3 en las pruebas de debutantes de Abu Dhabi de 2020 y 2021.<\/p>\n\n\n\n<p class=\"wp-block-paragraph\"><strong>\u00a1Conoce el canal de Grande Pr\u00eamio en Espa\u00f1ol en\u00a0<a href=\"https:\/\/www.youtube.com\/channel\/UCDxWojGVUi9gWYhrY0pGbIQ\" target=\"_blank\" rel=\"noreferrer noopener\">YouTube<\/a>!<br>\u00a1Sigue a\u00a0Grande Pr\u00eamio en Espa\u00f1ol\u00a0en\u00a0<a href=\"https:\/\/twitter.com\/grandepremioES\" target=\"_blank\" rel=\"noreferrer noopener\">Twitter\u00a0<\/a>y en\u00a0<a href=\"https:\/\/www.instagram.com\/grandepremioes\/\" target=\"_blank\" rel=\"noreferrer noopener\">Instagram<\/a>!<\/strong><\/p>\n\n\n\n<figure class=\"wp-block-image size-large\"><img decoding=\"async\" src=\"https:\/\/www.grandepremio.com\/br\/wp-content\/uploads\/2022\/05\/De-Vries-5-1024x682.jpg\" alt=\"\" class=\"wp-image-572564\"\/><figcaption>Actualmente, Nyck de Vries corre en la F\u00f3rmula E (Foto: Mercedes)<\/figcaption><\/figure>\n\n\n\n<p class=\"wp-block-paragraph\">&#8220;Nyck reemplazar\u00e1 a Lewis en la primera pr\u00e1ctica de este fin de semana, como parte de las sesiones reservadas para los pilotos j\u00f3venes este a\u00f1o&#8221;, explic\u00f3 el director del equipo Mercedes, Toto Wolff. &#8220;As\u00ed que estamos deseando ver c\u00f3mo le va&#8221;, complet\u00f3.<\/p>\n\n\n\n<p class=\"wp-block-paragraph\">Mercedes ha indicado que fue decisi\u00f3n de Hamilton ceder el asiento en Paul Ricard, mientras que George Russell opt\u00f3 por cederlo m\u00e1s adelante en la temporada.<\/p>\n\n\n\n<p class=\"wp-block-paragraph\">\u201cLewis ha elegido este fin de semana para cumplir con la primera de las dos sesiones de novatos requeridas para todos los equipos esta temporada. George eligi\u00f3 m\u00e1s adelante en el a\u00f1o\u201d, explic\u00f3 el equipo a trav\u00e9s de Twitter.<\/p>\n\n\n\n<figure class=\"wp-block-embed is-type-rich is-provider-twitter wp-block-embed-twitter\"><div class=\"wp-block-embed__wrapper\">\n<blockquote class=\"twitter-tweet\" data-width=\"500\" data-dnt=\"true\"><p lang=\"en\" dir=\"ltr\">This weekend <a href=\"https:\/\/x.com\/nyckdevries?ref_src=twsrc%5Etfw\">@nyckdevries<\/a> will be taking the wheel of W13 for FP1. \ud83d\udc4a<br><br>Lewis has chosen this weekend to fulfil the first of two young driver sessions required by all teams this season. George has selected one later in the year. <a href=\"https:\/\/t.co\/aNimIvCClU\">pic.twitter.com\/aNimIvCClU<\/a><\/p>&mdash; Mercedes-AMG PETRONAS F1 Team (@MercedesAMGF1) <a href=\"https:\/\/x.com\/MercedesAMGF1\/status\/1549688104881094657?ref_src=twsrc%5Etfw\">July 20, 2022<\/a><\/blockquote><script async src=\"https:\/\/platform.x.com\/widgets.js\" charset=\"utf-8\"><\/script>\n<\/div><\/figure>\n\n\n\n<p class=\"wp-block-paragraph\">Quien tambi\u00e9n estar\u00e1 en los FP1 en Paul Ricard es Robert Kubica. El polaco pilotar\u00e1 Alfa Romeo en sustituci\u00f3n de Valtteri Bottas en los primeros entrenamientos del GP de Francia.<\/p>\n","protected":false},"excerpt":{"rendered":"<p>El reserva de Mercedes, Nyck de Vries, se pondr\u00e1 al volante del W13 en Paul Ricard en la primera sesi\u00f3n de libres de este fin de semana.<\/p>\n","protected":false},"author":0,"featured_media":1010075774,"comment_status":"closed","ping_status":"closed","sticky":false,"template":"","format":"standard","meta":{"42wp_featured_image_caption":"","42wp_featured_image_credits":"","42wp_featured_video":"","42wp_featured_image_hidden":false,"42wp_authors_list":[],"footnotes":""},"categories":[5],"tags":[181,1495,179,215,1428,201,199,1779,197,1540,200,1138],"42wp_author":[14233],"class_list":["post-22373","post","type-post","status-publish","format-standard","has-post-thumbnail","hentry","category-f1","tag-f1","tag-f1-2022","tag-formula-1","tag-francia","tag-gp-de-francia","tag-le-castellet","tag-lewis-hamilton","tag-libres-1","tag-mercedes","tag-nyck-de-vries","tag-paul-ricard","tag-piloto-reserva","42wp_author-eric-calduch"],"_links":{"self":[{"href":"https:\/\/grandepremio.com\/es\/wp-json\/wp\/v2\/posts\/22373","targetHints":{"allow":["GET"]}}],"collection":[{"href":"https:\/\/grandepremio.com\/es\/wp-json\/wp\/v2\/posts"}],"about":[{"href":"https:\/\/grandepremio.com\/es\/wp-json\/wp\/v2\/types\/post"}],"replies":[{"embeddable":true,"href":"https:\/\/grandepremio.com\/es\/wp-json\/wp\/v2\/comments?post=22373"}],"version-history":[{"count":0,"href":"https:\/\/grandepremio.com\/es\/wp-json\/wp\/v2\/posts\/22373\/revisions"}],"wp:featuredmedia":[{"embeddable":true,"href":"https:\/\/grandepremio.com\/es\/wp-json\/wp\/v2\/media\/1010075774"}],"wp:attachment":[{"href":"https:\/\/grandepremio.com\/es\/wp-json\/wp\/v2\/media?parent=22373"}],"wp:term":[{"taxonomy":"category","embeddable":true,"href":"https:\/\/grandepremio.com\/es\/wp-json\/wp\/v2\/categories?post=22373"},{"taxonomy":"post_tag","embeddable":true,"href":"https:\/\/grandepremio.com\/es\/wp-json\/wp\/v2\/tags?post=22373"},{"taxonomy":"42wp_author","embeddable":true,"href":"https:\/\/grandepremio.com\/es\/wp-json\/wp\/v2\/42wp_author?post=22373"}],"curies":[{"name":"wp","href":"https:\/\/api.w.org\/{rel}","templated":true}]}}