{"id":22377,"date":"2022-07-19T17:43:16","date_gmt":"2022-07-19T20:43:16","guid":{"rendered":"https:\/\/grandepremio.com\/es\/2022\/07\/19\/policia-italiana-ladrones-charles-leclerc\/"},"modified":"2022-07-19T17:43:19","modified_gmt":"2022-07-19T20:43:19","slug":"policia-italiana-ladrones-charles-leclerc","status":"publish","type":"post","link":"https:\/\/grandepremio.com\/es\/f1\/policia-italiana-ladrones-charles-leclerc\/","title":{"rendered":"Polic\u00eda italiana identifica a ladrones que robaron reloj de Leclerc en abril"},"content":{"rendered":"\n<p class=\"wp-block-paragraph\">La polic\u00eda italiana ha conseguido identificar a los ladrones que robaron un reloj de Charles Leclerc en la ciudad de Viareggio, en la regi\u00f3n de la Toscana (Italia). El crimen ocurri\u00f3 en abril de este a\u00f1o, poco antes del Gran Premio de F\u00f3rmula 1 de Emilia Roma\u00f1a.<\/p>\n\n\n\n<p class=\"wp-block-paragraph\">En ese momento, Leclerc estaba con sus amigos y el entrenador Andrea Ferrari en una zona poco iluminada cuando fue reconocido por los aficionados, que se detuvieron para pedir aut\u00f3grafos y fotos. Entre la multitud, un ladr\u00f3n consigue robar el reloj de pulsera de Charles antes de que se d\u00e9 cuenta.<\/p>\n\n\n\n<p class=\"wp-block-paragraph\"><strong>\u25b6\ufe0f<\/strong> <strong><strong><strong>\u00a1Conoce el canal de Grande Pr\u00eamio en Espa\u00f1ol en\u00a0<a href=\"https:\/\/www.youtube.com\/channel\/UCDxWojGVUi9gWYhrY0pGbIQ\" target=\"_blank\" rel=\"noreferrer noopener\">YouTube<\/a>!<br>\u00a1Sigue a\u00a0Grande Pr\u00eamio en Espa\u00f1ol\u00a0en\u00a0<a href=\"https:\/\/twitter.com\/grandepremioES\" target=\"_blank\" rel=\"noreferrer noopener\">Twitter\u00a0<\/a>y en\u00a0<a href=\"https:\/\/www.instagram.com\/grandepremioes\/\" target=\"_blank\" rel=\"noreferrer noopener\">Instagram<\/a>!<\/strong><\/strong><\/strong><\/p>\n\n\n\n<figure class=\"wp-block-image size-large\"><img decoding=\"async\" src=\"https:\/\/www.grandepremio.com\/br\/wp-content\/uploads\/2022\/04\/FOTO-27-TERCEIRO-PONTO-Ferrari-1024x683.jpg\" alt=\"\" class=\"wp-image-560346\"\/><figcaption>El piloto monegasco dijo que la delincuencia no afect\u00f3 a su rendimiento en \u00cdmola (Foto: Ferrari)<\/figcaption><\/figure>\n\n\n\n<p class=\"wp-block-paragraph\">Inicialmente, los informes de la revista brit\u00e1nica Autosport estimaron el valor del reloj en aproximadamente 319.000 euros. Sin embargo, el peri\u00f3dico italiano Il Mattino afirm\u00f3 que la joya no s\u00f3lo cost\u00f3 2 millones de euros, sino que los bandidos la vendieron por s\u00f3lo el 10% de su valor total.<\/p>\n\n\n\n<p class=\"wp-block-paragraph\">\u00bfLa raz\u00f3n? El reloj, de Richard Mille, era una edici\u00f3n especial -con una dedicatoria hecha personalmente a Leclerc- que termin\u00f3 por restarle inter\u00e9s a la pieza.<\/p>\n\n\n\n<p class=\"wp-block-paragraph\"><strong>VER TAMBI\u00c9N<\/strong><br><strong><a href=\"https:\/\/grandepremio.com\/es\/\/f1\/helmut-marko-carlos-sainz-max-verstappen-toro-rosso\/\">Marko se\u00f1ala que relaci\u00f3n Verstappen-Sainz en Toro Rosso era \u201ct\u00f3xica\u201d<\/a><br><a href=\"https:\/\/grandepremio.com\/es\/\/f1\/ex-agente-schumacher-corinna-jean-todt\/\">Ex agente de Schumacher critica a Corinna y Jean Todt: \u201cSolo escuch\u00e9 mentiras\u201d<\/a><\/strong><\/p>\n\n\n\n<p class=\"wp-block-paragraph\">La publicaci\u00f3n Il Mattino tambi\u00e9n dice que no s\u00f3lo se ha localizado a los delincuentes, sino que ya eran conocidos por la polic\u00eda local. El robo ten\u00eda todo para haber sido &#8220;perfecto&#8221; desde el punto de vista de los ladrones, pero se arruin\u00f3 por la firma serigrafiada del piloto de Ferrari en el reloj.<\/p>\n\n\n\n<p class=\"wp-block-paragraph\">Tras la denuncia del monegasco ante la polic\u00eda local, la investigaci\u00f3n se centr\u00f3 en saber si el robo fue oportunista o planificado de antemano. &#8220;No voy a entrar en demasiados detalles. No fue una buena experiencia, pero s\u00ed, no puedo decir mucho m\u00e1s que eso&#8221;, dijo Leclerc antes del GP de Emilia Roma\u00f1a.<\/p>\n\n\n\n<figure class=\"wp-block-embed is-type-video is-provider-youtube wp-block-embed-youtube wp-embed-aspect-16-9 wp-has-aspect-ratio\"><div class=\"wp-block-embed__wrapper\">\n<iframe loading=\"lazy\" title=\"LA FIA QUEDA OTRA VEZ BAJO LA LUPA POR SU DIRECCI\u00d3N DE CARRERA DE F\u00d3RMULA 1\" width=\"500\" height=\"281\" src=\"https:\/\/www.youtube.com\/embed\/ZYMeHNJI0QM?feature=oembed\" frameborder=\"0\" allow=\"accelerometer; autoplay; clipboard-write; encrypted-media; gyroscope; picture-in-picture; web-share\" referrerpolicy=\"strict-origin-when-cross-origin\" allowfullscreen><\/iframe>\n<\/div><figcaption>La FIA queda otra vez bajo la lupa por su direcci\u00f3n de carrera de F\u00f3rmula 1 | Paddock GP ES #8<br><\/figcaption><\/figure>\n","protected":false},"excerpt":{"rendered":"<p>Al piloto monegasco le robaron en Viareggio, justo antes del GP de Emilia Roma\u00f1a. El reloj, de la marca Richard Mille, est\u00e1 valorado en 2 millones de euros y fue vendido por los bandidos por s\u00f3lo el 10% del valor original.<\/p>\n","protected":false},"author":0,"featured_media":1010075765,"comment_status":"closed","ping_status":"closed","sticky":false,"template":"","format":"standard","meta":{"42wp_featured_image_caption":"","42wp_featured_image_credits":"","42wp_featured_video":"","42wp_featured_image_hidden":false,"42wp_authors_list":[],"footnotes":""},"categories":[5],"tags":[247,181,1495,179,3076,1488,2237,2972,2560],"42wp_author":[14234],"class_list":["post-22377","post","type-post","status-publish","format-standard","has-post-thumbnail","hentry","category-f1","tag-charles-leclerc","tag-f1","tag-f1-2022","tag-formula-1","tag-gp-de-emilia-romana-2","tag-grande-premio","tag-grandepremio","tag-policia","tag-richard-mille","42wp_author-douglas-rocha"],"_links":{"self":[{"href":"https:\/\/grandepremio.com\/es\/wp-json\/wp\/v2\/posts\/22377","targetHints":{"allow":["GET"]}}],"collection":[{"href":"https:\/\/grandepremio.com\/es\/wp-json\/wp\/v2\/posts"}],"about":[{"href":"https:\/\/grandepremio.com\/es\/wp-json\/wp\/v2\/types\/post"}],"replies":[{"embeddable":true,"href":"https:\/\/grandepremio.com\/es\/wp-json\/wp\/v2\/comments?post=22377"}],"version-history":[{"count":0,"href":"https:\/\/grandepremio.com\/es\/wp-json\/wp\/v2\/posts\/22377\/revisions"}],"wp:featuredmedia":[{"embeddable":true,"href":"https:\/\/grandepremio.com\/es\/wp-json\/wp\/v2\/media\/1010075765"}],"wp:attachment":[{"href":"https:\/\/grandepremio.com\/es\/wp-json\/wp\/v2\/media?parent=22377"}],"wp:term":[{"taxonomy":"category","embeddable":true,"href":"https:\/\/grandepremio.com\/es\/wp-json\/wp\/v2\/categories?post=22377"},{"taxonomy":"post_tag","embeddable":true,"href":"https:\/\/grandepremio.com\/es\/wp-json\/wp\/v2\/tags?post=22377"},{"taxonomy":"42wp_author","embeddable":true,"href":"https:\/\/grandepremio.com\/es\/wp-json\/wp\/v2\/42wp_author?post=22377"}],"curies":[{"name":"wp","href":"https:\/\/api.w.org\/{rel}","templated":true}]}}