{"id":22381,"date":"2022-07-19T13:27:41","date_gmt":"2022-07-19T16:27:41","guid":{"rendered":"https:\/\/grandepremio.com\/es\/2022\/07\/19\/fernando-alonso-largo-plazo-alpine-2023\/"},"modified":"2022-07-19T13:27:43","modified_gmt":"2022-07-19T16:27:43","slug":"fernando-alonso-largo-plazo-alpine-2023","status":"publish","type":"post","link":"https:\/\/grandepremio.com\/es\/f1\/fernando-alonso-largo-plazo-alpine-2023\/","title":{"rendered":"Alonso ve trabajo a &#8220;largo plazo&#8221; y pide a Alpine que se centre en 2023 &#8220;lo antes posible&#8221;"},"content":{"rendered":"\n<p class=\"wp-block-paragraph\">La nueva normativa para la temporada 2022 de F\u00f3rmula 1 plante\u00f3 a todos los equipos de la parrilla el mismo reto: tener que preparar los coches pr\u00e1cticamente desde cero. Esto trajo consigo algunos cambios en el orden de poder, y el m\u00e1s sentido fue la ca\u00edda de Mercedes, que pas\u00f3 a ser tercera en el campo. Por otro lado, Alpine crece con cada ronda y lucha con McLaren por el cuarto puesto entre los constructores, pero Fernando Alonso cree que el equipo franc\u00e9s puede ganar a\u00fan m\u00e1s si empieza a centrarse en 2023.<\/p>\n\n\n\n<p class=\"wp-block-paragraph\">El punto de vista del bicampe\u00f3n es sobre la inversi\u00f3n ante el resultado que se quiere obtener. Para Alonso, ver que Mercedes vuelve a ser competitivo hasta el punto de tener un ritmo similar al de Ferrari y Red Bull es incluso natural. Sin embargo, cree que el trabajo en la base de Enstone es ya a medio y largo plazo, por lo que debe centrarse en 2023 si quiere volver a ganar en la F1.<\/p>\n\n\n\n<p class=\"wp-block-paragraph\"><strong><strong><strong>\u00a1Conoce el canal de Grande Pr\u00eamio en Espa\u00f1ol en\u00a0<a href=\"https:\/\/www.youtube.com\/channel\/UCDxWojGVUi9gWYhrY0pGbIQ\" target=\"_blank\" rel=\"noreferrer noopener\">YouTube<\/a>!<br>\u00a1Sigue a\u00a0Grande Pr\u00eamio en Espa\u00f1ol\u00a0en\u00a0<a href=\"https:\/\/twitter.com\/grandepremioES\" target=\"_blank\" rel=\"noreferrer noopener\">Twitter\u00a0<\/a>y en\u00a0<a href=\"https:\/\/www.instagram.com\/grandepremioes\/\" target=\"_blank\" rel=\"noreferrer noopener\">Instagram<\/a>!<\/strong><\/strong><\/strong><\/p>\n\n\n\n<figure class=\"wp-block-image size-large\"><img decoding=\"async\" src=\"https:\/\/www.grandepremio.com\/br\/wp-content\/uploads\/2022\/07\/alpine-fernandoalonso-02-5-1024x683.jpg\" alt=\"\" class=\"wp-image-594373\"\/><figcaption>En estos momentos, Alpine est\u00e1 luchando con McLaren por ser la cuarta fuerza de la parrilla (Foto: Alpine)<\/figcaption><\/figure>\n\n\n\n<p class=\"wp-block-paragraph\">&#8220;No creo que sea tan f\u00e1cil para nosotros. Ellos [Mercedes] tienen una gran organizaci\u00f3n, sab\u00edamos que volver\u00edan tarde o temprano&#8221;, valor\u00f3 Alonso. &#8220;Para nosotros, buscar esa mejora es m\u00e1s bien un programa a medio y largo plazo. As\u00ed que creo que es cuesti\u00f3n de empezar a trabajar en el coche del a\u00f1o que viene lo antes posible para no comprometer el proyecto.&#8221;<\/p>\n\n\n\n<p class=\"wp-block-paragraph\"><strong>VER TAMBI\u00c9N<br><a href=\"https:\/\/grandepremio.com\/es\/\/f1\/jefe-alpine-preferencia-piastri-alonso\/\">Jefe de Alpine muestra preferencia por Piastri: &#8220;No estaba aqu\u00ed cuando contrataron a Alonso&#8221;<br><\/a><a href=\"https:\/\/grandepremio.com\/es\/\/f1\/madrid-respuesta-carrera-f1\/\">Madrid dice que sigue esperando respuesta de la F1 sobre posibilidades de acoger carrera<\/a><\/strong><\/p>\n\n\n\n<p class=\"wp-block-paragraph\">&#8220;Los grandes equipos pueden trabajar en el coche del a\u00f1o que viene y, paralelamente, seguir desarrollando el de este a\u00f1o. Para los dem\u00e1s, eso es un reto&#8221;, a\u00f1adi\u00f3 el veterano, que pas\u00f3 a detallar qu\u00e9 puntos necesitan una mejora inmediata en la A522. &#8220;Las curvas en bajada no son nuestro punto fuerte en este momento&#8221;, se\u00f1al\u00f3.<\/p>\n\n\n\n<p class=\"wp-block-paragraph\">&#8220;Hemos visto en Bak\u00fa, que tiene muchas curvas en baja, coches muy fuertes. AlphaTauri termin\u00f3 quinto [con Pierre Gasly], y Aston Martin tambi\u00e9n fue muy fuerte. As\u00ed que estos equipos pueden revivir de nuevo en algunos tipos de pista&#8221;, analiz\u00f3 Alonso. &#8220;[Necesitamos] un poco de todo. No creo que tengamos un punto d\u00e9bil que resolver, pero hay \u00e1reas que optimizar en todas partes&#8221;, agreg\u00f3.<\/p>\n\n\n\n<figure class=\"wp-block-embed is-type-video is-provider-youtube wp-block-embed-youtube wp-embed-aspect-16-9 wp-has-aspect-ratio\"><div class=\"wp-block-embed__wrapper\">\n<iframe loading=\"lazy\" title=\"LA FIA QUEDA OTRA VEZ BAJO LA LUPA POR SU DIRECCI\u00d3N DE CARRERA DE F\u00d3RMULA 1\" width=\"500\" height=\"281\" src=\"https:\/\/www.youtube.com\/embed\/ZYMeHNJI0QM?feature=oembed\" frameborder=\"0\" allow=\"accelerometer; autoplay; clipboard-write; encrypted-media; gyroscope; picture-in-picture; web-share\" referrerpolicy=\"strict-origin-when-cross-origin\" allowfullscreen><\/iframe>\n<\/div><figcaption>La FIA queda otra vez bajo la lupa por su direcci\u00f3n de carrera de F\u00f3rmula 1 | Paddock GP ES #8<br><\/figcaption><\/figure>\n","protected":false},"excerpt":{"rendered":"<p>Fernando Alonso cree que el trabajo de Alpine es a medio y largo plazo, por lo que si el equipo tiene intenciones de volver a ganar en la F1, debe centrarse en el desarrollo del coche para 2023 desde ya.<\/p>\n","protected":false},"author":0,"featured_media":1010075743,"comment_status":"closed","ping_status":"closed","sticky":false,"template":"","format":"standard","meta":{"42wp_featured_image_caption":"","42wp_featured_image_credits":"","42wp_featured_video":"","42wp_featured_image_hidden":false,"42wp_authors_list":[],"footnotes":""},"categories":[5],"tags":[678,362,181,1495,1676,184,179,1500,278,1562],"42wp_author":[14234],"class_list":["post-22381","post","type-post","status-publish","format-standard","has-post-thumbnail","hentry","category-f1","tag-alpine","tag-esteban-ocon","tag-f1","tag-f1-2022","tag-f1-2023","tag-fernando-alonso","tag-formula-1","tag-laurent-rossi","tag-oscar-piastri","tag-otmar-szafnauer","42wp_author-douglas-rocha"],"_links":{"self":[{"href":"https:\/\/grandepremio.com\/es\/wp-json\/wp\/v2\/posts\/22381","targetHints":{"allow":["GET"]}}],"collection":[{"href":"https:\/\/grandepremio.com\/es\/wp-json\/wp\/v2\/posts"}],"about":[{"href":"https:\/\/grandepremio.com\/es\/wp-json\/wp\/v2\/types\/post"}],"replies":[{"embeddable":true,"href":"https:\/\/grandepremio.com\/es\/wp-json\/wp\/v2\/comments?post=22381"}],"version-history":[{"count":0,"href":"https:\/\/grandepremio.com\/es\/wp-json\/wp\/v2\/posts\/22381\/revisions"}],"wp:featuredmedia":[{"embeddable":true,"href":"https:\/\/grandepremio.com\/es\/wp-json\/wp\/v2\/media\/1010075743"}],"wp:attachment":[{"href":"https:\/\/grandepremio.com\/es\/wp-json\/wp\/v2\/media?parent=22381"}],"wp:term":[{"taxonomy":"category","embeddable":true,"href":"https:\/\/grandepremio.com\/es\/wp-json\/wp\/v2\/categories?post=22381"},{"taxonomy":"post_tag","embeddable":true,"href":"https:\/\/grandepremio.com\/es\/wp-json\/wp\/v2\/tags?post=22381"},{"taxonomy":"42wp_author","embeddable":true,"href":"https:\/\/grandepremio.com\/es\/wp-json\/wp\/v2\/42wp_author?post=22381"}],"curies":[{"name":"wp","href":"https:\/\/api.w.org\/{rel}","templated":true}]}}