{"id":22385,"date":"2022-07-19T09:04:05","date_gmt":"2022-07-19T12:04:05","guid":{"rendered":"https:\/\/grandepremio.com\/es\/2022\/07\/19\/alex-rins-suzuki-lcr-honda-2023-motogp\/"},"modified":"2022-07-19T09:14:13","modified_gmt":"2022-07-19T12:14:13","slug":"alex-rins-suzuki-lcr-honda-2023-motogp","status":"publish","type":"post","link":"https:\/\/grandepremio.com\/es\/motogp\/alex-rins-suzuki-lcr-honda-2023-motogp\/","title":{"rendered":"Rins oficializa llegada a LCR Honda por dos temporadas en el MotoGP"},"content":{"rendered":"\n<p class=\"wp-block-paragraph\"><a href=\"https:\/\/grandepremio.com\/es\/\/motogp\/rins-acuerdo-lcr-para-temporada-2023\/\">Lo que estaba apalabrado, ya se convirti\u00f3 en oficial<\/a>: \u00c1lex Rins defender\u00e1 al LCR Honda a partir de la pr\u00f3xima temporada de MotoGP. El anuncio lo llev\u00f3 a cabo el equipo este martes, y el v\u00ednculo ser\u00e1 v\u00e1lido por dos a\u00f1os.<\/p>\n\n\n\n<p class=\"wp-block-paragraph\">Las primeras se\u00f1ales de un acuerdo las hab\u00eda dado el propio piloto, quien hab\u00eda relevado a finales de junio que su llegada al equipo de Lucio Cecchinello ya estaba &#8220;m\u00e1s o menos hecha&#8221;, y s\u00f3lo depend\u00eda de la \u00faltima firma. Rins, que actualmente corre para Suzuki, se encontr\u00f3 sin una moto para 2023 despu\u00e9s de que la f\u00e1brica japonesa decidiera dejar la categor\u00eda reina al final de la temporada. No obstante, el fichaje de \u00c1lex M\u00e1rquez por Gresini el a\u00f1o que viene abri\u00f3 una de las vacantes en LCR; la otra, por ahora, pertenece a Takaaki Nakagami.<\/p>\n\n\n\n<p class=\"wp-block-paragraph\">&#8220;Estoy muy contento de unirme a LCR Honda. Cambiar de equipo y de moto es un reto, pero estoy preparado para dar el 100% de m\u00ed mismo y poner en pr\u00e1ctica todo lo que he aprendido durante mis a\u00f1os en MotoGP&#8221;, cont\u00f3 Rins. &#8220;La confianza de Lucio y Honda fue crucial en mi decisi\u00f3n de aceptar este reto. Me gustar\u00eda darles las gracias por esta oportunidad&#8221;, sigui\u00f3 el piloto de 26 a\u00f1os.<\/p>\n\n\n\n<p class=\"wp-block-paragraph\"><strong><strong>\u00a1Conoce el canal de Grande Pr\u00eamio en Espa\u00f1ol en&nbsp;<a href=\"https:\/\/www.youtube.com\/channel\/UCDxWojGVUi9gWYhrY0pGbIQ\" target=\"_blank\" rel=\"noreferrer noopener\">YouTube<\/a>!<br>\u00a1Sigue a&nbsp;Grande Pr\u00eamio en Espa\u00f1ol&nbsp;en&nbsp;<a href=\"https:\/\/twitter.com\/grandepremioES\" target=\"_blank\" rel=\"noreferrer noopener\">Twitter&nbsp;<\/a>y en&nbsp;<a href=\"https:\/\/www.instagram.com\/grandepremioes\/\" target=\"_blank\" rel=\"noreferrer noopener\">Instagram<\/a>!<\/strong><\/strong><\/p>\n\n\n\n<figure class=\"wp-block-image size-large\"><img decoding=\"async\" src=\"https:\/\/grandepremio.com\/es\/\/wp-content\/uploads\/2022\/03\/rins-1024x682.jpg\" alt=\"\" class=\"wp-image-53799\"\/><figcaption>Alex Rins tuvo como mejor resultado en 2022 un 3\u00b0 puesto en el GP de Argentina. (Foto: Suzuki)<\/figcaption><\/figure>\n\n\n\n<p class=\"wp-block-paragraph\">Cecchinello tambi\u00e9n celebr\u00f3 el nuevo fichaje y ensalz\u00f3 las cualidades del todav\u00eda representante de Suzuki, especialmente su constancia en los resultados. &#8220;Acabamos de firmar el contrato, las tres partes, y ahora por fin podemos anunciarlo&#8221;.<\/p>\n\n\n\n<p class=\"wp-block-paragraph\">&#8220;Rins es un piloto experimentado, r\u00e1pido y ganador de podios. Esta riqueza de experiencia, junto con su capacidad de dar sugerencias precisas a sus t\u00e9cnicos, nos ayudar\u00e1 sin duda a mejorar nuestro paquete, con el objetivo de luchar por m\u00e1s podios&#8221;, manifest\u00f3 el jefe del equipo.<\/p>\n\n\n\n<p class=\"wp-block-paragraph\">Actualmente octavo en el Campeonato del Mundo de Pilotos, empatado con Joan Mir con 69 puntos, el mejor resultado de Rins de la temporada es el tercer puesto en el GP de Argentina. Tan pronto como Suzuki revel\u00f3 al mundo que abandonar\u00eda el MotoGP, el espa\u00f1ol admiti\u00f3 que la prioridad era defender un equipo de f\u00e1brica, pero que estaba abierto a todas las posibilidades.<\/p>\n\n\n\n<figure class=\"wp-block-image size-full\"><img decoding=\"async\" src=\"https:\/\/grandepremio.com\/es\/\/wp-content\/uploads\/2022\/06\/mgp10joan-mirr6-1024x682-1.jpg\" alt=\"\" class=\"wp-image-73047\"\/><figcaption>Joan Mir, campe\u00f3n 2020 de MotoGP y compa\u00f1ero de Rins en Suzuki, a\u00fan no tiene moto para 2023. (Foto: Suzuki)<\/figcaption><\/figure>\n\n\n\n<p class=\"wp-block-paragraph\">&#8220;Personalmente, me gustar\u00eda estar en un equipo &#8216;oficial&#8217;, no quiero mentir. Si no es un equipo de f\u00e1brica, al menos tiene un contrato directo con la f\u00e1brica. Sin despreciar a los equipos sat\u00e9lites, porque como hemos visto, no es lo mismo un equipo sat\u00e9lite de hace tres a\u00f1os que el de ahora. Pero si tengo que ir a una de estas escuder\u00edas, ir\u00e9 all\u00ed. Mejor eso que quedarse en casa&#8221;, declar\u00f3 en ese entonces el espa\u00f1ol.<\/p>\n\n\n\n<p class=\"wp-block-paragraph\">Con Rins seguro en la parrilla para 2023 y 2024, ahora queda por ver cu\u00e1l ser\u00e1 el destino del otro piloto de Suzuki, Joan Mir. El campe\u00f3n de 2020 a\u00fan no tiene garantizada una plaza en la parrilla para el pr\u00f3ximo a\u00f1o y ya ha declarado que muchos pilotos corren el riesgo de quedarse sin moto para la pr\u00f3xima temporada.<\/p>\n","protected":false},"excerpt":{"rendered":"<p>Alex Rins continuar\u00e1 su trayectoria en MotoGP dentro del LCR Honda en 2023, como resultado al sorpresivo retiro del equipo oficial de Suzuki.<\/p>\n","protected":false},"author":0,"featured_media":1010075721,"comment_status":"closed","ping_status":"closed","sticky":false,"template":"","format":"standard","meta":{"42wp_featured_image_caption":"","42wp_featured_image_credits":"","42wp_featured_video":"","42wp_featured_image_hidden":false,"42wp_authors_list":[],"footnotes":""},"categories":[8],"tags":[1426,1521,2198,1293,1341,2657,1427,1520],"42wp_author":[14223],"class_list":["post-22385","post","type-post","status-publish","format-standard","has-post-thumbnail","hentry","category-motogp","tag-alex-rins-2","tag-joan-mir","tag-lcr-honda","tag-motogp","tag-motogp-2022","tag-motogp-2023","tag-suzuki","tag-takaaki-nakagami","42wp_author-esteban-nieto"],"_links":{"self":[{"href":"https:\/\/grandepremio.com\/es\/wp-json\/wp\/v2\/posts\/22385","targetHints":{"allow":["GET"]}}],"collection":[{"href":"https:\/\/grandepremio.com\/es\/wp-json\/wp\/v2\/posts"}],"about":[{"href":"https:\/\/grandepremio.com\/es\/wp-json\/wp\/v2\/types\/post"}],"replies":[{"embeddable":true,"href":"https:\/\/grandepremio.com\/es\/wp-json\/wp\/v2\/comments?post=22385"}],"version-history":[{"count":0,"href":"https:\/\/grandepremio.com\/es\/wp-json\/wp\/v2\/posts\/22385\/revisions"}],"wp:featuredmedia":[{"embeddable":true,"href":"https:\/\/grandepremio.com\/es\/wp-json\/wp\/v2\/media\/1010075721"}],"wp:attachment":[{"href":"https:\/\/grandepremio.com\/es\/wp-json\/wp\/v2\/media?parent=22385"}],"wp:term":[{"taxonomy":"category","embeddable":true,"href":"https:\/\/grandepremio.com\/es\/wp-json\/wp\/v2\/categories?post=22385"},{"taxonomy":"post_tag","embeddable":true,"href":"https:\/\/grandepremio.com\/es\/wp-json\/wp\/v2\/tags?post=22385"},{"taxonomy":"42wp_author","embeddable":true,"href":"https:\/\/grandepremio.com\/es\/wp-json\/wp\/v2\/42wp_author?post=22385"}],"curies":[{"name":"wp","href":"https:\/\/api.w.org\/{rel}","templated":true}]}}