{"id":22411,"date":"2022-07-16T10:21:00","date_gmt":"2022-07-16T13:21:00","guid":{"rendered":"https:\/\/grandepremio.com\/es\/2022\/07\/16\/ex-empleado-ataques-racistas-homofobicos-aston-martin\/"},"modified":"2022-07-16T13:27:52","modified_gmt":"2022-07-16T16:27:52","slug":"ex-empleado-ataques-racistas-homofobicos-aston-martin","status":"publish","type":"post","link":"https:\/\/grandepremio.com\/es\/f1\/ex-empleado-ataques-racistas-homofobicos-aston-martin\/","title":{"rendered":"Ex empleado revela ataques racistas y homof\u00f3bicos dentro de Aston Martin"},"content":{"rendered":"\n<p class=\"wp-block-paragraph\">D\u00edas despu\u00e9s del esc\u00e1ndalo protagonizado por <a href=\"https:\/\/grandepremio.com\/es\/\/f1\/negrito-culo-piquet-rosberg-hamilton\/\">Nelson Piquet y Lewis Hamilton<\/a>, la F\u00f3rmula 1 vuelve a verse envuelta en un caso de discriminaci\u00f3n. En una entrevista concedida a la cadena de televisi\u00f3n Sky News, un antiguo empleado de un proveedor de Aston Martin ha revelado que sufri\u00f3 discriminaci\u00f3n racial y de orientaci\u00f3n sexual durante el tiempo que trabaj\u00f3 para el equipo de Sebastian Vettel y Lance Stroll.<\/p>\n\n\n\n<p class=\"wp-block-paragraph\">Aidan Louw, de 25 a\u00f1os, fue contratado por un proveedor de Aston Martin como laminador para trabajar en el coche de Vettel el pasado mes de febrero, pero afirma que enseguida se convirti\u00f3 en objeto de apodos racistas por su tono de piel.<\/p>\n\n\n\n<p class=\"wp-block-paragraph\"><strong><strong><strong>\u00a1Conoce el canal de Grande Pr\u00eamio en Espa\u00f1ol en&nbsp;<a href=\"https:\/\/www.youtube.com\/channel\/UCDxWojGVUi9gWYhrY0pGbIQ\" target=\"_blank\" rel=\"noreferrer noopener\">YouTube<\/a>!<br>\u00a1Sigue a&nbsp;Grande Pr\u00eamio en Espa\u00f1ol&nbsp;en&nbsp;<a href=\"https:\/\/twitter.com\/grandepremioES\" target=\"_blank\" rel=\"noreferrer noopener\">Twitter&nbsp;<\/a>y en&nbsp;<a href=\"https:\/\/www.instagram.com\/grandepremioes\/\" target=\"_blank\" rel=\"noreferrer noopener\">Instagram<\/a>!<\/strong><\/strong><\/strong><\/p>\n\n\n\n<figure class=\"wp-block-image size-large\"><img decoding=\"async\" src=\"https:\/\/e3.365dm.com\/22\/07\/2048x1152\/skynews-aidan-louw_5835301.jpg?bypass-service-worker&amp;20220715134709\" alt=\"\"\/><figcaption>Aidan Louw denunci\u00f3 haber sido v\u00edctima de racismo y homofobia dentro de Aston Martin (Foto: Reproducci\u00f3n\/Sky News)<\/figcaption><\/figure>\n\n\n\n<p class=\"wp-block-paragraph\">&#8220;Antes incluso de entrar en mi ambiente de trabajo, me dijeron: &#8216;Mira, si tienes un problema con la forma en que hablamos aqu\u00ed, es s\u00f3lo la forma en que hablamos'&#8221;, dijo Louw a la cadena de televisi\u00f3n Sky News en una entrevista. &#8220;Pas\u00e9 de ser morenito a oscurito. No se refer\u00edan a m\u00ed con Aidy ni nada parecido. Me llamaron &#8216;negrito&#8217; y &#8216;oscurito&#8217;. As\u00ed es como se refer\u00edan a m\u00ed. Fue hacia el final de ese periodo cuando finalmente proces\u00e9 lo que estaba sucediendo&#8221;, sigui\u00f3.<\/p>\n\n\n\n<p class=\"wp-block-paragraph\">&#8220;Entr\u00e9 en un ciclo de turno tras turno, un ciclo de abuso tras abuso, con palabras que iban desde &#8216;negrito&#8217; hasta &#8216;morenito&#8217;. En el momento que me llamaron &#8216;negrito&#8217;, trac\u00e9 una l\u00ednea y dije no&#8221;, relat\u00f3.<\/p>\n\n\n\n<p class=\"wp-block-paragraph\">Con doble nacionalidad, la del Reino Unido y tambi\u00e9n la de Sud\u00e1frica, Aidan afirma que el abuso incluye tambi\u00e9n un insulto del periodo del Apartheid, el r\u00e9gimen de segregaci\u00f3n racial que marc\u00f3 al pa\u00eds sudafricano entre 1948 y 1994 y que promovi\u00f3 una serie de privilegios para la parte blanca de la poblaci\u00f3n y que fue condenado internacionalmente.<\/p>\n\n\n\n<p class=\"wp-block-paragraph\">Sin embargo, los insultos, seg\u00fan Aidan, no se limitaban a la raza. El ex empleado afirma que la homofobia tambi\u00e9n estuvo presente en los ataques.<\/p>\n\n\n\n<p class=\"wp-block-paragraph\">&#8220;Le revel\u00e9 a alguien que tuve un novio en mi juventud y eso fue todo. En cuesti\u00f3n de segundos, todo cambi\u00f3&#8221;, relat\u00f3. &#8220;Apenas descubrieron esa informaci\u00f3n, empezaron a intentar hundirme como hombre, como individuo y como ser humano&#8221;, subray\u00f3.<\/p>\n\n\n\n<p class=\"wp-block-paragraph\">En contacto con la cadena brit\u00e1nica, Aston Martin aleg\u00f3 que el contrato de Aidan se hab\u00eda rescindido por &#8220;bajo rendimiento&#8221; y &#8220;mala gesti\u00f3n del tiempo&#8221; y sin relaci\u00f3n con la discriminaci\u00f3n que sufr\u00eda. Louw admite que el rendimiento y la puntualidad dejaron que desear, pero cree que ambos factores est\u00e1n relacionados con los abusos que sufri\u00f3.<\/p>\n\n\n\n<p class=\"wp-block-paragraph\"><strong>VER TAMBI\u00c9N<br><a href=\"https:\/\/grandepremio.com\/es\/\/f1\/vettel-responsables-acoso-austria-expulsados\/\">Vettel pide que responsables por acoso en Austria sean expulsados para siempre<\/a><br><a href=\"https:\/\/grandepremio.com\/es\/\/f1\/periodistas-futuro-fernando-alonso-sebastian-vettel-123\/\">Periodistas debaten sobre el futuro de Alonso y Vettel en la F\u00f3rmula 1<\/a><br><a href=\"https:\/\/grandepremio.com\/es\/\/f1\/shwartzman-participa-test-ferrari-2021\/\">Con bandera israel\u00ed, Shwartzman participa de test con Ferrari de 2021 en Mugello<\/a><\/strong><\/p>\n\n\n\n<p class=\"wp-block-paragraph\">&#8220;AMR y sus proveedores aplican una pol\u00edtica de tolerancia cero hacia el racismo, la homofobia y todo tipo de discriminaci\u00f3n&#8221;, dijo Aston Martin en un comunicado remitido a la emisora. &#8220;Tratamos todas las denuncias de este comportamiento inaceptable de manera muy seria, incluso mediante una investigaci\u00f3n de dichas denuncias y con sanciones para las personas que no cumplen nuestras normas&#8221;, continu\u00f3.<\/p>\n\n\n\n<p class=\"wp-block-paragraph\">&#8220;En este caso, el denunciante estaba debidamente acreditado. Actuamos inmediatamente ante sus quejas y tomamos las medidas oportunas de acuerdo con nuestra pol\u00edtica de tolerancia cero. Estamos discutiendo con \u00e9l&#8221;, cerr\u00f3.<\/p>\n\n\n\n<p class=\"wp-block-paragraph\">La cadena brit\u00e1nica dice que cree que los implicados en los ataques racistas y hom\u00f3fobos ya no forman parte del personal de Aston Martin.<\/p>\n\n\n\n<p class=\"wp-block-paragraph\">En las \u00faltimas semanas, el tema de la discriminaci\u00f3n racial ha estado en el punto de mira del mundo del motor. Adem\u00e1s del caso que involucra a Piquet, a finales del mes pasado <a href=\"https:\/\/grandepremio.com\/es\/\/f2\/red-bull-vips-formula-2\/\">Red Bull rescindi\u00f3 el contrato de J\u00fcri Vips como piloto de pruebas de F\u00f3rmula 1<\/a> por comentarios racistas y hom\u00f3fobos durante una transmisi\u00f3n en Twitch. No obstante, el neozeland\u00e9s conserv\u00f3 su puesto en el programa de j\u00f3venes pilotos del equipo austr\u00edaco y <a href=\"https:\/\/grandepremio.com\/es\/\/f2\/hitech-juri-vips-red-bull-formula-2\/\">su asiento en Hitech en F\u00f3rmula 2<\/a>. La semana pasada, el tema tambi\u00e9n volvi\u00f3 a la agenda por <a href=\"https:\/\/grandepremio.com\/es\/\/f1\/f1-acoso-fans-austria-formula-1\/\">la agresi\u00f3n a los espectadores en las gradas del Red Bull Ring<\/a> durante el Gran Premio de Austria.<\/p>\n","protected":false},"excerpt":{"rendered":"<p>En una entrevista con la cadena de televisi\u00f3n Sky News, Aidan Louw dijo que fue tratado con apodos racistas y hom\u00f3fobos por sus compa\u00f1eros de trabajo despu\u00e9s de ser contratado el pasado mes de febrero para actuar como laminador por un proveedor del equipo mientras trabajaba en el coche de Sebastian Vettel.<\/p>\n","protected":false},"author":0,"featured_media":1010075617,"comment_status":"closed","ping_status":"closed","sticky":false,"template":"","format":"standard","meta":{"42wp_featured_image_caption":"","42wp_featured_image_credits":"","42wp_featured_video":"","42wp_featured_image_hidden":false,"42wp_authors_list":[],"footnotes":""},"categories":[5],"tags":[3049,209,181,1495,179,1488,2237,2966,1790,208],"42wp_author":[14234],"class_list":["post-22411","post","type-post","status-publish","format-standard","has-post-thumbnail","hentry","category-f1","tag-aidan-louw","tag-aston-martin","tag-f1","tag-f1-2022","tag-formula-1","tag-grande-premio","tag-grandepremio","tag-homofobia","tag-racismo","tag-sebastian-vettel","42wp_author-douglas-rocha"],"_links":{"self":[{"href":"https:\/\/grandepremio.com\/es\/wp-json\/wp\/v2\/posts\/22411","targetHints":{"allow":["GET"]}}],"collection":[{"href":"https:\/\/grandepremio.com\/es\/wp-json\/wp\/v2\/posts"}],"about":[{"href":"https:\/\/grandepremio.com\/es\/wp-json\/wp\/v2\/types\/post"}],"replies":[{"embeddable":true,"href":"https:\/\/grandepremio.com\/es\/wp-json\/wp\/v2\/comments?post=22411"}],"version-history":[{"count":0,"href":"https:\/\/grandepremio.com\/es\/wp-json\/wp\/v2\/posts\/22411\/revisions"}],"wp:featuredmedia":[{"embeddable":true,"href":"https:\/\/grandepremio.com\/es\/wp-json\/wp\/v2\/media\/1010075617"}],"wp:attachment":[{"href":"https:\/\/grandepremio.com\/es\/wp-json\/wp\/v2\/media?parent=22411"}],"wp:term":[{"taxonomy":"category","embeddable":true,"href":"https:\/\/grandepremio.com\/es\/wp-json\/wp\/v2\/categories?post=22411"},{"taxonomy":"post_tag","embeddable":true,"href":"https:\/\/grandepremio.com\/es\/wp-json\/wp\/v2\/tags?post=22411"},{"taxonomy":"42wp_author","embeddable":true,"href":"https:\/\/grandepremio.com\/es\/wp-json\/wp\/v2\/42wp_author?post=22411"}],"curies":[{"name":"wp","href":"https:\/\/api.w.org\/{rel}","templated":true}]}}