{"id":22422,"date":"2022-07-14T16:26:16","date_gmt":"2022-07-14T19:26:16","guid":{"rendered":"https:\/\/grandepremio.com\/es\/2022\/07\/14\/gerard-berger-director-carreras-f1-caos-dtm\/"},"modified":"2022-07-14T16:31:12","modified_gmt":"2022-07-14T19:31:12","slug":"gerard-berger-director-carreras-f1-caos-dtm","status":"publish","type":"post","link":"https:\/\/grandepremio.com\/es\/f1\/gerard-berger-director-carreras-f1-caos-dtm\/","title":{"rendered":"Berger dice que conoce &#8220;debilidades&#8221; de director de la F1 por caos en el DTM"},"content":{"rendered":"\n<p class=\"wp-block-paragraph\">La direcci\u00f3n de carrera de la F\u00f3rmula 1 ha estado muy cuestionada por los pilotos, hasta el punto de que la \u00faltima reuni\u00f3n mantenida entre \u00e9stos y Niels Wittich -encargado de la carrera de Austria- estuvo marcada por la salida de Sebastian Vettel antes del final. Gerard Berger lleg\u00f3 a decir que las recientes discusiones en torno a las decisiones sobre la pista son comprensibles.<\/p>\n\n\n\n<p class=\"wp-block-paragraph\">El GP de Austria, en particular, gener\u00f3 mucha controversia. El principal problema fue la estricta aplicaci\u00f3n de los l\u00edmites de la pista por parte de la direcci\u00f3n de carrera. Se contabilizaron nada menos que 43 infracciones de este tipo a lo largo de las 71 vueltas. <a href=\"https:\/\/grandepremio.com\/es\/\/f1\/max-verstappen-ferrari-austria-formula-1\/\">Max Verstappen lleg\u00f3 a decir que los castigos eran &#8220;una broma&#8221;<\/a>, y George Russell critic\u00f3 el relevo que la FIA (Federaci\u00f3n Internacional del Autom\u00f3vil) ha hecho entre Wittich y Eduardo Freitas en 2022.<\/p>\n\n\n\n<p class=\"wp-block-paragraph\"><strong><strong><strong>\u00a1Conoce el canal de Grande Pr\u00eamio en Espa\u00f1ol en\u00a0<a href=\"https:\/\/www.youtube.com\/channel\/UCDxWojGVUi9gWYhrY0pGbIQ\" target=\"_blank\" rel=\"noreferrer noopener\">YouTube<\/a>!<br>\u00a1Sigue a\u00a0Grande Pr\u00eamio en Espa\u00f1ol\u00a0en\u00a0<a href=\"https:\/\/twitter.com\/grandepremioES\" target=\"_blank\" rel=\"noreferrer noopener\">Twitter\u00a0<\/a>y en\u00a0<a href=\"https:\/\/www.instagram.com\/grandepremioes\/\" target=\"_blank\" rel=\"noreferrer noopener\">Instagram<\/a>!<\/strong><\/strong><\/strong><\/p>\n\n\n\n<figure class=\"wp-block-image size-large\"><img decoding=\"async\" src=\"https:\/\/www.grandepremio.com\/br\/wp-content\/uploads\/2022\/07\/redbull-maxverstappen-05-1024x683.jpg\" alt=\"\" class=\"wp-image-594811\"\/><figcaption>Los pilotos de F1 han cuestionado mucho las decisiones en pista (Foto: Red Bull Content Pool)<\/figcaption><\/figure>\n\n\n\n<p class=\"wp-block-paragraph\">&#8220;No me sorprenden las discusiones que se est\u00e1n produciendo ahora en la F\u00f3rmula 1&#8221;, se\u00f1al\u00f3 el ex piloto. A continuaci\u00f3n, Berger se refiri\u00f3 espec\u00edficamente al antiguo director de carrera del DTM. &#8220;Dig\u00e1moslo as\u00ed: conozco los puntos fuertes de Niels, pero tambi\u00e9n sus puntos d\u00e9biles&#8221;, subray\u00f3.<\/p>\n\n\n\n<p class=\"wp-block-paragraph\">El nombramiento de Wittich para la F\u00f3rmula 1 se produjo justo despu\u00e9s de la pol\u00e9mica decisi\u00f3n de la clase alemana de turismo en 2021. Si la FIA no acert\u00f3 con su reglamento en Abu Dhabi e influy\u00f3 en el t\u00edtulo de Max Verstappen, lo que ocurri\u00f3 en el DTM fue absurdo.<\/p>\n\n\n\n<p class=\"wp-block-paragraph\">En la salida de la carrera 2 de la \u00faltima etapa del campeonato del a\u00f1o pasado, Kelvin van der Linde lanz\u00f3 deliberadamente su coche contra Liam Lawson, con quien luchaba por el t\u00edtulo. El neozeland\u00e9s sufri\u00f3 problemas de suspensi\u00f3n y realiz\u00f3 numerosas paradas en boxes a lo largo de la carrera, terminando a 20 vueltas del ganador.<\/p>\n\n\n\n<p class=\"wp-block-paragraph\"><strong>VER TAMBI\u00c9N<br><a href=\"https:\/\/grandepremio.com\/es\/\/turismo\/thomas-preining-porsche-vitoria-dtm\/\">Preining sobrevive al caos en Norisring y lleva a Porsche a primera victoria del a\u00f1o en el DTM<br><\/a><a href=\"https:\/\/grandepremio.com\/es\/\/f1\/masi-honrado-fia-apoyo-director-carrera\/\">Masi dice estar \u201chonrado\u201d y agradece a la FIA el apoyo recibido como director de carrera<br><\/a><a href=\"https:\/\/grandepremio.com\/es\/\/f1\/tv-belga-autista-stroll-austria\/\">TV belga suspende a comentarista que llam\u00f3 \u201cautista\u201d a Stroll en Austria<\/a><\/strong><\/p>\n\n\n\n<p class=\"wp-block-paragraph\">No satisfecho, Kelvin decidi\u00f3 apuntar al otro aspirante al t\u00edtulo. Maximilian G\u00f6tz llegaba al fin de semana con pocas posibilidades, pero que vio c\u00f3mo el campeonato le ca\u00eda encima despu\u00e9s de que Kelvin forzara un toque y acabara haciendo un trompo, con un neum\u00e1tico pinchado. Con claras posibilidades por el abandono de los postulantes, G\u00f6tz a\u00fan cont\u00f3 con las \u00f3rdenes de equipo de Mercedes para salir con la victoria y el campeonato.<\/p>\n\n\n\n<p class=\"wp-block-paragraph\">Wittich era el director de la carrera, pero las maniobras de los pilotos en la pista no fueron sancionadas de ninguna manera. En su momento, la categor\u00eda recibi\u00f3 muchas cr\u00edticas, incluso del propio Berger. El ex piloto dijo que, como aficionado al automovilismo, &#8220;no pod\u00eda soportar ver cambios de posici\u00f3n artificiales&#8221;. &#8220;Tanto las \u00f3rdenes de equipo de Mercedes como la maniobra de Kelvin van der Linde han perjudicado al DTM&#8221;, critic\u00f3.<\/p>\n","protected":false},"excerpt":{"rendered":"<p>Gerard Berger dijo que no le sorprenden las constantes discusiones en la F\u00f3rmula 1 sobre la direcci\u00f3n de la carrera este a\u00f1o, especialmente cuando Niels Wittich est\u00e1 al mando.<\/p>\n","protected":false},"author":0,"featured_media":1010075563,"comment_status":"closed","ping_status":"closed","sticky":false,"template":"","format":"standard","meta":{"42wp_featured_image_caption":"","42wp_featured_image_credits":"","42wp_featured_video":"","42wp_featured_image_hidden":false,"42wp_authors_list":[],"footnotes":""},"categories":[5],"tags":[773,181,1495,2537,263,179,3044,329,1488,2237,2231,243,208,2421],"42wp_author":[14234],"class_list":["post-22422","post","type-post","status-publish","format-standard","has-post-thumbnail","hentry","category-f1","tag-dtm","tag-f1","tag-f1-2022","tag-federacion-internacional-del-automovil","tag-fia","tag-formula-1","tag-gerard-berger","tag-gp-de-austria","tag-grande-premio","tag-grandepremio","tag-niels-wittich","tag-red-bull-ring","tag-sebastian-vettel","tag-spielberg","42wp_author-douglas-rocha"],"_links":{"self":[{"href":"https:\/\/grandepremio.com\/es\/wp-json\/wp\/v2\/posts\/22422","targetHints":{"allow":["GET"]}}],"collection":[{"href":"https:\/\/grandepremio.com\/es\/wp-json\/wp\/v2\/posts"}],"about":[{"href":"https:\/\/grandepremio.com\/es\/wp-json\/wp\/v2\/types\/post"}],"replies":[{"embeddable":true,"href":"https:\/\/grandepremio.com\/es\/wp-json\/wp\/v2\/comments?post=22422"}],"version-history":[{"count":0,"href":"https:\/\/grandepremio.com\/es\/wp-json\/wp\/v2\/posts\/22422\/revisions"}],"wp:featuredmedia":[{"embeddable":true,"href":"https:\/\/grandepremio.com\/es\/wp-json\/wp\/v2\/media\/1010075563"}],"wp:attachment":[{"href":"https:\/\/grandepremio.com\/es\/wp-json\/wp\/v2\/media?parent=22422"}],"wp:term":[{"taxonomy":"category","embeddable":true,"href":"https:\/\/grandepremio.com\/es\/wp-json\/wp\/v2\/categories?post=22422"},{"taxonomy":"post_tag","embeddable":true,"href":"https:\/\/grandepremio.com\/es\/wp-json\/wp\/v2\/tags?post=22422"},{"taxonomy":"42wp_author","embeddable":true,"href":"https:\/\/grandepremio.com\/es\/wp-json\/wp\/v2\/42wp_author?post=22422"}],"curies":[{"name":"wp","href":"https:\/\/api.w.org\/{rel}","templated":true}]}}