{"id":22424,"date":"2022-07-14T12:25:36","date_gmt":"2022-07-14T15:25:36","guid":{"rendered":"https:\/\/grandepremio.com\/es\/2022\/07\/14\/alphatauri-permanencia-tsunoda\/"},"modified":"2022-07-14T12:25:38","modified_gmt":"2022-07-14T15:25:38","slug":"alphatauri-permanencia-tsunoda","status":"publish","type":"post","link":"https:\/\/grandepremio.com\/es\/f1\/alphatauri-permanencia-tsunoda\/","title":{"rendered":"AlphaTauri presiona y dice que permanencia de Tsunoda &#8220;solo depende de \u00e9l&#8221;"},"content":{"rendered":"\n<p class=\"wp-block-paragraph\">El futuro de Yuki Tsunoda en AlphaTauri se ha vuelto muy especulado, especialmente despu\u00e9s de las recientes declaraciones del consultor de Red Bull, Helmut Marko, llam\u00e1ndolo un &#8220;hijo problem\u00e1tico&#8221;. Y Franz Tost lleg\u00f3 a declarar que la permanencia del japon\u00e9s en Faenza depende s\u00f3lo de s\u00ed mismo.<\/p>\n\n\n\n<p class=\"wp-block-paragraph\">Tsunoda recibi\u00f3 muchas cr\u00edticas principalmente por su comportamiento con los ingenieros por radio durante las carreras, con gritos e insultos. Tanto es as\u00ed que Marko revel\u00f3 que el equipo decidi\u00f3 contratar a un psic\u00f3logo para acompa\u00f1ar al joven.<\/p>\n\n\n\n<p class=\"wp-block-paragraph\"><strong>\u00a1Conoce el canal de Grande Pr\u00eamio en Espa\u00f1ol en\u00a0<a href=\"https:\/\/www.youtube.com\/channel\/UCDxWojGVUi9gWYhrY0pGbIQ\" target=\"_blank\" rel=\"noreferrer noopener\">YouTube<\/a>!<br>\u00a1Sigue a\u00a0Grande Pr\u00eamio en Espa\u00f1ol\u00a0en\u00a0<a href=\"https:\/\/twitter.com\/grandepremioES\" target=\"_blank\" rel=\"noreferrer noopener\">Twitter\u00a0<\/a>y en\u00a0<a href=\"https:\/\/www.instagram.com\/grandepremioes\/\" target=\"_blank\" rel=\"noreferrer noopener\">Instagram<\/a>!<\/strong><\/p>\n\n\n\n<figure class=\"wp-block-image size-large\"><img decoding=\"async\" src=\"https:\/\/www.grandepremio.com\/br\/wp-content\/uploads\/2022\/07\/alphatauri-yukitsunoda-02-3-1024x683.jpg\" alt=\"\" class=\"wp-image-592746\"\/><figcaption>Yuki Tsunoda causou acidente com Gasly e acabou prejudicando Verstappen (Foto: Red Bull Content Pool)<\/figcaption><\/figure>\n\n\n\n<p class=\"wp-block-paragraph\">El incidente en el <a href=\"https:\/\/grandepremio.com\/es\/\/categoria\/f1\/\" target=\"_blank\" rel=\"noreferrer noopener\">GP de Gran Breta\u00f1a<\/a>, en el que el japon\u00e9s golpe\u00f3 a su compa\u00f1ero de equipo, Pierre Gasly, comprometiendo la carrera de ambos, tambi\u00e9n fue motivo de un bonito tir\u00f3n de orejas de AlphaTauri. Luego se le pregunt\u00f3 a Tost sobre el futuro de Tsunoda y dijo que el joven de 22 a\u00f1os tiene 11 carreras m\u00e1s para mostrar lo mejor de s\u00ed mismo.<\/p>\n\n\n\n<p class=\"wp-block-paragraph\">&#8220;Si sigue haciendo lo que ha estado haciendo esta temporada, aparte de eso, creo que tiene buenas posibilidades de quedarse con nosotros&#8221;, dijo el austriaco. \u201cSolo depende de \u00e9l. Si muestra un buen rendimiento, se queda; si no muestra un buen desempe\u00f1o, se ir\u00e1. Es muy sencillo\u201d, se\u00f1al\u00f3.<\/p>\n\n\n\n<p class=\"wp-block-paragraph\">\u201cPodemos ver que el gradiente de su curva de aprendizaje est\u00e1 subiendo. Ha hecho un buen trabajo, pero necesita controlarse en determinadas situaciones, ser m\u00e1s disciplinado. Ya veremos en la segunda mitad de la temporada\u201d, prosigui\u00f3 el directivo.<\/p>\n\n\n\n<p class=\"wp-block-paragraph\">Sobre el movimiento en Silverstone, Tost dijo que llam\u00f3 a Yuki para hablar y enfatiz\u00f3 que era el tipo de movimiento &#8220;absolutamente prohibido&#8221; y que necesitaba ser &#8220;m\u00e1s disciplinado y paciente&#8221;. \u201cCometi\u00f3 un error, lo sabe y va a trabajar en ello. Yuki todav\u00eda est\u00e1 en proceso de desarrollo\u201d, agreg\u00f3 el austriaco, quien tambi\u00e9n dijo que considera que el japon\u00e9s es un piloto r\u00e1pido, pero que se precipit\u00f3 en la disputa contra Gasly.<\/p>\n\n\n\n<p class=\"wp-block-paragraph\">&#8220;No fue la primera colisi\u00f3n entre compa\u00f1eros de equipo y no ser\u00e1 la \u00faltima, con suerte no con nosotros, pero podr\u00eda haberse evitado de alguna manera&#8221;, dijo.<\/p>\n\n\n\n<p class=\"wp-block-paragraph\">Finalmente, Tost habl\u00f3 sobre las declaraciones de Marko sobre el &#8220;hijo problem\u00e1tico&#8221; Tsunoda, diciendo que, en cierto modo, esto es algo positivo. \u201cMe gustan los ni\u00f1os con problemas porque son realmente buenos y se puede hacer algo con ellos. No me gustan los ni\u00f1os santos\u201d, concluy\u00f3.<\/p>\n","protected":false},"excerpt":{"rendered":"<p>Franz Tost, jefe de AlphaTauri, dijo que a Yuki Tsunoda le falta m\u00e1s &#8220;paciencia y disciplina&#8221;, pero a\u00fan lo ve en proceso de desarrollo en F1.<\/p>\n","protected":false},"author":0,"featured_media":1010075551,"comment_status":"closed","ping_status":"closed","sticky":false,"template":"","format":"standard","meta":{"42wp_featured_image_caption":"","42wp_featured_image_credits":"","42wp_featured_video":"","42wp_featured_image_hidden":false,"42wp_authors_list":[],"footnotes":""},"categories":[5],"tags":[508,205,181,1495,179,1425,329,243,2143,368],"42wp_author":[14233],"class_list":["post-22424","post","type-post","status-publish","format-standard","has-post-thumbnail","hentry","category-f1","tag-alphatauri","tag-austria","tag-f1","tag-f1-2022","tag-formula-1","tag-franz-tost","tag-gp-de-austria","tag-red-bull-ring","tag-renovacion","tag-yuki-tsunoda","42wp_author-eric-calduch"],"_links":{"self":[{"href":"https:\/\/grandepremio.com\/es\/wp-json\/wp\/v2\/posts\/22424","targetHints":{"allow":["GET"]}}],"collection":[{"href":"https:\/\/grandepremio.com\/es\/wp-json\/wp\/v2\/posts"}],"about":[{"href":"https:\/\/grandepremio.com\/es\/wp-json\/wp\/v2\/types\/post"}],"replies":[{"embeddable":true,"href":"https:\/\/grandepremio.com\/es\/wp-json\/wp\/v2\/comments?post=22424"}],"version-history":[{"count":0,"href":"https:\/\/grandepremio.com\/es\/wp-json\/wp\/v2\/posts\/22424\/revisions"}],"wp:featuredmedia":[{"embeddable":true,"href":"https:\/\/grandepremio.com\/es\/wp-json\/wp\/v2\/media\/1010075551"}],"wp:attachment":[{"href":"https:\/\/grandepremio.com\/es\/wp-json\/wp\/v2\/media?parent=22424"}],"wp:term":[{"taxonomy":"category","embeddable":true,"href":"https:\/\/grandepremio.com\/es\/wp-json\/wp\/v2\/categories?post=22424"},{"taxonomy":"post_tag","embeddable":true,"href":"https:\/\/grandepremio.com\/es\/wp-json\/wp\/v2\/tags?post=22424"},{"taxonomy":"42wp_author","embeddable":true,"href":"https:\/\/grandepremio.com\/es\/wp-json\/wp\/v2\/42wp_author?post=22424"}],"curies":[{"name":"wp","href":"https:\/\/api.w.org\/{rel}","templated":true}]}}