{"id":22444,"date":"2022-07-12T16:44:54","date_gmt":"2022-07-12T19:44:54","guid":{"rendered":"https:\/\/grandepremio.com\/es\/2022\/07\/12\/esteban-ocon-fortaleza-alpine-actualizacion\/"},"modified":"2022-07-12T16:44:56","modified_gmt":"2022-07-12T19:44:56","slug":"esteban-ocon-fortaleza-alpine-actualizacion","status":"publish","type":"post","link":"https:\/\/grandepremio.com\/es\/f1\/esteban-ocon-fortaleza-alpine-actualizacion\/","title":{"rendered":"Ocon destaca fortaleza de Alpine tras actualizaci\u00f3n: &#8220;Marc\u00f3 una buena diferencia&#8221;"},"content":{"rendered":"\n<p class=\"wp-block-paragraph\">La atenci\u00f3n en el GP de Austria estuvo, por supuesto, casi toda centrada en la batalla por el primer puesto entre Charles Leclerc y Max Verstappen, que se enfrentaron al menos tres veces en pista, con ventaja para el piloto de Ferrari. Sin embargo, Esteban Ocon utiliz\u00f3 calmadamente una estrategia a dos paradas para lograr un gran resultado en la quinta posici\u00f3n. Despu\u00e9s de la carrera, el franc\u00e9s no pod\u00eda ver c\u00f3mo Alpine podr\u00eda haber logrado un mejor resultado.<\/p>\n\n\n\n<p class=\"wp-block-paragraph\">&#8220;Ha sido un fin de semana perfecto en cuanto a rendimiento y optimizaci\u00f3n del resultado&#8221;, dijo Ocon tras la prueba. &#8220;No es una victoria, pero se siente como tal porque no hab\u00eda nada mejor que pudi\u00e9ramos hacer en la clasificaci\u00f3n, en el sprint y en la carrera&#8221;, subray\u00f3 el piloto franc\u00e9s.<\/p>\n\n\n\n<p class=\"wp-block-paragraph\">&#8220;Ten\u00eda alguna esperanza de poder mantener a George [Russell] detr\u00e1s, pero despu\u00e9s de la resalida por el coche de seguridad virtual era demasiado r\u00e1pido, no hab\u00eda posibilidad de mantenerlo bajo control y detr\u00e1s&#8221;, coment\u00f3. &#8220;[Conseguimos] 13 puntos [en realidad fueron 14], y obviamente estamos empatados con McLaren en el Mundial de Constructores&#8221;, continu\u00f3.<\/p>\n\n\n\n<p class=\"wp-block-paragraph\"><strong>\u00a1Conoce el canal de Grande Pr\u00eamio en Espa\u00f1ol en\u00a0<a href=\"https:\/\/www.youtube.com\/channel\/UCDxWojGVUi9gWYhrY0pGbIQ\" target=\"_blank\" rel=\"noreferrer noopener\">YouTube<\/a>!<br>\u00a1Sigue a\u00a0Grande Pr\u00eamio en Espa\u00f1ol\u00a0en\u00a0<a href=\"https:\/\/twitter.com\/grandepremioES\" target=\"_blank\" rel=\"noreferrer noopener\">Twitter\u00a0<\/a>y en\u00a0<a href=\"https:\/\/www.instagram.com\/grandepremioes\/\" target=\"_blank\" rel=\"noreferrer noopener\">Instagram<\/a>!<\/strong><\/p>\n\n\n\n<figure class=\"wp-block-image size-large\"><img decoding=\"async\" src=\"https:\/\/www.grandepremio.com\/br\/wp-content\/uploads\/2022\/07\/alpine-estebanocon-01-8-1024x683.jpg\" alt=\"\" class=\"wp-image-594772\"\/><figcaption>Esteban Ocon se fue de Austria satisfecho con el quinto puesto (Foto: Alpine)<\/figcaption><\/figure>\n\n\n\n<p class=\"wp-block-paragraph\">El compa\u00f1ero de Fernando Alonso -que fue d\u00e9cimo, sumando un punto- destac\u00f3 la importancia de las actualizaciones que Alpine introdujo en el coche en la \u00faltima carrera, el GP de Gran Breta\u00f1a, como la principal raz\u00f3n del salto de rendimiento. Para que se haga una idea, el quinto puesto en el Red Bull Ring fue el mejor resultado de Ocon en lo que va de temporada 2022.<\/p>\n\n\n\n<p class=\"wp-block-paragraph\">&#8220;Es muy positivo&#8221;, subray\u00f3 Ocon. &#8220;Estoy muy contento de ver que la [actualizaci\u00f3n] que trajimos a Silverstone ha supuesto una buena diferencia; ahora podemos verlo realmente. Esperemos que los pr\u00f3ximos sean as\u00ed de grandes&#8221;, se\u00f1al\u00f3.<\/p>\n\n\n\n<p class=\"wp-block-paragraph\"><strong>VER TAMBI\u00c9N:<br><a href=\"https:\/\/grandepremio.com\/es\/\/f1\/pierre-gasly-actualizaciones-alphatauri-formula-1\/\">Gasly pide \u201cdesesperadamente\u201d desarrollos en AlphaTauri: \u201cUn desastre\u201d<br><\/a><a href=\"https:\/\/grandepremio.com\/es\/\/f1\/schumacher-buen-momento-presion-haas\/\">Schumacher atribuye buen momento en F1 a la presi\u00f3n de Haas: &#8220;Encendi\u00f3 llamas en m\u00ed&#8221;<\/a><\/strong><\/p>\n\n\n\n<p class=\"wp-block-paragraph\">Por \u00faltimo, Esteban espera que Alpine siga actualizando el coche en las pr\u00f3ximas carreras para poder plantar cara a Mercedes. Las Flechas de Plata a\u00fan presentan un ritmo superior y corren solas como la tercera fuerza del campeonato en este momento.<\/p>\n\n\n\n<p class=\"wp-block-paragraph\">&#8220;Todav\u00eda tenemos que trabajar para poder competir con Mercedes, porque siguen siendo muy r\u00e1pidos&#8221;, opin\u00f3 el franc\u00e9s. &#8220;As\u00ed que, si el equipo puede traer m\u00e1s cosas as\u00ed, lo conseguiremos. Voy a Francia con confianza y el equipo tambi\u00e9n va con confianza, no hay duda de que actuaremos all\u00ed&#8221;, finaliz\u00f3.<\/p>\n\n\n\n<figure class=\"wp-block-embed is-type-video is-provider-youtube wp-block-embed-youtube wp-embed-aspect-16-9 wp-has-aspect-ratio\"><div class=\"wp-block-embed__wrapper\">\n<iframe loading=\"lazy\" title=\"LECLERC GANA EN LA &amp;apos;CASA&amp;apos; DE VERSTAPPEN: TODO SOBRE F\u00d3RMULA 1 | PADDOCK GP ES #7\" width=\"500\" height=\"281\" src=\"https:\/\/www.youtube.com\/embed\/QOZtspJKIb0?feature=oembed\" frameborder=\"0\" allow=\"accelerometer; autoplay; clipboard-write; encrypted-media; gyroscope; picture-in-picture; web-share\" referrerpolicy=\"strict-origin-when-cross-origin\" allowfullscreen><\/iframe>\n<\/div><figcaption>Periodistas comentan el reinicio de Charles Leclerc en la F1 2022 tras su sorprendente victoria en Austria | PADDOCK GP ES #7<\/figcaption><\/figure>\n","protected":false},"excerpt":{"rendered":"<p>Esteban Ocon destac\u00f3 la importancia del quinto puesto en el GP de Austria para la lucha por el campeonato y dijo que las nuevas actualizaciones hab\u00edan marcado una gran diferencia en el coche del equipo en Spielberg.<\/p>\n","protected":false},"author":0,"featured_media":1010075389,"comment_status":"closed","ping_status":"closed","sticky":false,"template":"","format":"standard","meta":{"42wp_featured_image_caption":"","42wp_featured_image_credits":"","42wp_featured_video":"","42wp_featured_image_hidden":false,"42wp_authors_list":[],"footnotes":""},"categories":[5],"tags":[678,362,181,1495,184,179,329,507,1488,2237,243,480,2421],"42wp_author":[14234],"class_list":["post-22444","post","type-post","status-publish","format-standard","has-post-thumbnail","hentry","category-f1","tag-alpine","tag-esteban-ocon","tag-f1","tag-f1-2022","tag-fernando-alonso","tag-formula-1","tag-gp-de-austria","tag-gp-de-gran-bretana","tag-grande-premio","tag-grandepremio","tag-red-bull-ring","tag-silverstone","tag-spielberg","42wp_author-douglas-rocha"],"_links":{"self":[{"href":"https:\/\/grandepremio.com\/es\/wp-json\/wp\/v2\/posts\/22444","targetHints":{"allow":["GET"]}}],"collection":[{"href":"https:\/\/grandepremio.com\/es\/wp-json\/wp\/v2\/posts"}],"about":[{"href":"https:\/\/grandepremio.com\/es\/wp-json\/wp\/v2\/types\/post"}],"replies":[{"embeddable":true,"href":"https:\/\/grandepremio.com\/es\/wp-json\/wp\/v2\/comments?post=22444"}],"version-history":[{"count":0,"href":"https:\/\/grandepremio.com\/es\/wp-json\/wp\/v2\/posts\/22444\/revisions"}],"wp:featuredmedia":[{"embeddable":true,"href":"https:\/\/grandepremio.com\/es\/wp-json\/wp\/v2\/media\/1010075389"}],"wp:attachment":[{"href":"https:\/\/grandepremio.com\/es\/wp-json\/wp\/v2\/media?parent=22444"}],"wp:term":[{"taxonomy":"category","embeddable":true,"href":"https:\/\/grandepremio.com\/es\/wp-json\/wp\/v2\/categories?post=22444"},{"taxonomy":"post_tag","embeddable":true,"href":"https:\/\/grandepremio.com\/es\/wp-json\/wp\/v2\/tags?post=22444"},{"taxonomy":"42wp_author","embeddable":true,"href":"https:\/\/grandepremio.com\/es\/wp-json\/wp\/v2\/42wp_author?post=22444"}],"curies":[{"name":"wp","href":"https:\/\/api.w.org\/{rel}","templated":true}]}}