{"id":22455,"date":"2022-07-12T04:00:00","date_gmt":"2022-07-12T07:00:00","guid":{"rendered":"https:\/\/grandepremio.com\/es\/2022\/07\/12\/pierre-gasly-falta-actualizaciones-alphatauri\/"},"modified":"2022-07-11T17:28:53","modified_gmt":"2022-07-11T20:28:53","slug":"pierre-gasly-falta-actualizaciones-alphatauri","status":"publish","type":"post","link":"https:\/\/grandepremio.com\/es\/f1\/pierre-gasly-falta-actualizaciones-alphatauri\/","title":{"rendered":"Gasly lamenta falta de actualizaciones en AlphaTauri: &#8220;El coche m\u00e1s lento de la pista&#8221;"},"content":{"rendered":"\n<p class=\"wp-block-paragraph\">En el fin de semana m\u00e1s complicado de la temporada 2022 hasta ahora, AlphaTauri simplemente no pudo competir con los dem\u00e1s rivales en el <a href=\"https:\/\/grandepremio.com\/es\/\/f1\/charles-leclerc-max-verstappen-austria-formula-1\/\">GP de Austria<\/a>, celebrado el pasado domingo. Con Pierre Gasly en la 15\u00aa posici\u00f3n y Yuki Tsunoda justo detr\u00e1s, los dos coches del equipo s\u00f3lo estaban por delante de Sebastian Vettel, que hizo un trompo al tocarse con el franc\u00e9s y tambi\u00e9n fue sancionado por no respetar los l\u00edmites de la pista. Despu\u00e9s de la carrera, un abatido Gasly pidi\u00f3 urgentemente que se mejorara el AT03.<\/p>\n\n\n\n<p class=\"wp-block-paragraph\">&#8220;Creo que podemos olvidarnos de este fin de semana, porque hemos sido muy lentos&#8221;, admiti\u00f3 Gasly en una entrevista oficial de la F\u00f3rmula 1. &#8220;Probablemente somos el coche m\u00e1s lento en la pista en este momento, y es una pena ver que estamos luchando por las \u00faltimas posiciones. Creo que tenemos que reajustar y est\u00e1 claro que necesitamos algunas mejoras en el coche lo antes posible&#8221;, dijo.<\/p>\n\n\n\n<figure class=\"wp-block-image size-large\"><img decoding=\"async\" src=\"https:\/\/www.grandepremio.com\/br\/wp-content\/uploads\/2022\/07\/alphatauri-pierregasly-01-7-1024x676.jpg\" alt=\"\" class=\"wp-image-594437\"\/><figcaption>Gasly sali\u00f3 en la parte trasera de la parrilla tras tocarse con Hamilton en la carrera sprint y no consigui\u00f3 ganar posiciones (Foto: AlphaTauri)<\/figcaption><\/figure>\n\n\n\n<p class=\"wp-block-paragraph\"><strong><strong>\u00a1Conoce el canal de Grande Pr\u00eamio en Espa\u00f1ol en\u00a0<a href=\"https:\/\/www.youtube.com\/channel\/UCDxWojGVUi9gWYhrY0pGbIQ\" target=\"_blank\" rel=\"noreferrer noopener\">YouTube<\/a>!<br>\u00a1Sigue a\u00a0Grande Pr\u00eamio en Espa\u00f1ol\u00a0en\u00a0<a href=\"https:\/\/twitter.com\/grandepremioES\" target=\"_blank\" rel=\"noreferrer noopener\">Twitter\u00a0<\/a>y en\u00a0<a href=\"https:\/\/www.instagram.com\/grandepremioes\/\" target=\"_blank\" rel=\"noreferrer noopener\">Instagram<\/a>!<\/strong><\/strong><\/p>\n\n\n\n<p class=\"wp-block-paragraph\">A pesar de terminar un puesto por delante de su compa\u00f1ero de equipo, Gasly tuvo una carrera muy complicada el domingo. Adem\u00e1s del accidente con Vettel, el franc\u00e9s tuvo dificultades para respetar los l\u00edmites de la pista y recibi\u00f3 dos penalizaciones de 5s cada una, adem\u00e1s de otras advertencias a lo largo de la prueba. Cuestionado sobre el bajo rendimiento del AlphaTauri, el franc\u00e9s cree que la falta de mejoras en el auto est\u00e1 empezando a pasarle factura.<\/p>\n\n\n\n<p class=\"wp-block-paragraph\">&#8220;Hace tiempo que no tenemos mejoras en el coche, y s\u00ed, estamos empezando a sentirlo&#8221;, se\u00f1al\u00f3 el piloto franc\u00e9s. &#8220;Entonces, s\u00ed, no es algo placentero. Pero realmente espero que podamos conseguir esos nuevos componentes lo antes posible&#8221;, repiti\u00f3 Gasly.<\/p>\n\n\n\n<p class=\"wp-block-paragraph\">Por \u00faltimo, el compa\u00f1ero de Tsunoda coment\u00f3 el incidente con Vettel, en el que el alem\u00e1n de Aston Martin intent\u00f3 adelantar por el exterior, pero fue tocado por el franc\u00e9s e hizo un trompo, y\u00e9ndose a la grava. Pierre admiti\u00f3 que a\u00fan no ha revisado el toque, pero admiti\u00f3 su culpa y encarg\u00f3 a AlphaTauri que subiera el nivel para las pr\u00f3ximas etapas.<\/p>\n\n\n\n<p class=\"wp-block-paragraph\">&#8220;Todav\u00eda no he visto las im\u00e1genes, pero obviamente tuve una penalizaci\u00f3n en la carrera, as\u00ed que creo que fue culpa m\u00eda el choque con Sebastian [Vettel]&#8221;, admiti\u00f3. &#8220;Intent\u00e9 luchar todo lo que pude, esa curva es complicada, y por desgracia hizo un trompo. Necesitamos un gran &#8216;reset&#8217;. Tenemos una semana y media para intentar entender por qu\u00e9 somos tan lentos y qu\u00e9 podemos hacer para mejorar en las pr\u00f3ximas carreras&#8221;, finaliz\u00f3.<\/p>\n","protected":false},"excerpt":{"rendered":"<p>AlphaTauri tuvo un fin de semana para olvidar en el GP de Austria, rodando siempre en la parte trasera de la parrilla, y Pierre Gasly dijo que la falta de mejoras ha convertido al AT03 en el coche m\u00e1s lento de la F\u00f3rmula 1 en este momento.<\/p>\n","protected":false},"author":0,"featured_media":1010075331,"comment_status":"closed","ping_status":"closed","sticky":false,"template":"","format":"standard","meta":{"42wp_featured_image_caption":"","42wp_featured_image_credits":"","42wp_featured_video":"","42wp_featured_image_hidden":false,"42wp_authors_list":[],"footnotes":""},"categories":[5],"tags":[508,181,1495,179,329,1488,2237,427,243,2421,368],"42wp_author":[14234],"class_list":["post-22455","post","type-post","status-publish","format-standard","has-post-thumbnail","hentry","category-f1","tag-alphatauri","tag-f1","tag-f1-2022","tag-formula-1","tag-gp-de-austria","tag-grande-premio","tag-grandepremio","tag-pierre-gasly","tag-red-bull-ring","tag-spielberg","tag-yuki-tsunoda","42wp_author-douglas-rocha"],"_links":{"self":[{"href":"https:\/\/grandepremio.com\/es\/wp-json\/wp\/v2\/posts\/22455","targetHints":{"allow":["GET"]}}],"collection":[{"href":"https:\/\/grandepremio.com\/es\/wp-json\/wp\/v2\/posts"}],"about":[{"href":"https:\/\/grandepremio.com\/es\/wp-json\/wp\/v2\/types\/post"}],"replies":[{"embeddable":true,"href":"https:\/\/grandepremio.com\/es\/wp-json\/wp\/v2\/comments?post=22455"}],"version-history":[{"count":0,"href":"https:\/\/grandepremio.com\/es\/wp-json\/wp\/v2\/posts\/22455\/revisions"}],"wp:featuredmedia":[{"embeddable":true,"href":"https:\/\/grandepremio.com\/es\/wp-json\/wp\/v2\/media\/1010075331"}],"wp:attachment":[{"href":"https:\/\/grandepremio.com\/es\/wp-json\/wp\/v2\/media?parent=22455"}],"wp:term":[{"taxonomy":"category","embeddable":true,"href":"https:\/\/grandepremio.com\/es\/wp-json\/wp\/v2\/categories?post=22455"},{"taxonomy":"post_tag","embeddable":true,"href":"https:\/\/grandepremio.com\/es\/wp-json\/wp\/v2\/tags?post=22455"},{"taxonomy":"42wp_author","embeddable":true,"href":"https:\/\/grandepremio.com\/es\/wp-json\/wp\/v2\/42wp_author?post=22455"}],"curies":[{"name":"wp","href":"https:\/\/api.w.org\/{rel}","templated":true}]}}