{"id":22466,"date":"2022-07-10T18:29:43","date_gmt":"2022-07-10T21:29:43","guid":{"rendered":"https:\/\/grandepremio.com\/es\/2022\/07\/10\/mercedes-problemas-austria\/"},"modified":"2022-07-10T18:29:45","modified_gmt":"2022-07-10T21:29:45","slug":"mercedes-problemas-austria","status":"publish","type":"post","link":"https:\/\/grandepremio.com\/es\/f1\/mercedes-problemas-austria\/","title":{"rendered":"Mercedes lamenta problemas en Austria y dice que est\u00e1 &#8220;en medio de la nada&#8221; en F1"},"content":{"rendered":"\n<p class=\"wp-block-paragraph\">El fin de semana de Mercedes en el<a href=\"https:\/\/grandepremio.com\/es\/\/f1\/charles-leclerc-max-verstappen-austria-formula-1\/\" target=\"_blank\" rel=\"noreferrer noopener\"> GP de Austria de F\u00f3rmula 1<\/a> estuvo plagado de problemas. Los dos pilotos chocaron en la clasificaci\u00f3n, Lewis Hamilton se vio envuelto en un toque en el inicio de la carrera sprint y George Russell hizo lo propio en el inicio de la carrera oficial este domingo. Entonces, seg\u00fan el director ejecutivo y director del equipo, Toto Wolff, Mercedes se qued\u00f3 muy atr\u00e1s de lo esperado.<\/p>\n\n\n\n<p class=\"wp-block-paragraph\">Wolff entiende que Mercedes ha mejorado mucho en las \u00faltimas pruebas, pero todav\u00eda est\u00e1 muy lejos de Red Bull y Ferrari. Sin embargo, evalu\u00f3 que sin los problemas cree que podr\u00edan haber enfrentado a los coches de rojo y a los taurinos en Spielberg. Al final, Hamilton y Russell fueron, respectivamente, tercero y cuarto.<\/p>\n\n\n\n<p class=\"wp-block-paragraph\">\u201cHemos cerrado la brecha en los \u00faltimos dos meses y entendemos [el coche] mejor. Seguimos siendo la tercera fuerza y \u200b\u200bestamos en medio de la nada. Si vamos a sacar lo positivo de la carrera de hoy, creo que podr\u00edamos haber quedado cerca de Verstappen y no acabar donde hasta ahora. Da\u00f1amos dos suelos de los tres que ten\u00edamos [con los choques del viernes]. Te hace salir atrasado&#8221;, evalu\u00f3. <\/p>\n\n\n\n<p class=\"wp-block-paragraph\"><strong>\u00a1Conoce el canal de Grande Pr\u00eamio en Espa\u00f1ol en\u00a0<a href=\"https:\/\/www.youtube.com\/channel\/UCDxWojGVUi9gWYhrY0pGbIQ\" target=\"_blank\" rel=\"noreferrer noopener\">YouTube<\/a>!<br>\u00a1Sigue a\u00a0Grande Pr\u00eamio en Espa\u00f1ol\u00a0en\u00a0<a href=\"https:\/\/twitter.com\/grandepremioES\" target=\"_blank\" rel=\"noreferrer noopener\">Twitter\u00a0<\/a>y en\u00a0<a href=\"https:\/\/www.instagram.com\/grandepremioes\/\" target=\"_blank\" rel=\"noreferrer noopener\">Instagram<\/a>!<\/strong><\/p>\n\n\n\n<figure class=\"wp-block-image size-large\"><img decoding=\"async\" src=\"https:\/\/www.grandepremio.com\/br\/wp-content\/uploads\/2022\/07\/mercedes-lewishamilton-02-afp-1-1024x683.jpg\" alt=\"\" class=\"wp-image-594829\"\/><figcaption>Lewis Hamilton lleg\u00f3 al podio de nuevo (Foto: AFP)<\/figcaption><\/figure>\n\n\n\n<p class=\"wp-block-paragraph\">\u201cNo esper\u00e1bamos ser competitivos aqu\u00ed debido a la naturaleza de la pista y al hecho de que no ha sido un lugar agradable para nosotros en los \u00faltimos a\u00f1os. Paul Ricard deber\u00eda ser mejor. Es un circuito m\u00e1s tranquilo, como Silverstone, con curvas r\u00e1pidas y, sobre el papel, parece que podemos hacerlo bien&#8221;, sigui\u00f3.<\/p>\n\n\n\n<p class=\"wp-block-paragraph\">\u201cTodav\u00eda nos falta velocidad en las rectas y creo que tenemos demasiada resistencia. Parece que no tenemos suficiente potencia, pero tal vez sea la altitud. La gente de motores evaluar\u00e1 y crear\u00e1 algunas mejoras para las pr\u00f3ximas carreras\u201d, concluy\u00f3.<\/p>\n\n\n\n<p class=\"wp-block-paragraph\">La temporada 2022 de F\u00f3rmula 1 contin\u00faa dentro de dos semanas, entre el 22 y el 24 de julio, en Paul Ricard, en el GP de Francia.<\/p>\n","protected":false},"excerpt":{"rendered":"<p>Toto Wolff, jefe de Mercedes, evalu\u00f3 que el equipo termin\u00f3 muy por detr\u00e1s de los dem\u00e1s con muchos problemas y a\u00fan les falta potencia.<\/p>\n","protected":false},"author":0,"featured_media":1010075274,"comment_status":"closed","ping_status":"closed","sticky":false,"template":"","format":"standard","meta":{"42wp_featured_image_caption":"","42wp_featured_image_credits":"","42wp_featured_video":"","42wp_featured_image_hidden":false,"42wp_authors_list":[],"footnotes":""},"categories":[5],"tags":[205,181,1495,179,253,329,199,197,243,2421,569],"42wp_author":[14233],"class_list":["post-22466","post","type-post","status-publish","format-standard","has-post-thumbnail","hentry","category-f1","tag-austria","tag-f1","tag-f1-2022","tag-formula-1","tag-george-russell","tag-gp-de-austria","tag-lewis-hamilton","tag-mercedes","tag-red-bull-ring","tag-spielberg","tag-toto-wolff","42wp_author-eric-calduch"],"_links":{"self":[{"href":"https:\/\/grandepremio.com\/es\/wp-json\/wp\/v2\/posts\/22466","targetHints":{"allow":["GET"]}}],"collection":[{"href":"https:\/\/grandepremio.com\/es\/wp-json\/wp\/v2\/posts"}],"about":[{"href":"https:\/\/grandepremio.com\/es\/wp-json\/wp\/v2\/types\/post"}],"replies":[{"embeddable":true,"href":"https:\/\/grandepremio.com\/es\/wp-json\/wp\/v2\/comments?post=22466"}],"version-history":[{"count":0,"href":"https:\/\/grandepremio.com\/es\/wp-json\/wp\/v2\/posts\/22466\/revisions"}],"wp:featuredmedia":[{"embeddable":true,"href":"https:\/\/grandepremio.com\/es\/wp-json\/wp\/v2\/media\/1010075274"}],"wp:attachment":[{"href":"https:\/\/grandepremio.com\/es\/wp-json\/wp\/v2\/media?parent=22466"}],"wp:term":[{"taxonomy":"category","embeddable":true,"href":"https:\/\/grandepremio.com\/es\/wp-json\/wp\/v2\/categories?post=22466"},{"taxonomy":"post_tag","embeddable":true,"href":"https:\/\/grandepremio.com\/es\/wp-json\/wp\/v2\/tags?post=22466"},{"taxonomy":"42wp_author","embeddable":true,"href":"https:\/\/grandepremio.com\/es\/wp-json\/wp\/v2\/42wp_author?post=22466"}],"curies":[{"name":"wp","href":"https:\/\/api.w.org\/{rel}","templated":true}]}}