{"id":22482,"date":"2022-07-09T15:26:11","date_gmt":"2022-07-09T18:26:11","guid":{"rendered":"https:\/\/grandepremio.com\/es\/2022\/07\/09\/mercedes-falta-ritmo-austria-haas-ventaja\/"},"modified":"2022-07-09T15:26:13","modified_gmt":"2022-07-09T18:26:13","slug":"mercedes-falta-ritmo-austria-haas-ventaja","status":"publish","type":"post","link":"https:\/\/grandepremio.com\/es\/f1\/mercedes-falta-ritmo-austria-haas-ventaja\/","title":{"rendered":"Mercedes lamenta falta de ritmo en Austria y ve a Haas con ventaja: &#8220;Nada sali\u00f3 bien&#8221;"},"content":{"rendered":"\n<p class=\"wp-block-paragraph\">Mercedes no lo tuvo f\u00e1cil en la carrera sprint del s\u00e1bado que culmin\u00f3 <a href=\"https:\/\/grandepremio.com\/es\/\/f1\/max-verstappen-sprint-austria\/\" target=\"_blank\" rel=\"noreferrer noopener\">con la tranquila victoria de Max Verstappen en Austria.<\/a><\/p>\n\n\n\n<p class=\"wp-block-paragraph\">Mientras que George Russell corri\u00f3 solo durante pr\u00e1cticamente las 23 vueltas completas de la carrera para terminar cuarto, Lewis Hamilton luch\u00f3 contra Mick Schumacher media carrera para anotar un m\u00edsero punto en el octavo lugar.<\/p>\n\n\n\n<p class=\"wp-block-paragraph\">Toto Wolff, director del equipo Mercedes, habl\u00f3 despu\u00e9s de que termin\u00f3 la carrera sprint sobre el rendimiento del W13 en el Red Bull Ring. O, mejor dicho, sobre la falta de ella. &#8220;Sentimos la falta de ritmo aqu\u00ed en Austria, a diferencia de las carreras anteriores en las que tuvimos un mejor rendimiento en la carrera del domingo, de alguna manera nada sali\u00f3 bien&#8221;.<\/p>\n\n\n\n<p class=\"wp-block-paragraph\"><strong>\u00a1Conoce el canal de Grande Pr\u00eamio en Espa\u00f1ol en\u00a0<a href=\"https:\/\/www.youtube.com\/channel\/UCDxWojGVUi9gWYhrY0pGbIQ\" target=\"_blank\" rel=\"noreferrer noopener\">YouTube<\/a>!<br>\u00a1Sigue a\u00a0Grande Pr\u00eamio en Espa\u00f1ol\u00a0en\u00a0<a href=\"https:\/\/twitter.com\/grandepremioES\" target=\"_blank\" rel=\"noreferrer noopener\">Twitter\u00a0<\/a>y en\u00a0<a href=\"https:\/\/www.instagram.com\/grandepremioes\/\" target=\"_blank\" rel=\"noreferrer noopener\">Instagram<\/a>!<\/strong><\/p>\n\n\n\n<figure class=\"wp-block-image size-large is-resized\"><img loading=\"lazy\" decoding=\"async\" src=\"https:\/\/www.grandepremio.com\/br\/wp-content\/uploads\/2022\/07\/mercedes-georgerussell-02-3-1024x683.jpg\" alt=\"\" class=\"wp-image-594442\" width=\"840\" height=\"560\"\/><figcaption>Russell corri\u00f3 solo en Austria y cerr\u00f3 la carrera sprint en cuarto lugar (Foto: Mercedes)<\/figcaption><\/figure>\n\n\n\n<p class=\"wp-block-paragraph\">Sobre la disputa entre el heptacampe\u00f3n del mundo y el alem\u00e1n de Haas, Wolff opin\u00f3 sobre por qu\u00e9 el piloto brit\u00e1nico tard\u00f3 tanto en adelantar a Schumacher y, finalmente, hacerse con la octava posici\u00f3n.<\/p>\n\n\n\n<p class=\"wp-block-paragraph\">\u201c\u00c9l [Mick] necesitaba luchar por la posici\u00f3n y Haas ten\u00eda la ventaja porque no tienen una desventaja en el suelo tan grande como la nuestra, y de nuevo, no tenemos un buen rendimiento aqu\u00ed\u201d, dijo el austriaco de Mercedes.<\/p>\n","protected":false},"excerpt":{"rendered":"<p>El jefe del equipo, Toto Wolff, est\u00e1 sorprendido por la falta de ritmo del W13 en Austria, a diferencia de carreras anteriores.<\/p>\n","protected":false},"author":0,"featured_media":1010075003,"comment_status":"closed","ping_status":"closed","sticky":false,"template":"","format":"standard","meta":{"42wp_featured_image_caption":"","42wp_featured_image_credits":"","42wp_featured_video":"","42wp_featured_image_hidden":false,"42wp_authors_list":[],"footnotes":""},"categories":[5],"tags":[205,1545,181,1495,179,253,329,414,199,197,243,2421,569],"42wp_author":[14233],"class_list":["post-22482","post","type-post","status-publish","format-standard","has-post-thumbnail","hentry","category-f1","tag-austria","tag-carrera-sprint","tag-f1","tag-f1-2022","tag-formula-1","tag-george-russell","tag-gp-de-austria","tag-haas","tag-lewis-hamilton","tag-mercedes","tag-red-bull-ring","tag-spielberg","tag-toto-wolff","42wp_author-eric-calduch"],"_links":{"self":[{"href":"https:\/\/grandepremio.com\/es\/wp-json\/wp\/v2\/posts\/22482","targetHints":{"allow":["GET"]}}],"collection":[{"href":"https:\/\/grandepremio.com\/es\/wp-json\/wp\/v2\/posts"}],"about":[{"href":"https:\/\/grandepremio.com\/es\/wp-json\/wp\/v2\/types\/post"}],"replies":[{"embeddable":true,"href":"https:\/\/grandepremio.com\/es\/wp-json\/wp\/v2\/comments?post=22482"}],"version-history":[{"count":0,"href":"https:\/\/grandepremio.com\/es\/wp-json\/wp\/v2\/posts\/22482\/revisions"}],"wp:featuredmedia":[{"embeddable":true,"href":"https:\/\/grandepremio.com\/es\/wp-json\/wp\/v2\/media\/1010075003"}],"wp:attachment":[{"href":"https:\/\/grandepremio.com\/es\/wp-json\/wp\/v2\/media?parent=22482"}],"wp:term":[{"taxonomy":"category","embeddable":true,"href":"https:\/\/grandepremio.com\/es\/wp-json\/wp\/v2\/categories?post=22482"},{"taxonomy":"post_tag","embeddable":true,"href":"https:\/\/grandepremio.com\/es\/wp-json\/wp\/v2\/tags?post=22482"},{"taxonomy":"42wp_author","embeddable":true,"href":"https:\/\/grandepremio.com\/es\/wp-json\/wp\/v2\/42wp_author?post=22482"}],"curies":[{"name":"wp","href":"https:\/\/api.w.org\/{rel}","templated":true}]}}