{"id":22496,"date":"2022-07-09T08:26:17","date_gmt":"2022-07-09T11:26:17","guid":{"rendered":"https:\/\/grandepremio.com\/es\/2022\/07\/09\/mercedes-cambia-chasis-hamilton-austria-123\/"},"modified":"2022-07-09T08:30:29","modified_gmt":"2022-07-09T11:30:29","slug":"mercedes-cambia-chasis-hamilton-austria-123","status":"publish","type":"post","link":"https:\/\/grandepremio.com\/es\/f1\/mercedes-cambia-chasis-hamilton-austria-123\/","title":{"rendered":"Mercedes cambia chasis de Hamilton tras accidente en clasificaci\u00f3n de Austria"},"content":{"rendered":"\n<p class=\"wp-block-paragraph\">Mercedes ha tenido que cambiar el chasis del W13 de Lewis Hamilton <a href=\"https:\/\/grandepremio.com\/es\/\/f1\/hamilton-choca-fuerte-bandera-roja-austria\/\" target=\"_blank\" rel=\"noreferrer noopener\">tras sufrir un fuerte accidente en la clasificaci\u00f3n de ayer para la carrera sprint de Austria<\/a>. Durante la Q3, cuando iba en vuelta r\u00e1pida, el ingl\u00e9s perdi\u00f3 la parte trasera en la curva 7 del Red Bull Ring y choc\u00f3 con fuerza contra la barrera de protecci\u00f3n.<\/p>\n\n\n\n<p class=\"wp-block-paragraph\">El coche de George Russell tambi\u00e9n necesitaba reparaciones ya que el #63 se choc\u00f3 inmediatamente despu\u00e9s de la bandera roja causada por el incidente del compa\u00f1ero de equipo. En total, los dos coches seguir\u00e1n teniendo cajas de cambios diferentes, pero sin penalizaciones por estar dentro del l\u00edmite permitido.<\/p>\n\n\n\n<p class=\"wp-block-paragraph\"><strong>\u00a1Conoce el canal de Grande Pr\u00eamio en Espa\u00f1ol en&nbsp;<a href=\"https:\/\/www.youtube.com\/channel\/UCDxWojGVUi9gWYhrY0pGbIQ\" target=\"_blank\" rel=\"noreferrer noopener\">YouTube<\/a>!<br>\u00a1Sigue a&nbsp;Grande Pr\u00eamio en Espa\u00f1ol&nbsp;en&nbsp;<a href=\"https:\/\/twitter.com\/grandepremioES\" target=\"_blank\" rel=\"noreferrer noopener\">Twitter&nbsp;<\/a>y en&nbsp;<a href=\"https:\/\/www.instagram.com\/grandepremioes\/\" target=\"_blank\" rel=\"noreferrer noopener\">Instagram<\/a>!<\/strong><\/p>\n\n\n\n<figure class=\"wp-block-image size-large\"><img decoding=\"async\" src=\"https:\/\/www.grandepremio.com\/br\/wp-content\/uploads\/2022\/07\/Lewis-Hamilton-1024x576.jpeg\" alt=\"\" class=\"wp-image-594117\"\/><figcaption>Lewis Hamilton dej\u00f3 el coche bastante da\u00f1ado tras chocar en la Q3 de la clasificaci\u00f3n del GP de Austria (Foto: Reproducci\u00f3n\/F1)<\/figcaption><\/figure>\n\n\n\n<p class=\"wp-block-paragraph\">En cuanto a los alerones, los mec\u00e1nicos de Mercedes trabajaron incansablemente durante la noche para reparar las piezas a tiempo para las actividades del s\u00e1bado. Los motores, sin embargo, no se cambiaron.<\/p>\n\n\n\n<p class=\"wp-block-paragraph\">Otro elemento importante sufri\u00f3 da\u00f1os considerables: el suelo. Uno de los coches podr\u00e1 competir con una pieza nueva, mientras que el otro deber\u00e1 salir a pista con el suelo reparado.<\/p>\n\n\n\n<p class=\"wp-block-paragraph\">&#8220;Fueron muchos da\u00f1os&#8221;, dijo Toto Wolff. &#8220;Anoche en el garaje parec\u00eda que alguien hab\u00eda volcado una caja de lego, pero los mec\u00e1nicos hicieron un gran trabajo&#8221;, dijo el jefe del equipo de Brackley.<\/p>\n","protected":false},"excerpt":{"rendered":"<p>Mercedes tuvo que cambiar el chasis de Lewis Hamilton tras el accidente en la clasificaci\u00f3n de Austria. George Russell tambi\u00e9n choc\u00f3.<\/p>\n","protected":false},"author":0,"featured_media":1010074914,"comment_status":"closed","ping_status":"closed","sticky":false,"template":"","format":"standard","meta":{"42wp_featured_image_caption":"","42wp_featured_image_credits":"","42wp_featured_video":"","42wp_featured_image_hidden":false,"42wp_authors_list":[],"footnotes":""},"categories":[5],"tags":[364,205,3019,2471,355,181,1495,179,329,199,197,243,2421],"42wp_author":[14233],"class_list":["post-22496","post","type-post","status-publish","format-standard","has-post-thumbnail","hentry","category-f1","tag-accidente","tag-austria","tag-cambio-de-chasis","tag-chasis","tag-clasificacion","tag-f1","tag-f1-2022","tag-formula-1","tag-gp-de-austria","tag-lewis-hamilton","tag-mercedes","tag-red-bull-ring","tag-spielberg","42wp_author-eric-calduch"],"_links":{"self":[{"href":"https:\/\/grandepremio.com\/es\/wp-json\/wp\/v2\/posts\/22496","targetHints":{"allow":["GET"]}}],"collection":[{"href":"https:\/\/grandepremio.com\/es\/wp-json\/wp\/v2\/posts"}],"about":[{"href":"https:\/\/grandepremio.com\/es\/wp-json\/wp\/v2\/types\/post"}],"replies":[{"embeddable":true,"href":"https:\/\/grandepremio.com\/es\/wp-json\/wp\/v2\/comments?post=22496"}],"version-history":[{"count":0,"href":"https:\/\/grandepremio.com\/es\/wp-json\/wp\/v2\/posts\/22496\/revisions"}],"wp:featuredmedia":[{"embeddable":true,"href":"https:\/\/grandepremio.com\/es\/wp-json\/wp\/v2\/media\/1010074914"}],"wp:attachment":[{"href":"https:\/\/grandepremio.com\/es\/wp-json\/wp\/v2\/media?parent=22496"}],"wp:term":[{"taxonomy":"category","embeddable":true,"href":"https:\/\/grandepremio.com\/es\/wp-json\/wp\/v2\/categories?post=22496"},{"taxonomy":"post_tag","embeddable":true,"href":"https:\/\/grandepremio.com\/es\/wp-json\/wp\/v2\/tags?post=22496"},{"taxonomy":"42wp_author","embeddable":true,"href":"https:\/\/grandepremio.com\/es\/wp-json\/wp\/v2\/42wp_author?post=22496"}],"curies":[{"name":"wp","href":"https:\/\/api.w.org\/{rel}","templated":true}]}}