{"id":22503,"date":"2022-07-08T15:01:39","date_gmt":"2022-07-08T18:01:39","guid":{"rendered":"https:\/\/grandepremio.com\/es\/2022\/07\/08\/leclerc-secuencia-desastres-mala-fase-austria\/"},"modified":"2022-07-08T15:01:41","modified_gmt":"2022-07-08T18:01:41","slug":"leclerc-secuencia-desastres-mala-fase-austria","status":"publish","type":"post","link":"https:\/\/grandepremio.com\/es\/f1\/leclerc-secuencia-desastres-mala-fase-austria\/","title":{"rendered":"Leclerc mira de romper secuencia de &#8220;desastres&#8221; y acabar la mala fase en Austria"},"content":{"rendered":"\n<p class=\"wp-block-paragraph\">Estuvo cerca, pero Charles Leclerc parte en segunda posici\u00f3n en la carrera sprint de Austria. Solo 0s029 separaba al monegasco de la pole position de Max Verstappen, <a href=\"https:\/\/grandepremio.com\/es\/\/f1\/max-verstappen-mercedes-austria-formula-1\/\" target=\"_blank\" rel=\"noreferrer noopener\">definida este viernes<\/a>.<\/p>\n\n\n\n<p class=\"wp-block-paragraph\">Tras el entrenamiento, el piloto de Ferrari analiz\u00f3 el resultado. &#8220;Creo que los tres estuvimos muy cerca. Max fue un poco m\u00e1s r\u00e1pido, lo felicito, pero espero una carrera sprint emocionante&#8221;.<\/p>\n\n\n\n<p class=\"wp-block-paragraph\">Leclerc tambi\u00e9n apunt\u00f3 que busc\u00f3 retomar el ritmo del coche tras las dos largas neutralizaciones por los accidentes de Lewis Hamilton y George Russell. &#8220;Durante la \u00faltima vuelta, tuve que luchar para recuperar los neum\u00e1ticos despu\u00e9s de estar tanto tiempo en boxes&#8221;.<\/p>\n\n\n\n<p class=\"wp-block-paragraph\"><strong>\u00a1Conoce el canal de Grande Pr\u00eamio en Espa\u00f1ol en\u00a0<a href=\"https:\/\/www.youtube.com\/channel\/UCDxWojGVUi9gWYhrY0pGbIQ\" target=\"_blank\" rel=\"noreferrer noopener\">YouTube<\/a>!<br>\u00a1Sigue a\u00a0Grande Pr\u00eamio en Espa\u00f1ol\u00a0en\u00a0<a href=\"https:\/\/twitter.com\/grandepremioES\" target=\"_blank\" rel=\"noreferrer noopener\">Twitter\u00a0<\/a>y en\u00a0<a href=\"https:\/\/www.instagram.com\/grandepremioes\/\" target=\"_blank\" rel=\"noreferrer noopener\">Instagram<\/a>!<\/strong><\/p>\n\n\n\n<figure class=\"wp-block-image size-large\"><img decoding=\"async\" src=\"https:\/\/www.grandepremio.com\/br\/wp-content\/uploads\/2022\/07\/ferrari-charlesleclerc-01-4-1024x683.jpg\" alt=\"\" class=\"wp-image-594088\"\/><figcaption>Leclerc sale en primera fila en la carrera sprint de Austria (Foto: Ferrari)<\/figcaption><\/figure>\n\n\n\n<p class=\"wp-block-paragraph\">Charles, tercero en el campeonato con 142 puntos, ahora solo busca una carrera limpia para poder ascender en la clasificaci\u00f3n mundial de pilotos. &#8220;Ya han pasado cinco carreras en las que he tenido un desastre por mi lado&#8221;.<\/p>\n\n\n\n<p class=\"wp-block-paragraph\">La primera curva en un circuito corto como el Red Bull Ring es crucial y, para ello, Leclerc quiere volver a los puntos en la F\u00f3rmula 1. &#8220;Eso es lo que espero, una carrera limpia durante el fin de semana para que finalmente podamos sumar los puntos que nos merecemos&#8221;, concluy\u00f3.<\/p>\n","protected":false},"excerpt":{"rendered":"<p>Solo 0s029 detr\u00e1s de Verstappen, Leclerc solo quiere una carrera limpia para volver a sumar mejores puntos en la carrera sprint de Austria.<\/p>\n","protected":false},"author":0,"featured_media":1010074881,"comment_status":"closed","ping_status":"closed","sticky":false,"template":"","format":"standard","meta":{"42wp_featured_image_caption":"","42wp_featured_image_credits":"","42wp_featured_video":"","42wp_featured_image_hidden":false,"42wp_authors_list":[],"footnotes":""},"categories":[5],"tags":[205,247,355,181,1495,185,179,329,243,2421],"42wp_author":[14233],"class_list":["post-22503","post","type-post","status-publish","format-standard","has-post-thumbnail","hentry","category-f1","tag-austria","tag-charles-leclerc","tag-clasificacion","tag-f1","tag-f1-2022","tag-ferrari","tag-formula-1","tag-gp-de-austria","tag-red-bull-ring","tag-spielberg","42wp_author-eric-calduch"],"_links":{"self":[{"href":"https:\/\/grandepremio.com\/es\/wp-json\/wp\/v2\/posts\/22503","targetHints":{"allow":["GET"]}}],"collection":[{"href":"https:\/\/grandepremio.com\/es\/wp-json\/wp\/v2\/posts"}],"about":[{"href":"https:\/\/grandepremio.com\/es\/wp-json\/wp\/v2\/types\/post"}],"replies":[{"embeddable":true,"href":"https:\/\/grandepremio.com\/es\/wp-json\/wp\/v2\/comments?post=22503"}],"version-history":[{"count":0,"href":"https:\/\/grandepremio.com\/es\/wp-json\/wp\/v2\/posts\/22503\/revisions"}],"wp:featuredmedia":[{"embeddable":true,"href":"https:\/\/grandepremio.com\/es\/wp-json\/wp\/v2\/media\/1010074881"}],"wp:attachment":[{"href":"https:\/\/grandepremio.com\/es\/wp-json\/wp\/v2\/media?parent=22503"}],"wp:term":[{"taxonomy":"category","embeddable":true,"href":"https:\/\/grandepremio.com\/es\/wp-json\/wp\/v2\/categories?post=22503"},{"taxonomy":"post_tag","embeddable":true,"href":"https:\/\/grandepremio.com\/es\/wp-json\/wp\/v2\/tags?post=22503"},{"taxonomy":"42wp_author","embeddable":true,"href":"https:\/\/grandepremio.com\/es\/wp-json\/wp\/v2\/42wp_author?post=22503"}],"curies":[{"name":"wp","href":"https:\/\/api.w.org\/{rel}","templated":true}]}}