{"id":22511,"date":"2022-07-08T10:12:13","date_gmt":"2022-07-08T13:12:13","guid":{"rendered":"https:\/\/grandepremio.com\/es\/2022\/07\/08\/leclerc-division-ferrari-estamos-unidos\/"},"modified":"2022-07-08T10:12:14","modified_gmt":"2022-07-08T13:12:14","slug":"leclerc-division-ferrari-estamos-unidos","status":"publish","type":"post","link":"https:\/\/grandepremio.com\/es\/f1\/leclerc-division-ferrari-estamos-unidos\/","title":{"rendered":"Leclerc rebate sugestiones sobre divisi\u00f3n en Ferrari: &#8220;Estamos extremadamente unidos&#8221;"},"content":{"rendered":"\n<p class=\"wp-block-paragraph\">Ferrari se ha puesto en una posici\u00f3n complicada con las estrategias elegidas para sus pilotos despu\u00e9s de que apareciese el coche de seguridad en el <a href=\"https:\/\/grandepremio.com\/es\/\/categoria\/f1\/\" target=\"_blank\" rel=\"noreferrer noopener\">GP de Gran Breta\u00f1a<\/a>. Charles Leclerc acab\u00f3 perdiendo una victoria que ser\u00eda importante para el Campeonato de Pilotos, pero, por otro lado, Carlos Sainz consigui\u00f3 su primer triunfo en la F\u00f3rmula 1. Despu\u00e9s de que parte del equipo que trabaja en el garaje de Leclerc quedara fuera de la foto oficial de la victoria, el monegasco asegur\u00f3 que no hay ning\u00fan tipo de divisi\u00f3n en el equipo.<\/p>\n\n\n\n<p class=\"wp-block-paragraph\">&#8220;Eso no es cierto. Y no quer\u00eda tener que entrar en eso porque es el tipo de pregunta que escucho en todas partes. Y no quer\u00eda tener que pelear por ese tipo de cosas. Estamos extremadamente unidos. \u00bfSe sintieron decepcionados despu\u00e9s de terminar la \u00faltima carrera en primer y cuarto lugar? S\u00ed. \u00bfEst\u00e1bamos muy, muy contentos con la victoria de Carlos? Honestamente, s\u00ed&#8221;, explic\u00f3 Charles durante la rueda de prensa del GP de Austria el jueves.<\/p>\n\n\n\n<p class=\"wp-block-paragraph\">&#8220;Pero obviamente \u00e9ramos primero y segundo antes del coche de seguridad y terminamos la carrera primero y cuarto. As\u00ed que tambi\u00e9n hay un poco de decepci\u00f3n. Pero no hay ning\u00fan tipo de divisi\u00f3n dentro del equipo, te lo puedo asegurar&#8221;, dijo el monegasco.<\/p>\n\n\n\n<p class=\"wp-block-paragraph\">Tambi\u00e9n se le pregunt\u00f3 a Leclerc sobre la conversaci\u00f3n que tuvo con el jefe de Ferrari, Mattia Binotto, despu\u00e9s de la carrera en Silverstone. Confirm\u00f3 que tuvo otra reuni\u00f3n con el italiano esta semana en M\u00f3naco, pero que era rutina.<\/p>\n\n\n\n<p class=\"wp-block-paragraph\"><strong>\u00a1Conoce el canal de Grande Pr\u00eamio en Espa\u00f1ol en\u00a0<a href=\"https:\/\/www.youtube.com\/channel\/UCDxWojGVUi9gWYhrY0pGbIQ\" target=\"_blank\" rel=\"noreferrer noopener\">YouTube<\/a>!<br>\u00a1Sigue a\u00a0Grande Pr\u00eamio en Espa\u00f1ol\u00a0en\u00a0<a href=\"https:\/\/twitter.com\/grandepremioES\" target=\"_blank\" rel=\"noreferrer noopener\">Twitter\u00a0<\/a>y en\u00a0<a href=\"https:\/\/www.instagram.com\/grandepremioes\/\" target=\"_blank\" rel=\"noreferrer noopener\">Instagram<\/a>!<\/strong><\/p>\n\n\n\n<figure class=\"wp-block-image size-large\"><img decoding=\"async\" src=\"https:\/\/www.grandepremio.com\/br\/wp-content\/uploads\/2022\/07\/GPF1-1024x683.jpg\" alt=\"\" class=\"wp-image-593837\"\/><figcaption>La foto de la victoria de Sainz tuvo bastante gente, pero no a todo el mundo. Leclerc neg\u00f3 tensi\u00f3n (Foto: Ferrari)<\/figcaption><\/figure>\n\n\n\n<p class=\"wp-block-paragraph\">&#8220;Bueno, obviamente se ha hablado mucho sobre estos dos eventos en los \u00faltimos d\u00edas. Estaba molesto conmigo en Silverstone porque me vio extremadamente hacia bajo, lo cual obviamente entendi\u00f3. Pero solo quer\u00eda asegurarse de que estaba bien, y comprend\u00ed que hab\u00eda hecho un trabajo incre\u00edble teniendo en cuenta la situaci\u00f3n en la que me encontraba despu\u00e9s del coche de seguridad&#8221;, dijo Leclerc.<\/p>\n\n\n\n<p class=\"wp-block-paragraph\">&#8220;En M\u00f3naco era algo que hacemos normalmente. Se fue a M\u00f3naco porque las \u00faltimas cinco carreras fueron muy dif\u00edciles para m\u00ed. Y yo solo quer\u00eda quedarme en casa, desconectar un poco de todo y estar al 100% para este fin de semana&#8221;, explic\u00f3 el monegasco.<\/p>\n\n\n\n<p class=\"wp-block-paragraph\">Charles espera que el error de estrategia en Silverstone sirva de lecci\u00f3n al equipo para las pr\u00f3ximas pruebas, especialmente en momentos de r\u00e1pida toma de decisiones, como cuando arranca el coche de seguridad. El actual tercer clasificado de F\u00f3rmula 1 revel\u00f3 que Ferrari ya ha realizado cambios en la comunicaci\u00f3n y espera que las cosas mejoren.<\/p>\n\n\n\n<p class=\"wp-block-paragraph\">&#8220;Personalmente, no creo que pudiera haber hecho nada diferente. Como equipo, creo que ya hemos cambiado algunas cosas en la forma en que nos comunicamos durante la carrera para estar preparados para esos momentos. Cuando sale el coche de seguridad, tienes que tomar una decisi\u00f3n, y si no est\u00e1s preparado, es complicado. As\u00ed que cambiamos algunas cosas como equipo, pero no voy a entrar en detalles&#8221;, concluy\u00f3.<\/p>\n","protected":false},"excerpt":{"rendered":"<p>Charles Leclerc asegur\u00f3 que no hay problemas internos en Ferrari y explic\u00f3 los encuentros con Mattia Binotto en los \u00faltimos d\u00edas.<\/p>\n","protected":false},"author":0,"featured_media":1010074705,"comment_status":"closed","ping_status":"closed","sticky":false,"template":"","format":"standard","meta":{"42wp_featured_image_caption":"","42wp_featured_image_credits":"","42wp_featured_video":"","42wp_featured_image_hidden":false,"42wp_authors_list":[],"footnotes":""},"categories":[5],"tags":[205,302,247,181,1495,185,179,329,439,243,2421],"42wp_author":[14233],"class_list":["post-22511","post","type-post","status-publish","format-standard","has-post-thumbnail","hentry","category-f1","tag-austria","tag-carlos-sainz","tag-charles-leclerc","tag-f1","tag-f1-2022","tag-ferrari","tag-formula-1","tag-gp-de-austria","tag-mattia-binotto","tag-red-bull-ring","tag-spielberg","42wp_author-eric-calduch"],"_links":{"self":[{"href":"https:\/\/grandepremio.com\/es\/wp-json\/wp\/v2\/posts\/22511","targetHints":{"allow":["GET"]}}],"collection":[{"href":"https:\/\/grandepremio.com\/es\/wp-json\/wp\/v2\/posts"}],"about":[{"href":"https:\/\/grandepremio.com\/es\/wp-json\/wp\/v2\/types\/post"}],"replies":[{"embeddable":true,"href":"https:\/\/grandepremio.com\/es\/wp-json\/wp\/v2\/comments?post=22511"}],"version-history":[{"count":0,"href":"https:\/\/grandepremio.com\/es\/wp-json\/wp\/v2\/posts\/22511\/revisions"}],"wp:featuredmedia":[{"embeddable":true,"href":"https:\/\/grandepremio.com\/es\/wp-json\/wp\/v2\/media\/1010074705"}],"wp:attachment":[{"href":"https:\/\/grandepremio.com\/es\/wp-json\/wp\/v2\/media?parent=22511"}],"wp:term":[{"taxonomy":"category","embeddable":true,"href":"https:\/\/grandepremio.com\/es\/wp-json\/wp\/v2\/categories?post=22511"},{"taxonomy":"post_tag","embeddable":true,"href":"https:\/\/grandepremio.com\/es\/wp-json\/wp\/v2\/tags?post=22511"},{"taxonomy":"42wp_author","embeddable":true,"href":"https:\/\/grandepremio.com\/es\/wp-json\/wp\/v2\/42wp_author?post=22511"}],"curies":[{"name":"wp","href":"https:\/\/api.w.org\/{rel}","templated":true}]}}