{"id":2255,"date":"2026-03-12T10:59:44","date_gmt":"2026-03-12T13:59:44","guid":{"rendered":"https:\/\/grandepremio.com\/es\/2026\/03\/12\/nuevo-circuito-f1-2026-primeras-imagenes\/"},"modified":"2026-03-12T10:59:53","modified_gmt":"2026-03-12T13:59:53","slug":"nuevo-circuito-f1-2026-primeras-imagenes","status":"publish","type":"post","link":"https:\/\/grandepremio.com\/es\/f1\/nuevo-circuito-f1-2026-primeras-imagenes\/","title":{"rendered":"El nuevo circuito de la F1 2026 publica sus primeras im\u00e1genes"},"content":{"rendered":"\n<p class=\"wp-block-paragraph\">Poco a poco se empiezan a conocer m\u00e1s detalles del nuevo <strong>Madring<\/strong>, el circuito urbano emplazado en las afueras de <strong>Madrid<\/strong>, donde se disputar\u00e1 en septiembre de este a\u00f1o el <strong>GP de Espa\u00f1a<\/strong> de la <strong>F\u00f3rmula 1<\/strong>. Se han podido ver las primeras im\u00e1genes de lo que ser\u00eda el circuito terminado. \u00a0<\/p>\n\n\n\n<p class=\"wp-block-paragraph\">\ud83d\udfe5&nbsp;<strong><em>\u00a1Todas las novedades te esperan en el canal de&nbsp;<\/em><\/strong><a href=\"https:\/\/www.youtube.com\/@GrandePremioES\"><em>YouTube<\/em><\/a><strong><em>&nbsp;de Grande Pr\u00eamio en Espa\u00f1ol!<\/em><\/strong>&nbsp;\ud83d\udfe8<\/p>\n\n\n\n<p class=\"wp-block-paragraph\">El circuito, que reemplazar\u00e1 a <strong>Barcelona <\/strong>como la sede de la carrera espa\u00f1ola de la F1, tendr\u00e1 5,4 km de longitud y 22 curvas, descrito como un circuito <em>&#8220;h\u00edbrido&#8221; <\/em>que combina tramos permanentes con calles p\u00fablicas que rodean el complejo <strong>IFEMA<\/strong>, que servir\u00e1 como sede del evento.<\/p>\n\n\n\n<p class=\"wp-block-paragraph\">La carrera marcar\u00e1 el regreso de la F1 a Madrid despu\u00e9s de 45 a\u00f1os. La \u00faltima vez que la ciudad alberg\u00f3 un evento de la categor\u00eda fue en 1981, cuando la carrera se celebr\u00f3 en el circuito del <strong>Jarama<\/strong>, situado a unos 32 km al norte de la capital.<\/p>\n\n\n\n<figure class=\"wp-block-embed is-type-video is-provider-youtube wp-block-embed-youtube wp-embed-aspect-16-9 wp-has-aspect-ratio\"><div class=\"wp-block-embed__wrapper\">\n<iframe loading=\"lazy\" title=\"RUSSELL Y MERCEDES DOMINAN EN EL ARRANQUE DE LA F1 2026\" width=\"500\" height=\"281\" src=\"https:\/\/www.youtube.com\/embed\/HCDLMUn1Zhw?feature=oembed\" frameborder=\"0\" allow=\"accelerometer; autoplay; clipboard-write; encrypted-media; gyroscope; picture-in-picture; web-share\" referrerpolicy=\"strict-origin-when-cross-origin\" allowfullscreen><\/iframe>\n<\/div><\/figure>\n\n\n\n<p class=\"wp-block-paragraph\">Hay varios puntos destacados como la curva <em>La Monumental<\/em>, que tendr\u00e1 550 metros de longitud y una pendiente de 24\u00b0, una <em>recta principal muy corta<\/em>, de 589 metros, donde se espera que los coches alcancen velocidades cercanas a los 320 km\/h antes de llegar a la primera zona de frenada importante. La distancia entre la l\u00ednea de salida y la primera curva ser\u00e1 de poco m\u00e1s de 200 m, lo que promete convertir este punto en uno de los momentos m\u00e1s cr\u00edticos, especialmente al principio.<\/p>\n\n\n\n<p class=\"wp-block-paragraph\">De acuerdo con las informaciones oficiales, las im\u00e1genes publicadas tambi\u00e9n muestran las zonas de tribunas, las escapatorias y la integraci\u00f3n del circuito con el entorno urbano de Madrid. De hecho, uno de los principales objetivos del proyecto era crear un evento con una fuerte conexi\u00f3n con la ciudad. La construcci\u00f3n del circuito est\u00e1 prevista que termine en junio de este a\u00f1o, tres meses antes de la visita de la <strong>F1 2026<\/strong>.<\/p>\n\n\n\n<p class=\"wp-block-paragraph\">Sin embargo, el proyecto se enfrenta a varios obst\u00e1culos, como las quejas de los vecinos de Valdebebas y los distritos vecinos por el ruido y el impacto ambiental, as\u00ed como el uso de fondos p\u00fablicos en la construcci\u00f3n del circuito. Por su parte, el portal italiano <em>RMC Motori<\/em> incluso visit\u00f3 la obra en noviembre e identific\u00f3 un retraso considerable en la construcci\u00f3n del paddock, las curvas, las tribunas y otras estructuras esenciales para el evento.<\/p>\n\n\n\n<figure class=\"wp-block-image size-large\"><img decoding=\"async\" src=\"https:\/\/grandepremio.com\/cdn-cgi\/image\/width=893,height=558,fit=contain,gravity=0.5x0.5,quality=75,format=webp\/es\/wp-content\/uploads\/2026\/03\/image-8-1024x576.png\" alt=\"\" class=\"wp-image-395172\"\/><figcaption class=\"wp-element-caption\">Otro tramo de las fotos publicadas del Madring por la organizaci\u00f3n del Gran Premio de Espa\u00f1a de F1. (Foto: Madring)<\/figcaption><\/figure>\n\n\n\n<p class=\"wp-block-paragraph\">Pese a esto, una publicaci\u00f3n del diario espa\u00f1ol <em>Marca <\/em>inform\u00f3 que la construcci\u00f3n del circuito urbano de Madrid avanza seg\u00fan lo previsto y sin retrasos significativos. El citado medio tambi\u00e9n indica que el concejal Miguel \u00c1ngel confirm\u00f3 que <em>&#8220;la ciudadan\u00eda puede estar tranquila&#8221;<\/em>, ya que las obras<em> &#8220;avanzan a buen ritmo&#8221;<\/em>.<\/p>\n\n\n\n<p class=\"wp-block-paragraph\">\u23e9&nbsp;<strong><em>\u00a1Seguinos en redes por&nbsp;<\/em><\/strong><a href=\"https:\/\/twitter.com\/grandepremioES\"><em>Twitter&nbsp;<\/em><\/a><strong><em>e&nbsp;<\/em><\/strong><a href=\"https:\/\/www.instagram.com\/grandepremioes\/\"><em>Instagram!<br><\/em><\/a>\u23e9&nbsp;<strong><em>Adem\u00e1s, tenemos nuestro&nbsp;<\/em><\/strong><a href=\"https:\/\/whatsapp.com\/channel\/0029VaDZ5zb0gcfDxuwxBM05\"><em>canal de Whatsapp<\/em><\/a><strong><em>&nbsp;con toda la informaci\u00f3n al instante<\/em><\/strong>&nbsp;\ud83c\udfc1<\/p>\n\n\n\n<p class=\"wp-block-paragraph\">La F\u00f3rmula 1 regresar\u00e1 a las pistas la semana que viene con el Gran Premio de China, entre el 13 y el 15 de marzo, para la segunda ronda del campeonato. Cobertura de GRANDE PREMIO en espa\u00f1ol.<\/p>\n","protected":false},"excerpt":{"rendered":"<p>Los organizadores del Gran Premio de Espa\u00f1a han publicado nuevas im\u00e1genes de c\u00f3mo lucir\u00e1 el circuito urbano de Madrid durante el fin de semana de la F\u00f3rmula 1, que tiene pactada su visita para el mes de septiembre. <\/p>\n","protected":false},"author":0,"featured_media":1010395167,"comment_status":"closed","ping_status":"closed","sticky":false,"template":"","format":"standard","meta":{"42wp_featured_image_caption":"","42wp_featured_image_credits":"","42wp_featured_video":"","42wp_featured_image_hidden":false,"42wp_authors_list":[],"footnotes":""},"categories":[5],"tags":[577,1680,179,588,3894,1014,1638,12247],"42wp_author":[14237],"class_list":["post-2255","post","type-post","status-publish","format-standard","has-post-thumbnail","hentry","category-f1","tag-barcelona","tag-f1-2026","tag-formula-1","tag-gp-de-espana","tag-ifema","tag-jarama","tag-madrid","tag-madring","42wp_author-gabriel-garcia"],"_links":{"self":[{"href":"https:\/\/grandepremio.com\/es\/wp-json\/wp\/v2\/posts\/2255","targetHints":{"allow":["GET"]}}],"collection":[{"href":"https:\/\/grandepremio.com\/es\/wp-json\/wp\/v2\/posts"}],"about":[{"href":"https:\/\/grandepremio.com\/es\/wp-json\/wp\/v2\/types\/post"}],"replies":[{"embeddable":true,"href":"https:\/\/grandepremio.com\/es\/wp-json\/wp\/v2\/comments?post=2255"}],"version-history":[{"count":0,"href":"https:\/\/grandepremio.com\/es\/wp-json\/wp\/v2\/posts\/2255\/revisions"}],"wp:featuredmedia":[{"embeddable":true,"href":"https:\/\/grandepremio.com\/es\/wp-json\/wp\/v2\/media\/1010395167"}],"wp:attachment":[{"href":"https:\/\/grandepremio.com\/es\/wp-json\/wp\/v2\/media?parent=2255"}],"wp:term":[{"taxonomy":"category","embeddable":true,"href":"https:\/\/grandepremio.com\/es\/wp-json\/wp\/v2\/categories?post=2255"},{"taxonomy":"post_tag","embeddable":true,"href":"https:\/\/grandepremio.com\/es\/wp-json\/wp\/v2\/tags?post=2255"},{"taxonomy":"42wp_author","embeddable":true,"href":"https:\/\/grandepremio.com\/es\/wp-json\/wp\/v2\/42wp_author?post=2255"}],"curies":[{"name":"wp","href":"https:\/\/api.w.org\/{rel}","templated":true}]}}