{"id":22613,"date":"2022-07-01T08:28:54","date_gmt":"2022-07-01T11:28:54","guid":{"rendered":"https:\/\/grandepremio.com\/es\/2022\/07\/01\/lewis-hamilton-bernie-ecclestone-nelson-piquet-formula-1\/"},"modified":"2022-07-01T08:28:55","modified_gmt":"2022-07-01T11:28:55","slug":"lewis-hamilton-bernie-ecclestone-nelson-piquet-formula-1","status":"publish","type":"post","link":"https:\/\/grandepremio.com\/es\/f1\/lewis-hamilton-bernie-ecclestone-nelson-piquet-formula-1\/","title":{"rendered":"Hamilton rebate cr\u00edticas de Ecclestone: \u201cNo s\u00e9 por qu\u00e9 le damos espacio\u201d"},"content":{"rendered":"\n<p class=\"wp-block-paragraph\">Lewis Hamilton asisti\u00f3 a la rueda de prensa del GP de Gran Breta\u00f1a, celebrada el jueves, y no esquiv\u00f3 las preguntas sobre las declaraciones racistas del tricampe\u00f3n mundial Nelson Piquet, que tuvieron eco en todo el mundo esta semana y se ganaron el repudio del mundo del automovilismo.<\/p>\n\n\n\n<p class=\"wp-block-paragraph\">En la rueda de prensa, Hamilton respondi\u00f3 indirectamente a Bernie Ecclestone, ex jefe de la F\u00f3rmula 1, que concedi\u00f3 una entrevista al programa Good Morning Britain defendiendo a Piquet y diciendo que le sorprend\u00eda que Lewis no ignorara el hecho. Incluso sin dar nombres, el siete veces campe\u00f3n lanz\u00f3 cr\u00edticas.<\/p>\n\n\n\n<p class=\"wp-block-paragraph\">&#8220;No s\u00e9 por qu\u00e9 seguimos d\u00e1ndole espacio a estas viejas voces. Porque hablan de nuestro deporte y nosotros queremos ir a un lugar completamente diferente. Creo que no es representativo de lo que somos ahora como deporte y de lo que queremos ser&#8221;, declar\u00f3.<\/p>\n\n\n\n<figure class=\"wp-block-image size-full\"><img decoding=\"async\" src=\"https:\/\/grandepremio.com\/es\/\/wp-content\/uploads\/2021\/01\/bernie-ecclestone-nelson-piquet-1024x768-1.jpg\" alt=\"\" class=\"wp-image-73002\"\/><figcaption>Lewis Hamilton critic\u00f3 la opini\u00f3n de Bernie Ecclestone. (Foto: Reproducci\u00f3n)<\/figcaption><\/figure>\n\n\n\n<p class=\"wp-block-paragraph\">Ecclestone, que tambi\u00e9n afirm\u00f3 en la entrevista que recibir\u00eda una bala por el presidente ruso Vladimir Putin y defendi\u00f3 la invasi\u00f3n rusa de Ucrania, tiene un historial de declaraciones en las que resta importancia a las cuestiones raciales y al activismo de Hamilton. <\/p>\n\n\n\n<p class=\"wp-block-paragraph\">&#8220;Estas viejas voces, inconsciente o conscientemente, no est\u00e1n de acuerdo con que personas como yo, por ejemplo, se dediquen a un deporte como \u00e9ste. No est\u00e1n de acuerdo con que las mujeres est\u00e9n aqu\u00ed. Nadie deber\u00eda tener que ignorar el racismo, y no deber\u00eda ser yo quien lo ignore&#8221;, sigui\u00f3 el piloto brit\u00e1nico.<\/p>\n\n\n\n<p class=\"wp-block-paragraph\">El comentario racista de Nelson Piquet ocurri\u00f3 el a\u00f1o pasado. En esa oportunidad, el tricampe\u00f3n comentaba el choque entre el piloto de Mercedes y Max Verstappen en el Gran Premio de Gran Breta\u00f1a de F\u00f3rmula 1.<\/p>\n\n\n\n<p class=\"wp-block-paragraph\">En el v\u00eddeo, que obtuvo repercusi\u00f3n en la prensa internacional, el periodista Ricardo Oliveira interrog\u00f3 a Piquet sobre una maniobra similar realizada por Ayrton Senna en el pasado, y el tricampe\u00f3n se mostr\u00f3 en desacuerdo. &#8220;El &#8216;negrito&#8217; meti\u00f3 el auto y no dej\u00f3 pasar [a Verstappen]. [\u2026] El &#8216;negrito&#8217; dej\u00f3 el auto puesto, porque no hab\u00eda manera de que pasen dos autos en esa curva. [\u2026] El &#8216;negrito&#8217; lo hizo con intencionalidad&#8221;, manifest\u00f3 Piquet en una entrevista el 3 de noviembre de 2021. Posteriormente, en esa misma entrevista, <a href=\"https:\/\/grandepremio.com\/es\/\/f1\/negrito-culo-piquet-rosberg-hamilton\/\">el expiloto brasile\u00f1o insult\u00f3 a su antiguo rival Keke Rosberg y tuvo nuevos comentarios homof\u00f3bicos sobre Lewis Hamilton, seg\u00fan lo revelado por <strong>GRANDE PR\u00caMIO<\/strong>.<\/a><\/p>\n\n\n\n<figure class=\"wp-block-image size-full\"><img decoding=\"async\" src=\"https:\/\/grandepremio.com\/es\/\/wp-content\/uploads\/2022\/06\/201511141214592_4E0A9345_DMa1.jpg\" alt=\"\" class=\"wp-image-73072\"\/><figcaption>Piquet fue suspendido por el Club de Pilotos Brit\u00e1nico. (Foto: Rodrigo Berton\/Grande Pr\u00eamio)<\/figcaption><\/figure>\n\n\n\n<p class=\"wp-block-paragraph\"><strong><strong>\u00a1Conoce el canal de Grande Pr\u00eamio en Espa\u00f1ol en\u00a0<a href=\"https:\/\/www.youtube.com\/channel\/UCDxWojGVUi9gWYhrY0pGbIQ\" target=\"_blank\" rel=\"noreferrer noopener\">YouTube<\/a>!<br>\u00a1Sigue a\u00a0Grande Pr\u00eamio en Espa\u00f1ol\u00a0en\u00a0<a href=\"https:\/\/twitter.com\/grandepremioES\" target=\"_blank\" rel=\"noreferrer noopener\">Twitter\u00a0<\/a>y en\u00a0<a href=\"https:\/\/www.instagram.com\/grandepremioes\/\" target=\"_blank\" rel=\"noreferrer noopener\">Instagram<\/a>!<\/strong><\/strong><\/p>\n\n\n\n<p class=\"wp-block-paragraph\">Lewis Hamilton respondi\u00f3 a los comentarios de Piquet en sus redes sociales. En primer lugar, public\u00f3 en su cuenta de Twitter un mensaje en portugu\u00e9s. &#8220;Centr\u00e9monos en cambiar la mentalidad&#8221;, escribi\u00f3 el siete veces campe\u00f3n del mundo. Poco despu\u00e9s, el piloto de Mercedes volvi\u00f3 a tuitear en ingl\u00e9s y pidi\u00f3 acciones contundentes contra el racismo.<\/p>\n\n\n\n<p class=\"wp-block-paragraph\">&#8220;Esto es m\u00e1s que lenguaje. Estas mentalidades arcaicas deben cambiar y no tienen cabida en nuestro deporte. He estado rodeado de estas actitudes y he sido un objetivo durante toda mi vida. Ha habido mucho tiempo para aprender. Es hora de actuar&#8221;, declar\u00f3 Hamilton.<\/p>\n\n\n\n<p class=\"wp-block-paragraph\"><a href=\"https:\/\/grandepremio.com\/es\/\/f1\/nelson-piquet-lewis-hamilton-formula-1\/\">El hecho gener\u00f3 expresiones p\u00fablicas de repudio por parte de la F\u00f3rmula 1<\/a>, que no mencion\u00f3 el nombre de Piquet en un comunicado oficial difundido en la madrugada del martes. &#8220;El lenguaje discriminatorio o racista es inaceptable en cualquier forma y no forma parte de la sociedad. Lewis es un incre\u00edble embajador de nuestro deporte y merece respeto. Sus incansables esfuerzos por aumentar la diversidad y la inclusi\u00f3n son una lecci\u00f3n para muchos y algo con lo que estamos comprometidos en la F1&#8221;, expres\u00f3 el comunicado de la categor\u00eda.<\/p>\n\n\n\n<figure class=\"wp-block-image size-large\"><img decoding=\"async\" src=\"https:\/\/grandepremio.com\/es\/\/wp-content\/uploads\/2022\/06\/SI201806300336_news-1024x681.jpg\" alt=\"\" class=\"wp-image-72873\"\/><figcaption>La F\u00f3rmula 1 estudia vetar la presencia de Nelson Piquet en el paddock. (Foto: GEPA pictures \/ Red Bull Content Pool)<\/figcaption><\/figure>\n\n\n\n<p class=\"wp-block-paragraph\">Mercedes tambi\u00e9n emiti\u00f3 un comunicado oficial sobre el lenguaje utilizado por Piquet. &#8220;Condenamos en\u00e9rgicamente cualquier uso de lenguaje racista o discriminatorio de cualquier tipo. Lewis ha liderado los esfuerzos de nuestro deporte para hacerle frente al racismo y es un verdadero campe\u00f3n de la diversidad dentro y fuera de la pista. Juntos compartimos la visi\u00f3n de un automovilismo diverso e inclusivo, y este incidente pone de manifiesto la importancia fundamental de seguir luchando por un futuro mejor&#8221;, dijo el equipo.<\/p>\n\n\n\n<p class=\"wp-block-paragraph\">La FIA tambi\u00e9n repudi\u00f3 el hecho, diciendo a trav\u00e9s de un comunicado oficial en su cuenta de Twitter que &#8220;condena en\u00e9rgicamente cualquier lenguaje y comportamiento racista o discriminatorio, que no tiene lugar en el deporte o en la sociedad en general.&#8221;<\/p>\n\n\n\n<p class=\"wp-block-paragraph\">&#8220;Expresamos nuestra solidaridad con Lewis Hamilton. Apoyamos plenamente su compromiso con la igualdad, la diversidad y la inclusi\u00f3n en el automovilismo&#8221;, finaliz\u00f3 el organismo.<\/p>\n\n\n\n<p class=\"wp-block-paragraph\">En un comunicado enviado a la prensa internacional durante el mi\u00e9rcoles, Piquet se disculp\u00f3 con Hamilton, pero intent\u00f3 justificarlo alegando que hubo una &#8220;traducci\u00f3n incorrecta&#8221; del t\u00e9rmino racista. A pesar del intento de retractaci\u00f3n, la F\u00f3rmula 1 est\u00e1 considerando la posibilidad de prohibir al ex piloto y tricampe\u00f3n del mundo el acceso al paddock.<\/p>\n\n\n\n<p class=\"wp-block-paragraph\">El GP de Gran Breta\u00f1a se celebra entre el 1 y el 3 de julio en el circuito de Silverstone. La competencia tiene cobertura <strong>en DIRECTO y en TIEMPO REAL por parte de GRANDE PR\u00caMIO en Espa\u00f1ol.<\/strong><\/p>\n","protected":false},"excerpt":{"rendered":"<p>Lewis Hamilton critic\u00f3 la opini\u00f3n de Bernie Ecclestone sobre el caso Piquet, y asegur\u00f3 que el exjefe de la F1 ya no es una voz representativa.<\/p>\n","protected":false},"author":0,"featured_media":1010073092,"comment_status":"closed","ping_status":"closed","sticky":false,"template":"","format":"standard","meta":{"42wp_featured_image_caption":"","42wp_featured_image_credits":"","42wp_featured_video":"","42wp_featured_image_hidden":false,"42wp_authors_list":[],"footnotes":""},"categories":[5],"tags":[202,181,1495,179,1439,507,199,197,984],"42wp_author":[14223],"class_list":["post-22613","post","type-post","status-publish","format-standard","has-post-thumbnail","hentry","category-f1","tag-bernie-ecclestone","tag-f1","tag-f1-2022","tag-formula-1","tag-formula-1-2022","tag-gp-de-gran-bretana","tag-lewis-hamilton","tag-mercedes","tag-nelson-piquet","42wp_author-esteban-nieto"],"_links":{"self":[{"href":"https:\/\/grandepremio.com\/es\/wp-json\/wp\/v2\/posts\/22613","targetHints":{"allow":["GET"]}}],"collection":[{"href":"https:\/\/grandepremio.com\/es\/wp-json\/wp\/v2\/posts"}],"about":[{"href":"https:\/\/grandepremio.com\/es\/wp-json\/wp\/v2\/types\/post"}],"replies":[{"embeddable":true,"href":"https:\/\/grandepremio.com\/es\/wp-json\/wp\/v2\/comments?post=22613"}],"version-history":[{"count":0,"href":"https:\/\/grandepremio.com\/es\/wp-json\/wp\/v2\/posts\/22613\/revisions"}],"wp:featuredmedia":[{"embeddable":true,"href":"https:\/\/grandepremio.com\/es\/wp-json\/wp\/v2\/media\/1010073092"}],"wp:attachment":[{"href":"https:\/\/grandepremio.com\/es\/wp-json\/wp\/v2\/media?parent=22613"}],"wp:term":[{"taxonomy":"category","embeddable":true,"href":"https:\/\/grandepremio.com\/es\/wp-json\/wp\/v2\/categories?post=22613"},{"taxonomy":"post_tag","embeddable":true,"href":"https:\/\/grandepremio.com\/es\/wp-json\/wp\/v2\/tags?post=22613"},{"taxonomy":"42wp_author","embeddable":true,"href":"https:\/\/grandepremio.com\/es\/wp-json\/wp\/v2\/42wp_author?post=22613"}],"curies":[{"name":"wp","href":"https:\/\/api.w.org\/{rel}","templated":true}]}}