{"id":22625,"date":"2022-06-29T15:03:31","date_gmt":"2022-06-29T18:03:31","guid":{"rendered":"https:\/\/grandepremio.com\/es\/2022\/06\/29\/nelson-piquet-paddock-formula-1\/"},"modified":"2022-06-29T15:22:17","modified_gmt":"2022-06-29T18:22:17","slug":"nelson-piquet-paddock-formula-1","status":"publish","type":"post","link":"https:\/\/grandepremio.com\/es\/f1\/nelson-piquet-paddock-formula-1\/","title":{"rendered":"F1 estudia vetar para siempre del paddock a Piquet por sus comentarios racistas"},"content":{"rendered":"\n<p class=\"wp-block-paragraph\"><a href=\"https:\/\/grandepremio.com\/es\/\/f1\/nelson-piquet-lewis-hamilton-formula-1\/\">La F\u00f3rmula 1 se tom\u00f3 muy en serio el t\u00e9rmino racista que utiliz\u00f3 Nelson Piquet para describir a Lewis Hamilton<\/a> en un v\u00eddeo en el que se hablaba del incidente entre el siete veces campe\u00f3n y Max Verstappen en Silverstone el a\u00f1o pasado. Ahora existe la posibilidad real de que Piquet sea expulsado del paddock de la F\u00f3rmula 1 de por vida.<\/p>\n\n\n\n<p class=\"wp-block-paragraph\">La prensa europea inform\u00f3 al un\u00edsono de que la F\u00f3rmula 1 est\u00e1 considerando vetar al tricampe\u00f3n del mundo del paddock. M\u00e1s que eso: es la decisi\u00f3n que la F1 se inclina a tomar, seg\u00fan la cadena de televisi\u00f3n inglesa BBC y la revista brit\u00e1nica Autosport.<\/p>\n\n\n\n<p class=\"wp-block-paragraph\">El pasado martes, despu\u00e9s de que la F\u00f3rmula 1, la FIA y Mercedes iniciaran una oleada de comunicados de prensa que, aunque no mencionaban a Piquet, trataban la situaci\u00f3n y se solidarizaban con Lewis Hamilton, Damon Hill, campe\u00f3n del mundo en 1996 y actual comentarista de la cadena de televisi\u00f3n inglesa Sky Sports, tambi\u00e9n toc\u00f3 el tema. Y tambi\u00e9n record\u00f3 la dimisi\u00f3n del antiguo piloto de la Academia Red Bull, J\u00fcri Vips, tras utilizar un lenguaje racista.<\/p>\n\n\n\n<p class=\"wp-block-paragraph\"><strong><strong>\u00a1Conoce el canal de Grande Pr\u00eamio en Espa\u00f1ol en\u00a0<a href=\"https:\/\/www.youtube.com\/channel\/UCDxWojGVUi9gWYhrY0pGbIQ\" target=\"_blank\" rel=\"noreferrer noopener\">YouTube<\/a>!<br>\u00a1Sigue a\u00a0Grande Pr\u00eamio en Espa\u00f1ol\u00a0en\u00a0<a href=\"https:\/\/twitter.com\/grandepremioES\" target=\"_blank\" rel=\"noreferrer noopener\">Twitter\u00a0<\/a>y en\u00a0<a href=\"https:\/\/www.instagram.com\/grandepremioes\/\" target=\"_blank\" rel=\"noreferrer noopener\">Instagram<\/a>!<\/strong><\/strong><\/p>\n\n\n\n<p class=\"wp-block-paragraph\">&#8220;Eso ya ha cruzado la l\u00ednea. Incluso con alg\u00fan posible malentendido en la diferencia entre el ingl\u00e9s y el portugu\u00e9s, es ciertamente algo por lo que hay que disculparse, pero no s\u00e9 qu\u00e9 tipo de disculpa ser\u00eda suficiente. Es muy triste, en realidad. Me da mucha pena que Lewis tenga que lidiar con esto constantemente. Es algo que arruina la experiencia de ser un piloto de F1 quiz\u00e1s m\u00e1s de lo que es posible entender&#8221;, coment\u00f3.<\/p>\n\n\n\n<p class=\"wp-block-paragraph\">&#8220;Este caso es uno de los que tiene pruebas f\u00e1ciles de confirmar de que algo se dijo y se hizo. Al igual que ocurri\u00f3 con J\u00fcri Vips &#8211; y tomaron medidas contra J\u00fcri. Tenemos que asegurarnos de que el deporte no se limita a asentir a lo pol\u00edticamente correcto. Tiene que quedar absolutamente claro&#8221;, denunci\u00f3.<\/p>\n\n\n\n<figure class=\"wp-block-image size-large\"><img decoding=\"async\" src=\"https:\/\/grandepremio.com\/es\/\/wp-content\/uploads\/2022\/06\/M234913-1024x683.jpg\" alt=\"\" class=\"wp-image-72874\"\/><figcaption>Lewis Hamilton durante una de sus manifestaciones antirracistas. (Foto: Mercedes\/Steve Etherington)<\/figcaption><\/figure>\n\n\n\n<p class=\"wp-block-paragraph\">&#8220;Hace tiempo que quiero que el deporte sea muy claro en la defensa de ciertos valores, pero el argumento en contra era que no pod\u00edan ser pol\u00edticos. Esa fue la respuesta: no somos una organizaci\u00f3n pol\u00edtica, no podemos. Pero eso no es pol\u00edtica: es decencia de valores humanos. Y el deporte tiene que ser tambi\u00e9n eso&#8221;, concluy\u00f3.<\/p>\n\n\n\n<p class=\"wp-block-paragraph\">Hamilton tambi\u00e9n tom\u00f3 la palabra y dijo que despu\u00e9s de mucho tiempo para que todos aprendieran, ahora es el momento de realizar acciones concretas para cambiar las mentalidades arcaicas.<\/p>\n\n\n\n<p class=\"wp-block-paragraph\">Tras los anuncios, la declaraci\u00f3n de Hamilton y Hill, otros pilotos actuales de F\u00f3rmula 1 tambi\u00e9n se pronunciaron en solidaridad. Este fue el caso de George Russell, compa\u00f1ero de equipo de Hamilton en Mercedes, as\u00ed como de Esteban Ocon y Charles Leclerc.<\/p>\n\n\n\n<p class=\"wp-block-paragraph\">&#8220;Tengo mucho respeto por Lewis Hamilton. Ha hecho m\u00e1s por este deporte que cualquier otro piloto, no s\u00f3lo en la pista sino tambi\u00e9n fuera de ella. El hecho de que \u00e9l y tantos otros tengan que seguir lidiando con este tipo de comportamiento es inaceptable. Tenemos que unirnos contra todo tipo de discriminaci\u00f3n&#8221;, declar\u00f3 Russell.<\/p>\n\n\n\n<figure class=\"wp-block-image size-large\"><img decoding=\"async\" src=\"https:\/\/grandepremio.com\/es\/\/wp-content\/uploads\/2022\/06\/M320069-2-1024x683.jpg\" alt=\"\" class=\"wp-image-73021\"\/><figcaption>George Russell expres\u00f3 su apoyo hacia Lewis Hamilton. (Foto: Mercedes\/Steve Etherington<\/figcaption><\/figure>\n\n\n\n<p class=\"wp-block-paragraph\">&#8220;Conozco a Lewis desde que llegu\u00e9 a la F1. Siempre ha sido extremadamente respetuoso conmigo y con todos los que conoce. Esos valores deber\u00edan ser la norma con cualquier persona del mundo. Los comentarios realizados sobre Lewis no pueden ser tolerados, y tenemos que seguir presionando al deporte para que sea m\u00e1s diverso e inclusivo. Tenemos que eliminar los comportamientos discriminatorios y el lenguaje racista en todas sus formas, no s\u00f3lo del deporte, sino de nuestra sociedad&#8221;, manifest\u00f3, por su parte, Leclerc.<\/p>\n\n\n\n<p class=\"wp-block-paragraph\">&#8220;Todo lenguaje racista o discriminatorio no tiene cabida en nuestro deporte y en nuestra sociedad. Ya es suficiente. He trabajado y pasado mucho tiempo con Lewis a lo largo de los a\u00f1os y s\u00e9 qu\u00e9 tipo de persona es: siempre genuino y respetuoso con todos los que le rodean. Ha hecho mucho por la F1 dentro y fuera de la pista, y estamos orgullosos de tenerlo al frente de nuestra lucha por la diversidad y la inclusi\u00f3n en el automovilismo. Estoy con Lewis en sus esfuerzos por hacer del deporte un lugar mejor para todos&#8221;, a\u00f1adi\u00f3 Ocon.<\/p>\n\n\n\n<p class=\"wp-block-paragraph\">Piquet, por su parte, acudi\u00f3 a la prensa internacional el mi\u00e9rcoles por la ma\u00f1ana para pronunciarse. Pidi\u00f3 disculpas a Hamilton, pero dijo que en sus palabras que la traducci\u00f3n a sus palabras no hab\u00eda sido la correcta. <\/p>\n\n\n\n<figure class=\"wp-block-image size-full\"><img decoding=\"async\" src=\"https:\/\/grandepremio.com\/es\/\/wp-content\/uploads\/2022\/06\/bernie-ecclestone-nelson-piquet-1024x768-1.jpg\" alt=\"\" class=\"wp-image-73000\"\/><figcaption>Nelson Piquet se pronunci\u00f3 sobre discurso racista contra Hamilton (Foto: Reproducci\u00f3n)<\/figcaption><\/figure>\n\n\n\n<p class=\"wp-block-paragraph\">&#8220;Me gustar\u00eda aclarar la historia que circula en los medios de comunicaci\u00f3n sobre un comentario que hice durante una entrevista el a\u00f1o pasado&#8221;, afirm\u00f3 Piquet. &#8220;Lo que dije no estuvo bien pensado y no voy a defenderme de ello, pero quiero aclarar que el t\u00e9rmino es utilizado en el portugu\u00e9s coloquial brasile\u00f1o como sin\u00f3nimo de &#8216;tipo&#8217; o &#8216;persona&#8217; y nunca tuvo la intenci\u00f3n de ofender&#8221;, sigui\u00f3.<\/p>\n\n\n\n<p class=\"wp-block-paragraph\">&#8220;Nunca us\u00e9 la palabra que algunas traducciones me han acusado de utilizar. Condeno en\u00e9rgicamente cualquier insinuaci\u00f3n de que utilic\u00e9 la palabra con el prop\u00f3sito de menospreciar a un piloto por el color de su piel&#8221;, subray\u00f3. &#8220;Pido sinceras disculpas a todos los que se han sentido afectados, incluido Lewis, que es un piloto incre\u00edble, pero la traducci\u00f3n que circula actualmente en las redes sociales no es correcta&#8221;, subray\u00f3.<\/p>\n\n\n\n<p class=\"wp-block-paragraph\">&#8220;La discriminaci\u00f3n no tiene cabida en la F1 ni en la sociedad y me complace aclarar mis ideas al respecto&#8221;, concluy\u00f3.<\/p>\n\n\n\n<p class=\"wp-block-paragraph\">As\u00ed, el futuro de Piquet como figura de la F1 y sus eventos est\u00e1 en serio peligro.<\/p>\n","protected":false},"excerpt":{"rendered":"<p>Tras su comentarios racistas hacia Lewis Hamilton, el expiloto brasile\u00f1o Nelson Piquet se enfrenta a la posibilidad de ser vetado de la F1.<\/p>\n","protected":false},"author":0,"featured_media":1010073020,"comment_status":"closed","ping_status":"closed","sticky":false,"template":"","format":"standard","meta":{"42wp_featured_image_caption":"","42wp_featured_image_credits":"","42wp_featured_video":"","42wp_featured_image_hidden":false,"42wp_authors_list":[],"footnotes":""},"categories":[5],"tags":[181,1495,179,199,249,197,984],"42wp_author":[14223],"class_list":["post-22625","post","type-post","status-publish","format-standard","has-post-thumbnail","hentry","category-f1","tag-f1","tag-f1-2022","tag-formula-1","tag-lewis-hamilton","tag-max-verstappen","tag-mercedes","tag-nelson-piquet","42wp_author-esteban-nieto"],"_links":{"self":[{"href":"https:\/\/grandepremio.com\/es\/wp-json\/wp\/v2\/posts\/22625","targetHints":{"allow":["GET"]}}],"collection":[{"href":"https:\/\/grandepremio.com\/es\/wp-json\/wp\/v2\/posts"}],"about":[{"href":"https:\/\/grandepremio.com\/es\/wp-json\/wp\/v2\/types\/post"}],"replies":[{"embeddable":true,"href":"https:\/\/grandepremio.com\/es\/wp-json\/wp\/v2\/comments?post=22625"}],"version-history":[{"count":0,"href":"https:\/\/grandepremio.com\/es\/wp-json\/wp\/v2\/posts\/22625\/revisions"}],"wp:featuredmedia":[{"embeddable":true,"href":"https:\/\/grandepremio.com\/es\/wp-json\/wp\/v2\/media\/1010073020"}],"wp:attachment":[{"href":"https:\/\/grandepremio.com\/es\/wp-json\/wp\/v2\/media?parent=22625"}],"wp:term":[{"taxonomy":"category","embeddable":true,"href":"https:\/\/grandepremio.com\/es\/wp-json\/wp\/v2\/categories?post=22625"},{"taxonomy":"post_tag","embeddable":true,"href":"https:\/\/grandepremio.com\/es\/wp-json\/wp\/v2\/tags?post=22625"},{"taxonomy":"42wp_author","embeddable":true,"href":"https:\/\/grandepremio.com\/es\/wp-json\/wp\/v2\/42wp_author?post=22625"}],"curies":[{"name":"wp","href":"https:\/\/api.w.org\/{rel}","templated":true}]}}