{"id":22630,"date":"2022-06-29T08:54:30","date_gmt":"2022-06-29T11:54:30","guid":{"rendered":"https:\/\/grandepremio.com\/es\/2022\/06\/29\/mclaren-contrato-sin-categoria-rosenqvist\/"},"modified":"2022-06-29T08:54:31","modified_gmt":"2022-06-29T11:54:31","slug":"mclaren-contrato-sin-categoria-rosenqvist","status":"publish","type":"post","link":"https:\/\/grandepremio.com\/es\/indy\/mclaren-contrato-sin-categoria-rosenqvist\/","title":{"rendered":"McLaren explica contrato sin categor\u00eda con Rosenqvist: &#8220;Estamos indecisos&#8221;"},"content":{"rendered":"\n<p class=\"wp-block-paragraph\">McLaren anunci\u00f3 el pasado jueves la renovaci\u00f3n del contrato con Felix Rosenqvist. Sin embargo, la escuder\u00eda brit\u00e1nica no revel\u00f3 en qu\u00e9 categor\u00eda competir\u00e1 el sueco en 2023, y F\u00e9lix puede continuar en <a href=\"https:\/\/grandepremio.com\/es\/\/categoria\/indy\/\" target=\"_blank\" rel=\"noreferrer noopener\">IndyCar<\/a> o regresar a la F\u00f3rmula E, donde compiti\u00f3 entre 2016 y 2019. El ins\u00f3lito v\u00ednculo llam\u00f3 la atenci\u00f3n, y Zak Brown no descart\u00f3 seguir un camino similar con otros pilotos en el futuro.<\/p>\n\n\n\n<p class=\"wp-block-paragraph\">\u201cCreo que var\u00eda de un caso a otro. Ten\u00eda sentido con la situaci\u00f3n actual en la que nos encontramos ahora y Felix pudo ganar en ambas categor\u00edas. As\u00ed que no dir\u00eda que es necesariamente un camino a seguir, es solo una opci\u00f3n basada en el piloto, en qu\u00e9 categor\u00edas estamos y d\u00f3nde podr\u00edamos tener lugares\u201d, dijo Brown durante el anuncio de una asociaci\u00f3n con una ciudad futurista en Arabia Saudita.<\/p>\n\n\n\n<p class=\"wp-block-paragraph\">Una semana despu\u00e9s del anuncio, todav\u00eda no hay certeza sobre cu\u00e1l ser\u00e1 el futuro de Rosenqvist. Actualmente octavo en IndyCar, el sueco tiene una pole este a\u00f1o y un cuarto puesto en las 500 Millas de Indian\u00e1polis como su mejor resultado de la temporada. McLaren sigue buscando opciones en el mercado tanto para IndyCar como para la F\u00f3rmula E, para luego definir la mejor combinaci\u00f3n de pilotos para 2023.<\/p>\n\n\n\n<p class=\"wp-block-paragraph\"><strong><strong>\u00a1Conoce el canal de Grande Pr\u00eamio en Espa\u00f1ol en\u00a0<a href=\"https:\/\/www.youtube.com\/channel\/UCDxWojGVUi9gWYhrY0pGbIQ\" target=\"_blank\" rel=\"noreferrer noopener\">YouTube<\/a>!<br>\u00a1Sigue a\u00a0Grande Pr\u00eamio en Espa\u00f1ol\u00a0en\u00a0<a href=\"https:\/\/twitter.com\/grandepremioES\" target=\"_blank\" rel=\"noreferrer noopener\">Twitter\u00a0<\/a>y en\u00a0<a href=\"https:\/\/www.instagram.com\/grandepremioes\/\" target=\"_blank\" rel=\"noreferrer noopener\">Instagram<\/a>!<\/strong><\/strong><\/p>\n\n\n\n<figure class=\"wp-block-image size-large\"><img decoding=\"async\" src=\"https:\/\/www.grandepremio.com\/br\/wp-content\/uploads\/2022\/05\/Felix-Rosenqvist-Indianapolis-500-Practice-By_-Matt-Fraver_Large-Image-Without-Watermark_m57405-1024x683.jpg\" alt=\"\" class=\"wp-image-574417\"\/><figcaption>Felix Rosenqvist fue cuarto en la Indy 500 (Foto: IndyCar)<\/figcaption><\/figure>\n\n\n\n<p class=\"wp-block-paragraph\">\u201cTodav\u00eda no hay progreso, estamos tratando de reunir las mejores alineaciones de pilotos en todas nuestras actividades de carreras. Nos estamos expandiendo a tres coches en IndyCar, F\u00e9lix es \u00fanico porque gan\u00f3 IndyCar y F\u00f3rmula E para que pueda competir en cualquiera de los dos&#8221;.<\/p>\n\n\n\n<p class=\"wp-block-paragraph\">\u201cPor lo tanto, depender\u00e1 mucho de qui\u00e9n ser\u00e1 nuestro otro piloto de IndyCar o qui\u00e9n ser\u00e1 nuestro otro piloto de F\u00f3rmula E, y luego pensaremos en &#8216;Esta es la mejor alineaci\u00f3n que podemos armar en la F\u00f3rmula 1, IndyCar, F\u00f3rmula E y Extreme E&#8217;, por lo que a\u00fan no hemos decidido d\u00f3nde queremos ubicarlo. Realmente se basa en cu\u00e1l es la mejor combinaci\u00f3n\u201d, explic\u00f3 el l\u00edder estadounidense.<\/p>\n\n\n\n<p class=\"wp-block-paragraph\">McLaren debutar\u00e1 en la F\u00f3rmula E en 2023 en el lugar de Mercedes, que deja la categor\u00eda despu\u00e9s de tres temporadas. Preguntado por la posibilidad de aprovechar a uno de los pilotos de la escuder\u00eda alemana, que actualmente cuenta con el belga Stoffel Vandoorne, expiloto de McLaren, y el holand\u00e9s Nyck De Vries, Brown revel\u00f3 que los dos ya tienen otros planes para el futuro.<\/p>\n\n\n\n<p class=\"wp-block-paragraph\">\u201cNo, est\u00e1n trabajando en otras cosas. Podr\u00eda estropear el anuncio, \u00a1pero dejar\u00e9 que lo hagan!&#8221;, dijo Zak.<\/p>\n","protected":false},"excerpt":{"rendered":"<p>Felix Rosenqvist a\u00fan no sabe si se quedar\u00e1 en IndyCar o volver\u00e1 a moverse a la F\u00f3rmula E de la mano de McLaren en 2023.<\/p>\n","protected":false},"author":0,"featured_media":1010072992,"comment_status":"closed","ping_status":"closed","sticky":false,"template":"","format":"standard","meta":{"42wp_featured_image_caption":"","42wp_featured_image_credits":"","42wp_featured_video":"","42wp_featured_image_hidden":false,"42wp_authors_list":[],"footnotes":""},"categories":[7],"tags":[2083,2022,2373,2438,462,925,310,1781,269,1777,328],"42wp_author":[14233],"class_list":["post-22630","post","type-post","status-publish","format-standard","has-post-thumbnail","hentry","category-indy","tag-ceo-de-mclaren","tag-fe-2022","tag-felix-rosenqvist","tag-fia-formula-e","tag-formula-e","tag-indy","tag-indycar","tag-indycar-2022","tag-mclaren","tag-mclaren-sp","tag-zak-brown","42wp_author-eric-calduch"],"_links":{"self":[{"href":"https:\/\/grandepremio.com\/es\/wp-json\/wp\/v2\/posts\/22630","targetHints":{"allow":["GET"]}}],"collection":[{"href":"https:\/\/grandepremio.com\/es\/wp-json\/wp\/v2\/posts"}],"about":[{"href":"https:\/\/grandepremio.com\/es\/wp-json\/wp\/v2\/types\/post"}],"replies":[{"embeddable":true,"href":"https:\/\/grandepremio.com\/es\/wp-json\/wp\/v2\/comments?post=22630"}],"version-history":[{"count":0,"href":"https:\/\/grandepremio.com\/es\/wp-json\/wp\/v2\/posts\/22630\/revisions"}],"wp:featuredmedia":[{"embeddable":true,"href":"https:\/\/grandepremio.com\/es\/wp-json\/wp\/v2\/media\/1010072992"}],"wp:attachment":[{"href":"https:\/\/grandepremio.com\/es\/wp-json\/wp\/v2\/media?parent=22630"}],"wp:term":[{"taxonomy":"category","embeddable":true,"href":"https:\/\/grandepremio.com\/es\/wp-json\/wp\/v2\/categories?post=22630"},{"taxonomy":"post_tag","embeddable":true,"href":"https:\/\/grandepremio.com\/es\/wp-json\/wp\/v2\/tags?post=22630"},{"taxonomy":"42wp_author","embeddable":true,"href":"https:\/\/grandepremio.com\/es\/wp-json\/wp\/v2\/42wp_author?post=22630"}],"curies":[{"name":"wp","href":"https:\/\/api.w.org\/{rel}","templated":true}]}}