{"id":22645,"date":"2022-06-28T08:38:50","date_gmt":"2022-06-28T11:38:50","guid":{"rendered":"https:\/\/grandepremio.com\/es\/2022\/06\/28\/nelson-piquet-lewis-hamilton-formula-1\/"},"modified":"2022-06-28T09:36:32","modified_gmt":"2022-06-28T12:36:32","slug":"nelson-piquet-lewis-hamilton-formula-1","status":"publish","type":"post","link":"https:\/\/grandepremio.com\/es\/f1\/nelson-piquet-lewis-hamilton-formula-1\/","title":{"rendered":"F1 y Mercedes condenan t\u00e9rmino racista de Piquet para referirse a Hamilton"},"content":{"rendered":"\n<p class=\"wp-block-paragraph\">La F\u00f3rmula 1 se manifest\u00f3 oficialmente este martes sobre la entrevista en la que Nelson Piquet utiliz\u00f3 una palabra racista para referirse a Lewis Hamilton. Este incidente ocurri\u00f3 el a\u00f1o pasado cuando el tricampe\u00f3n brasile\u00f1o comentaba <a href=\"https:\/\/grandepremio.com\/es\/\/f1\/verstappen-se-toca-con-hamilton-golpea-contra-defensas-y-abandona\/\">el choque entre el piloto de Mercedes y Max Verstappen en el GP de Gran Breta\u00f1a de 2021.<\/a><\/p>\n\n\n\n<p class=\"wp-block-paragraph\">En el v\u00eddeo, el periodista Ricardo Oliveira interrog\u00f3 a Piquet sobre una maniobra similar realizada por Ayrton Senna en el pasado, y el tricampe\u00f3n no se mostr\u00f3 de acuerdo. &#8220;El &#8216;negrito&#8217; meti\u00f3 el auto y no dej\u00f3 pasar [a Verstappen]. [\u2026] El &#8216;negrito&#8217; dej\u00f3 el auto puesto, porque no hab\u00eda manera de que pasen dos autos en esa curva. [\u2026] El &#8216;negrito&#8217; lo hizo con intencionalidad&#8221;, manifest\u00f3 Piquet en una entrevista el 3 de noviembre de 2021.<\/p>\n\n\n\n<p class=\"wp-block-paragraph\">&#8220;El lenguaje discriminatorio o racista es inaceptable en cualquier forma y no forma parte de la sociedad. Lewis es un incre\u00edble embajador de nuestro deporte y merece respeto&#8221;, expres\u00f3 la F\u00f3rmula 1 en un comunicado publicado en su cuenta oficial de Twitter. &#8220;Sus incansables esfuerzos por aumentar la diversidad y la inclusi\u00f3n son una lecci\u00f3n para muchos y es algo con lo que estamos comprometidos en la F1\u2033, destac\u00f3 el texto.<\/p>\n\n\n\n<p class=\"wp-block-paragraph\"><strong><strong>\u00a1Conoce el canal de Grande Pr\u00eamio en Espa\u00f1ol en&nbsp;<a href=\"https:\/\/www.youtube.com\/channel\/UCDxWojGVUi9gWYhrY0pGbIQ\" target=\"_blank\" rel=\"noreferrer noopener\">YouTube<\/a>!<br>\u00a1Sigue a&nbsp;Grande Pr\u00eamio en Espa\u00f1ol&nbsp;en&nbsp;<a href=\"https:\/\/twitter.com\/grandepremioES\" target=\"_blank\" rel=\"noreferrer noopener\">Twitter&nbsp;<\/a>y en&nbsp;<a href=\"https:\/\/www.instagram.com\/grandepremioes\/\" target=\"_blank\" rel=\"noreferrer noopener\">Instagram<\/a>!<\/strong><\/strong><\/p>\n\n\n\n<figure class=\"wp-block-video\"><video class=\"video-js vjs-big-play-centered\" data-gp-vjs=\"1\" controls src=\"https:\/\/grandepremio.com\/es\/\/wp-content\/uploads\/2021\/07\/Verstappen-Hamilton-1.mp4\"><\/video><figcaption>El momento del toque entre Max Verstappen y Lewis Hamilton en Silverstone 2021. (Video: Reproducci\u00f3n)<\/figcaption><\/figure>\n\n\n\n<p class=\"wp-block-paragraph\">Mercedes tambi\u00e9n se pronunci\u00f3 oficialmente sobre el lenguaje utilizado por Piquet. &#8220;Condenamos en\u00e9rgicamente cualquier uso de lenguaje racista o discriminatorio de cualquier tipo. Lewis ha liderado los esfuerzos de nuestro deporte frente al racismo y es un verdadero campe\u00f3n de la diversidad dentro y fuera de la pista. Juntos, compartimos la visi\u00f3n de un automovilismo diverso e inclusivo. Este incidente pone de relieve la importancia fundamental de seguir luchando por un futuro mejor&#8221;, coment\u00f3 el equipo.<\/p>\n\n\n\n<p class=\"wp-block-paragraph\">La FIA (Federaci\u00f3n Internacional del Autom\u00f3vil) tambi\u00e9n repudi\u00f3 el hecho a trav\u00e9s de un comunicado oficial en su cuenta de Twitter. All\u00ed, conden\u00f3 &#8220;en\u00e9rgicamente cualquier lenguaje y comportamiento racista o discriminatorio, que no tiene lugar en el deporte ni en la sociedad en general.&#8221;<\/p>\n\n\n\n<p class=\"wp-block-paragraph\">&#8220;Expresamos nuestra solidaridad con Lewis Hamilton y apoyamos plenamente su compromiso con la igualdad, la diversidad y la inclusi\u00f3n en el automovilismo&#8221;, finaliz\u00f3 el organismo.<\/p>\n\n\n\n<p class=\"wp-block-paragraph\">El v\u00eddeo de Piquet sali\u00f3 a la luz poco despu\u00e9s de la suspensi\u00f3n de J\u00fcri Vips de la Red Bull Driver Academy por utilizar t\u00e9rminos racistas y tambi\u00e9n hom\u00f3fobos durante un directo en Twitch. Los austr\u00edacos dijeron entonces que &#8220;Como organizaci\u00f3n, condenamos los comentarios abusivos de todo tipo y tenemos una pol\u00edtica de tolerancia cero para el lenguaje y el comportamiento racista dentro de nuestra organizaci\u00f3n.&#8221;<\/p>\n","protected":false},"excerpt":{"rendered":"<p>Lewis Hamilton recibi\u00f3 un apoyo un\u00e1nime luego de que expiloto brasile\u00f1o Nelson Piquet usara un t\u00e9rmino racista para referirse a su persona.<\/p>\n","protected":false},"author":0,"featured_media":1010072867,"comment_status":"closed","ping_status":"closed","sticky":false,"template":"","format":"standard","meta":{"42wp_featured_image_caption":"","42wp_featured_image_credits":"","42wp_featured_video":"","42wp_featured_image_hidden":false,"42wp_authors_list":[],"footnotes":""},"categories":[5],"tags":[181,1233,1495,179,507,199,249,197,984,206],"42wp_author":[14223],"class_list":["post-22645","post","type-post","status-publish","format-standard","has-post-thumbnail","hentry","category-f1","tag-f1","tag-f1-2021","tag-f1-2022","tag-formula-1","tag-gp-de-gran-bretana","tag-lewis-hamilton","tag-max-verstappen","tag-mercedes","tag-nelson-piquet","tag-red-bull","42wp_author-esteban-nieto"],"_links":{"self":[{"href":"https:\/\/grandepremio.com\/es\/wp-json\/wp\/v2\/posts\/22645","targetHints":{"allow":["GET"]}}],"collection":[{"href":"https:\/\/grandepremio.com\/es\/wp-json\/wp\/v2\/posts"}],"about":[{"href":"https:\/\/grandepremio.com\/es\/wp-json\/wp\/v2\/types\/post"}],"replies":[{"embeddable":true,"href":"https:\/\/grandepremio.com\/es\/wp-json\/wp\/v2\/comments?post=22645"}],"version-history":[{"count":0,"href":"https:\/\/grandepremio.com\/es\/wp-json\/wp\/v2\/posts\/22645\/revisions"}],"wp:featuredmedia":[{"embeddable":true,"href":"https:\/\/grandepremio.com\/es\/wp-json\/wp\/v2\/media\/1010072867"}],"wp:attachment":[{"href":"https:\/\/grandepremio.com\/es\/wp-json\/wp\/v2\/media?parent=22645"}],"wp:term":[{"taxonomy":"category","embeddable":true,"href":"https:\/\/grandepremio.com\/es\/wp-json\/wp\/v2\/categories?post=22645"},{"taxonomy":"post_tag","embeddable":true,"href":"https:\/\/grandepremio.com\/es\/wp-json\/wp\/v2\/tags?post=22645"},{"taxonomy":"42wp_author","embeddable":true,"href":"https:\/\/grandepremio.com\/es\/wp-json\/wp\/v2\/42wp_author?post=22645"}],"curies":[{"name":"wp","href":"https:\/\/api.w.org\/{rel}","templated":true}]}}