{"id":22657,"date":"2022-06-26T12:34:58","date_gmt":"2022-06-26T15:34:58","guid":{"rendered":"https:\/\/grandepremio.com\/es\/2022\/06\/26\/gresini-alex-marquez-di-giannantonio-2023\/"},"modified":"2022-06-26T12:35:00","modified_gmt":"2022-06-26T15:35:00","slug":"gresini-alex-marquez-di-giannantonio-2023","status":"publish","type":"post","link":"https:\/\/grandepremio.com\/es\/motogp\/gresini-alex-marquez-di-giannantonio-2023\/","title":{"rendered":"Gresini ficha a \u00c1lex M\u00e1rquez, renueva a Di Giannantonio y cierra alineaci\u00f3n de 2023"},"content":{"rendered":"\n<p class=\"wp-block-paragraph\">Gresini golpe\u00f3 el martillo y cerr\u00f3 de golpe la alineaci\u00f3n para la temporada 2023 de <a href=\"https:\/\/grandepremio.com\/es\/\/categoria\/motogp\/\" target=\"_blank\" rel=\"noreferrer noopener\">MotoGP<\/a>. El equipo fundado por Fausto Gresini anunci\u00f3 este domingo no solo la renovaci\u00f3n de contrato de Fabio DI Giannantonio, sino tambi\u00e9n la llegada de \u00c1lex M\u00e1rquez, quien ser\u00e1 el reemplazo de Enea Bastianini.<\/p>\n\n\n\n<p class=\"wp-block-paragraph\">\u201cEstoy muy contenta con este nuevo proyecto\u201d, celebr\u00f3 Nadia Padovani, propietaria del equipo. \u201cEn primer lugar, estamos confirmando la continuaci\u00f3n de Fabio Di Giannantonio. Ya ha demostrado su talento este a\u00f1o, ha ido mejorando carrera a carrera y estoy seguro de que seguir\u00e1 siendo m\u00e1s competitivo\u201d.<\/p>\n\n\n\n<p class=\"wp-block-paragraph\">\u201cBusc\u00e1bamos poner a un piloto experimentado junto a \u00e9l, y creo que \u00c1lex M\u00e1rquez es perfecto para nuestro equipo. Su curr\u00edculum habla por s\u00ed solo. Creemos que tiene un gran potencial y que la Desmosedici puede ser el compa\u00f1ero perfecto en este nuevo viaje. Bienvenido a la familia, Alex&#8221;, complet\u00f3.<\/p>\n\n\n\n<p class=\"wp-block-paragraph\"><strong><strong>\u00a1Conoce el canal de Grande Pr\u00eamio en Espa\u00f1ol en\u00a0<a href=\"https:\/\/www.youtube.com\/channel\/UCDxWojGVUi9gWYhrY0pGbIQ\" target=\"_blank\" rel=\"noreferrer noopener\">YouTube<\/a>!<br>\u00a1Sigue a\u00a0Grande Pr\u00eamio en Espa\u00f1ol\u00a0en\u00a0<a href=\"https:\/\/twitter.com\/grandepremioES\" target=\"_blank\" rel=\"noreferrer noopener\">Twitter\u00a0<\/a>y en\u00a0<a href=\"https:\/\/www.instagram.com\/grandepremioes\/\" target=\"_blank\" rel=\"noreferrer noopener\">Instagram<\/a>!<\/strong><\/strong><\/p>\n\n\n\n<figure class=\"wp-block-image size-large\"><img decoding=\"async\" src=\"https:\/\/www.grandepremio.com\/br\/wp-content\/uploads\/2022\/06\/b9a2de34-41eb-1750-b920-91d36ce06599-1024x683.jpg\" alt=\"\" class=\"wp-image-589610\"\/><figcaption>Di Giannantonio har\u00e1 su segunda temporada en MotoGP en 2023 (Foto: Gresini) <\/figcaption><\/figure>\n\n\n\n<p class=\"wp-block-paragraph\">\u00c1lex lleg\u00f3 a MotoGP con el Repsol Honda, sustituyendo a Jorge Lorenzo, poco despu\u00e9s de conquistar el t\u00edtulo de Moto2, pero ya antes de su debut se anunci\u00f3 que descender\u00eda a la LCR al a\u00f1o siguiente. Ese movimiento le dio un contrato m\u00e1s largo y directo con HRC, pero la competitividad no vino en el paquete.<\/p>\n\n\n\n<p class=\"wp-block-paragraph\">Mientras tanto, Gresini necesitaba un reemplazo para Bastianini, ya que el italiano ser\u00e1 transferido al equipo de f\u00e1brica de Ducati o a Pramac. La formaci\u00f3n de Bolonia a\u00fan est\u00e1 evaluando si Enea o Jorge Mart\u00edn ocupar\u00e1n el lugar junto a Francesco Bagnaia en 2023.<\/p>\n\n\n\n<p class=\"wp-block-paragraph\">\u201cEstoy muy feliz de anunciar que me incorporar\u00e9 a Gresini, y tambi\u00e9n estoy muy emocionado de comenzar esta nueva aventura: para m\u00ed fue crucial cambiar para recuperar la misma motivaci\u00f3n que ten\u00eda cuando llegu\u00e9 a la categor\u00eda\u201d, dijo Alex. \u201cEsta es la mejor opci\u00f3n para m\u00ed, con un equipo que ayud\u00f3 a escribir la historia de este campeonato. Me gustar\u00eda agradecer a Nadia, Carlo y todo el personal de Gresini por creer en m\u00ed. Todav\u00eda me queda media temporada para empezar 2023 con la m\u00e1xima motivaci\u00f3n\u201d, coment\u00f3.<\/p>\n\n\n\n<p class=\"wp-block-paragraph\">Di Giannantonio, que es debutante y cumplir\u00e1 su segundo a\u00f1o en MotoGP con la escuder\u00eda italiana, tambi\u00e9n se mostr\u00f3 contento con la renovaci\u00f3n &#8220;en la que ya se estaba trabajando&#8221;. Esta temporada, hasta el momento, consigui\u00f3 su primera pole position en la categor\u00eda reina, en el GP de Italia.<\/p>\n\n\n\n<p class=\"wp-block-paragraph\">\u201cEstoy muy feliz de extender mi asociaci\u00f3n con este equipo, que es como una familia para m\u00ed. Es genial porque vamos a seguir en esta curva de aprendizaje y hacerlo con una Ducati, lo que me hace muy feliz. La continuidad es fundamental en MotoGP para poder trabajar para estar lo mejor posible. Hemos estado trabajando en esta extensi\u00f3n de contrato durante alg\u00fan tiempo y ahora finalmente podemos anunciarlo. Obviamente, los objetivos ser\u00e1n m\u00e1s grandes: usaremos esta segunda parte de la temporada para mejorar nuestros resultados y el a\u00f1o que viene tengo muchas ganas de dar este pr\u00f3ximo paso&#8221;, finaliz\u00f3.<\/p>\n","protected":false},"excerpt":{"rendered":"<p>Gresini anunci\u00f3 este domingo la llegada de \u00c1lex M\u00e1rquez, que pasar\u00e1 de Honda a Ducati a partir de 2023. Di Giannantonio renueva un a\u00f1o m\u00e1s.<\/p>\n","protected":false},"author":0,"featured_media":1010072812,"comment_status":"closed","ping_status":"closed","sticky":false,"template":"","format":"standard","meta":{"42wp_featured_image_caption":"","42wp_featured_image_credits":"","42wp_featured_video":"","42wp_featured_image_hidden":false,"42wp_authors_list":[],"footnotes":""},"categories":[8],"tags":[2929,1458,2059,1443,2055,1577,2197,855,1293,1341,1764],"42wp_author":[14233],"class_list":["post-22657","post","type-post","status-publish","format-standard","has-post-thumbnail","hentry","category-motogp","tag-alex-marquez-3","tag-assen","tag-fabio-di-giannantonio","tag-gp-de-holanda","tag-gresini","tag-holanda","tag-lcr","tag-motociclismo","tag-motogp","tag-motogp-2022","tag-mundial-de-motociclismo","42wp_author-eric-calduch"],"_links":{"self":[{"href":"https:\/\/grandepremio.com\/es\/wp-json\/wp\/v2\/posts\/22657","targetHints":{"allow":["GET"]}}],"collection":[{"href":"https:\/\/grandepremio.com\/es\/wp-json\/wp\/v2\/posts"}],"about":[{"href":"https:\/\/grandepremio.com\/es\/wp-json\/wp\/v2\/types\/post"}],"replies":[{"embeddable":true,"href":"https:\/\/grandepremio.com\/es\/wp-json\/wp\/v2\/comments?post=22657"}],"version-history":[{"count":0,"href":"https:\/\/grandepremio.com\/es\/wp-json\/wp\/v2\/posts\/22657\/revisions"}],"wp:featuredmedia":[{"embeddable":true,"href":"https:\/\/grandepremio.com\/es\/wp-json\/wp\/v2\/media\/1010072812"}],"wp:attachment":[{"href":"https:\/\/grandepremio.com\/es\/wp-json\/wp\/v2\/media?parent=22657"}],"wp:term":[{"taxonomy":"category","embeddable":true,"href":"https:\/\/grandepremio.com\/es\/wp-json\/wp\/v2\/categories?post=22657"},{"taxonomy":"post_tag","embeddable":true,"href":"https:\/\/grandepremio.com\/es\/wp-json\/wp\/v2\/tags?post=22657"},{"taxonomy":"42wp_author","embeddable":true,"href":"https:\/\/grandepremio.com\/es\/wp-json\/wp\/v2\/42wp_author?post=22657"}],"curies":[{"name":"wp","href":"https:\/\/api.w.org\/{rel}","templated":true}]}}