{"id":22688,"date":"2022-06-22T10:28:29","date_gmt":"2022-06-22T13:28:29","guid":{"rendered":"https:\/\/grandepremio.com\/es\/2022\/06\/22\/ferrari-leclerc-atacar-nuevo-motor\/"},"modified":"2022-06-22T10:28:30","modified_gmt":"2022-06-22T13:28:30","slug":"ferrari-leclerc-atacar-nuevo-motor","status":"publish","type":"post","link":"https:\/\/grandepremio.com\/es\/f1\/ferrari-leclerc-atacar-nuevo-motor\/","title":{"rendered":"Ferrari dice que Leclerc &#8220;podr\u00e1 atacar&#8221; con nuevo motor: &#8220;Vamos a recuperar puntos&#8221;"},"content":{"rendered":"\n<p class=\"wp-block-paragraph\">Despu\u00e9s de comenzar desde la parte trasera del grupo en el <a href=\"https:\/\/grandepremio.com\/es\/\/categoria\/f1\/\" target=\"_blank\" rel=\"noreferrer noopener\">GP de Canad\u00e1<\/a> y lograr escalar la parrilla al quinto lugar, Charles Leclerc est\u00e1 listo para enfrentarse a sus oponentes con el nuevo motor Ferrari instalado en su coche en la carrera de Montreal. Al menos eso cree el jefe del equipo, Mattia Binotto, quien coment\u00f3 sobre la planificaci\u00f3n del equipo italiano para que el monegasco salga \u00faltimo en el circuito Gilles Villeneuve.<\/p>\n\n\n\n<p class=\"wp-block-paragraph\">Binotto explic\u00f3 que la decisi\u00f3n de cambiar el motor de Leclerc se tom\u00f3 poco despu\u00e9s de la carrera de Azerbaiy\u00e1n, cuando el #16 se averi\u00f3 y vio a Max Verstappen asegurar otra victoria para Red Bull. Por lo tanto, Charles tuvo tiempo de controlarse mentalmente, especialmente en relaci\u00f3n con la gran cantidad de adelantamientos que tendr\u00eda que hacer.<\/p>\n\n\n\n<p class=\"wp-block-paragraph\"><strong><strong>\u00a1Conoce el canal de Grande Pr\u00eamio en Espa\u00f1ol en\u00a0<a href=\"https:\/\/www.youtube.com\/channel\/UCDxWojGVUi9gWYhrY0pGbIQ\" target=\"_blank\" rel=\"noreferrer noopener\">YouTube<\/a>!<br>\u00a1Sigue a\u00a0Grande Pr\u00eamio en Espa\u00f1ol\u00a0en\u00a0<a href=\"https:\/\/twitter.com\/grandepremioES\" target=\"_blank\" rel=\"noreferrer noopener\">Twitter\u00a0<\/a>y en\u00a0<a href=\"https:\/\/www.instagram.com\/grandepremioes\/\" target=\"_blank\" rel=\"noreferrer noopener\">Instagram<\/a>!<\/strong><\/strong><\/p>\n\n\n\n<figure class=\"wp-block-image size-large\"><img decoding=\"async\" src=\"https:\/\/www.grandepremio.com\/br\/wp-content\/uploads\/2020\/05\/220032-spanish-gp-friday-1024x683.jpg\" alt=\"\" class=\"wp-image-574573\"\/><figcaption>Binotto espera que Leclerc pueda recuperar puntos que Ferrari dej\u00f3 escapar en 2022 (Foto: Scuderia Ferrari Press Office)<\/figcaption><\/figure>\n\n\n\n<p class=\"wp-block-paragraph\">&#8220;Fue algo que decidimos r\u00e1pidamente despu\u00e9s de Bak\u00fa, por lo que se sab\u00eda muchos d\u00edas antes [que comenzar\u00eda \u00faltimo]&#8221;, dijo Binotto. &#8220;As\u00ed que ha tenido tiempo de digerir y prepararse para el fin de semana. Sin duda es frustrante para el piloto, y las carreras requieren que controles mucho tu pasi\u00f3n, como era el caso. Porque a veces quieres adelantar cuando no puedes, debido a la velocidad en la recta o de la temperatura de los neum\u00e1ticos&#8221;, evalu\u00f3.<\/p>\n\n\n\n<p class=\"wp-block-paragraph\">Al final de la carrera, el equipo consider\u00f3 que el quinto lugar era un buen resultado, admiti\u00f3 Binotto. Adem\u00e1s de los puntos que suma el monegasco, la nueva unidad de potencia instalada en su monoplaza es un aliciente para Ferrari, que necesita recuperar el terreno perdido en los dos campeonatos de F1 en curso, en los que lideran Verstappen y Red Bull.<\/p>\n\n\n\n<p class=\"wp-block-paragraph\">&#8220;Hemos limitado el da\u00f1o al comenzar desde el final de la parrilla, y terminar quinto sigue siendo un buen resultado&#8221;, se\u00f1al\u00f3 Binotto. &#8220;Ahora tenemos una nueva unidad de potencia para las pr\u00f3ximas carreras. Las cuatro carreras antes de las vacaciones de verano sin duda ser\u00e1n importantes para \u00e9l [Leclerc], qui\u00e9n podr\u00e1 atacar e intentaremos recuperar algunos puntos donde podamos&#8221;, concluy\u00f3.<\/p>\n","protected":false},"excerpt":{"rendered":"<p>El jefe de Ferrari, Mattia Binotto, destac\u00f3 la paciencia de Charles Leclerc en Canad\u00e1 y espera ver al piloto atacar con el nuevo motor.<\/p>\n","protected":false},"author":0,"featured_media":1010072578,"comment_status":"closed","ping_status":"closed","sticky":false,"template":"","format":"standard","meta":{"42wp_featured_image_caption":"","42wp_featured_image_credits":"","42wp_featured_video":"","42wp_featured_image_hidden":false,"42wp_authors_list":[],"footnotes":""},"categories":[5],"tags":[2898,247,181,1495,185,179,1298,439,1299,428,2935],"42wp_author":[14233],"class_list":["post-22688","post","type-post","status-publish","format-standard","has-post-thumbnail","hentry","category-f1","tag-canada","tag-charles-leclerc","tag-f1","tag-f1-2022","tag-ferrari","tag-formula-1","tag-gp-de-canada","tag-mattia-binotto","tag-montreal","tag-motor","tag-motor-nuevo","42wp_author-eric-calduch"],"_links":{"self":[{"href":"https:\/\/grandepremio.com\/es\/wp-json\/wp\/v2\/posts\/22688","targetHints":{"allow":["GET"]}}],"collection":[{"href":"https:\/\/grandepremio.com\/es\/wp-json\/wp\/v2\/posts"}],"about":[{"href":"https:\/\/grandepremio.com\/es\/wp-json\/wp\/v2\/types\/post"}],"replies":[{"embeddable":true,"href":"https:\/\/grandepremio.com\/es\/wp-json\/wp\/v2\/comments?post=22688"}],"version-history":[{"count":0,"href":"https:\/\/grandepremio.com\/es\/wp-json\/wp\/v2\/posts\/22688\/revisions"}],"wp:featuredmedia":[{"embeddable":true,"href":"https:\/\/grandepremio.com\/es\/wp-json\/wp\/v2\/media\/1010072578"}],"wp:attachment":[{"href":"https:\/\/grandepremio.com\/es\/wp-json\/wp\/v2\/media?parent=22688"}],"wp:term":[{"taxonomy":"category","embeddable":true,"href":"https:\/\/grandepremio.com\/es\/wp-json\/wp\/v2\/categories?post=22688"},{"taxonomy":"post_tag","embeddable":true,"href":"https:\/\/grandepremio.com\/es\/wp-json\/wp\/v2\/tags?post=22688"},{"taxonomy":"42wp_author","embeddable":true,"href":"https:\/\/grandepremio.com\/es\/wp-json\/wp\/v2\/42wp_author?post=22688"}],"curies":[{"name":"wp","href":"https:\/\/api.w.org\/{rel}","templated":true}]}}