{"id":22700,"date":"2022-06-21T12:50:25","date_gmt":"2022-06-21T15:50:25","guid":{"rendered":"https:\/\/grandepremio.com\/es\/2022\/06\/21\/carlos-sainz-desperdiciado-oportunidad-victoria\/"},"modified":"2022-06-21T12:53:07","modified_gmt":"2022-06-21T15:53:07","slug":"carlos-sainz-desperdiciado-oportunidad-victoria","status":"publish","type":"post","link":"https:\/\/grandepremio.com\/es\/f1\/carlos-sainz-desperdiciado-oportunidad-victoria\/","title":{"rendered":"Sainz lamenta haber &#8220;desperdiciado&#8221; real oportunidad de victoria: &#8220;Era m\u00e1s r\u00e1pido&#8221;"},"content":{"rendered":"\n<p class=\"wp-block-paragraph\">Carlos Sainz tuvo una gran oportunidad de ganar por primera vez en la F\u00f3rmula 1 en Canad\u00e1. Con neum\u00e1ticos m\u00e1s nuevos, el espa\u00f1ol estuvo 15 vueltas intentando arrebatarle el liderato a Max Verstappen, incluso con la ayuda del DRS, pero no lo consigui\u00f3. Termin\u00f3 &#8220;s\u00f3lo&#8221; en la segunda posici\u00f3n. Otro podio, es cierto, pero cree que podr\u00eda haber sido mejor.<\/p>\n\n\n\n<p class=\"wp-block-paragraph\">&#8220;Este fin de semana he sido m\u00e1s r\u00e1pido&#8221;, dijo el espa\u00f1ol, en una entrevista con Sky Sports. &#8220;Este fin de semana, por primera vez en el campeonato, he sido el m\u00e1s r\u00e1pido en la pista, tanto con los neum\u00e1ticos medios como con los duros; en ambas ocasiones he alcanzado a Max&#8221;, a\u00f1adi\u00f3.<\/p>\n\n\n\n<p class=\"wp-block-paragraph\">&#8220;Me sent\u00ed c\u00f3modo con el coche, estuve cerca de los muros, pero con confianza, y me sent\u00ed c\u00f3modo ah\u00ed fuera. Es una pena que no haya podido conseguir la primera victoria&#8221;, sigui\u00f3.<\/p>\n\n\n\n<p class=\"wp-block-paragraph\"><strong>\u25b6\ufe0f\u00a0<strong>\u00a1Conoce el canal de Grande Pr\u00eamio en Espa\u00f1ol en\u00a0<a href=\"https:\/\/www.youtube.com\/channel\/UCDxWojGVUi9gWYhrY0pGbIQ\" target=\"_blank\" rel=\"noreferrer noopener\">YouTube<\/a>!<br>\u00a1Sigue a\u00a0Grande Pr\u00eamio en Espa\u00f1ol\u00a0en\u00a0<a href=\"https:\/\/twitter.com\/grandepremioES\" target=\"_blank\" rel=\"noreferrer noopener\">Twitter\u00a0<\/a>y en\u00a0<a href=\"https:\/\/www.instagram.com\/grandepremioes\/\" target=\"_blank\" rel=\"noreferrer noopener\">Instagram<\/a>!<\/strong><\/strong><\/p>\n\n\n\n<figure class=\"wp-block-image size-large\"><img decoding=\"async\" src=\"https:\/\/www.grandepremio.com\/br\/wp-content\/uploads\/2022\/06\/ferrari-carlossainz-03-1-1024x683.jpg\" alt=\"\" class=\"wp-image-587155\"\/><figcaption>Carlos Sainz acab\u00f3 segundo en Canad\u00e1 y suma 102 puntos en la temporada 2022 de F1 (Foto: Ferrari)<\/figcaption><\/figure>\n\n\n\n<p class=\"wp-block-paragraph\">En un fin de semana en el que Leclerc estaba haciendo una carrera de recuperaci\u00f3n y Sergio P\u00e9rez abandon\u00f3, la ventaja para Sainz fue la carrera en solitario con el l\u00edder del campeonato. El #55 entiende que, incluso si no hubiera habido el coche de seguridad provocado por Yuki Tsunoda momentos despu\u00e9s, habr\u00eda sido capaz de aguantar al holand\u00e9s mientras lideraba con los neum\u00e1ticos gastados.<\/p>\n\n\n\n<p class=\"wp-block-paragraph\">&#8220;Sin el coche de seguridad, pude retenerle [a Verstappen].\u00a0Creo que fui bastante r\u00e1pido y Max me estaba alcanzando, pero no me adelantar\u00eda f\u00e1cilmente al final de la carrera&#8221;, imagin\u00f3.<\/p>\n\n\n\n<p class=\"wp-block-paragraph\"><strong>VER TAMBI\u00c9N<br><a href=\"https:\/\/grandepremio.com\/es\/\/f1\/max-verstappen-lucha-carlos-sainz-canada\/\">Verstappen elogia lucha con Sainz tras ganar en Canad\u00e1: &#8220;Vueltas muy entretenidas&#8221;<br><\/a><a href=\"https:\/\/grandepremio.com\/es\/\/f1\/ferrari-max-verstappen-carlos-sainz-formula-1\/\">Ferrari ve necesidad de \u201cfin de semana perfecto\u201d para batir a Verstappen<\/a><\/strong><\/p>\n\n\n\n<p class=\"wp-block-paragraph\">&#8220;Ten\u00eda muchas ganas de conseguir mi primera victoria, as\u00ed que puedes imaginar lo mucho que me esforc\u00e9. Adelantar no era f\u00e1cil debido al viento en la recta principal, hab\u00eda muy poco DRS y era muy dif\u00edcil hacer alg\u00fan adelantamiento en Red Bull. Pero estuve a punto de hacerlo varias veces y s\u00e9 que lo di todo&#8221;, concluy\u00f3.<\/p>\n\n\n\n<p class=\"wp-block-paragraph\">El resultado deja a Sainz a 73 puntos del vigente campe\u00f3n, que actualmente tiene 175 en la cima del Campeonato Mundial de Pilotos. La F\u00f3rmula 1 vuelve el 3 de julio para el GP de Gran Breta\u00f1a en Silverstone.<\/p>\n\n\n\n<figure class=\"wp-block-embed is-type-video is-provider-youtube wp-block-embed-youtube wp-embed-aspect-16-9 wp-has-aspect-ratio\"><div class=\"wp-block-embed__wrapper\">\n<iframe loading=\"lazy\" title=\"UN VERSTAPPEN IMBATIBLE FRUSTRA LAS ESPERANZAS ESPA\u00d1OLAS EN GP DE CANADA DE F1 | PADDOCK GP ES #4\" width=\"500\" height=\"281\" src=\"https:\/\/www.youtube.com\/embed\/wJllupo7PJ4?start=9&amp;feature=oembed\" frameborder=\"0\" allow=\"accelerometer; autoplay; clipboard-write; encrypted-media; gyroscope; picture-in-picture; web-share\" referrerpolicy=\"strict-origin-when-cross-origin\" allowfullscreen><\/iframe>\n<\/div><figcaption>Esteban Nieto, Eric Calduch y Douglas Rocha hablan de la sexta victoria de Max Verstappen en nueve carreras en la F1 2022 | PADDOCK GP ES #4<\/figcaption><\/figure>\n","protected":false},"excerpt":{"rendered":"<p>Carlos Sainz tuvo neum\u00e1ticos m\u00e1s nuevos y un buen ritmo para alcanzar a Max Verstappen y ganar en Canad\u00e1. No lo consigui\u00f3 y dej\u00f3 a Montreal con ganas de m\u00e1s. <\/p>\n","protected":false},"author":0,"featured_media":1010072250,"comment_status":"closed","ping_status":"closed","sticky":false,"template":"","format":"standard","meta":{"42wp_featured_image_caption":"","42wp_featured_image_credits":"","42wp_featured_video":"","42wp_featured_image_hidden":false,"42wp_authors_list":[],"footnotes":""},"categories":[5],"tags":[302,247,2911,181,1495,185,179,1298,1488,2237,249,1299,206],"42wp_author":[14234],"class_list":["post-22700","post","type-post","status-publish","format-standard","has-post-thumbnail","hentry","category-f1","tag-carlos-sainz","tag-charles-leclerc","tag-circuito-gilles-villeneuve","tag-f1","tag-f1-2022","tag-ferrari","tag-formula-1","tag-gp-de-canada","tag-grande-premio","tag-grandepremio","tag-max-verstappen","tag-montreal","tag-red-bull","42wp_author-douglas-rocha"],"_links":{"self":[{"href":"https:\/\/grandepremio.com\/es\/wp-json\/wp\/v2\/posts\/22700","targetHints":{"allow":["GET"]}}],"collection":[{"href":"https:\/\/grandepremio.com\/es\/wp-json\/wp\/v2\/posts"}],"about":[{"href":"https:\/\/grandepremio.com\/es\/wp-json\/wp\/v2\/types\/post"}],"replies":[{"embeddable":true,"href":"https:\/\/grandepremio.com\/es\/wp-json\/wp\/v2\/comments?post=22700"}],"version-history":[{"count":0,"href":"https:\/\/grandepremio.com\/es\/wp-json\/wp\/v2\/posts\/22700\/revisions"}],"wp:featuredmedia":[{"embeddable":true,"href":"https:\/\/grandepremio.com\/es\/wp-json\/wp\/v2\/media\/1010072250"}],"wp:attachment":[{"href":"https:\/\/grandepremio.com\/es\/wp-json\/wp\/v2\/media?parent=22700"}],"wp:term":[{"taxonomy":"category","embeddable":true,"href":"https:\/\/grandepremio.com\/es\/wp-json\/wp\/v2\/categories?post=22700"},{"taxonomy":"post_tag","embeddable":true,"href":"https:\/\/grandepremio.com\/es\/wp-json\/wp\/v2\/tags?post=22700"},{"taxonomy":"42wp_author","embeddable":true,"href":"https:\/\/grandepremio.com\/es\/wp-json\/wp\/v2\/42wp_author?post=22700"}],"curies":[{"name":"wp","href":"https:\/\/api.w.org\/{rel}","templated":true}]}}