{"id":22707,"date":"2022-06-20T13:04:27","date_gmt":"2022-06-20T16:04:27","guid":{"rendered":"https:\/\/grandepremio.com\/es\/2022\/06\/20\/honda-sin-puntuar-40-anos-motogp\/"},"modified":"2022-06-20T13:04:28","modified_gmt":"2022-06-20T16:04:28","slug":"honda-sin-puntuar-40-anos-motogp","status":"publish","type":"post","link":"https:\/\/grandepremio.com\/es\/motogp\/honda-sin-puntuar-40-anos-motogp\/","title":{"rendered":"Honda termina carrera sin puntuar por primera vez en 40 a\u00f1os en MotoGP"},"content":{"rendered":"\n<p class=\"wp-block-paragraph\">Aunque tiene un buen historial en Sachsenring, el GP de Alemania de 2022 no trajo buenos resultados para Honda. Por el contrario, trajo, de hecho, lo peor en muchos a\u00f1os para el equipo japon\u00e9s. Y es que, con la ausencia de Marc M\u00e1rquez, se dej\u00f3 que Pol Espargar\u00f3, \u00c1lex Marqu\u00e9z, Takaaki Nakagami y el reserva Stefan Bradl puntuaran en el Campeonato del Mundo de Constructores. Sin embargo, los tres primeros abandonaron y el piloto de la prueba s\u00f3lo termin\u00f3 en el puesto 16, por lo tanto, fuera de la zona de puntuaci\u00f3n.<\/p>\n\n\n\n<p class=\"wp-block-paragraph\">Con esto, por primera vez en la historia de MotoGP, Honda termina una carrera sin puntos. La \u00fanica vez que esto ha ocurrido en la categor\u00eda reina del Campeonato del Mundo -es decir, teniendo en cuenta la categor\u00eda de 500cc- fue en el GP de Nogaro de 1982, cuando los principales equipos de f\u00e1brica (Yamaha, Honda y Suzuki) boicotearon gran parte del evento debido a las peligrosas condiciones de la pista.<\/p>\n\n\n\n<p class=\"wp-block-paragraph\"><strong>VER TAMBI\u00c9N<\/strong><br><a href=\"https:\/\/grandepremio.com\/es\/\/motogp\/quartararo-liderato-caida-bagnaia-vence-alemania\/\">Quartararo toma liderato en la salida, escapa con ca\u00edda de Bagnaia y vence en Alemania<\/a><\/p>\n\n\n\n<figure class=\"wp-block-image size-full\"><img decoding=\"async\" src=\"https:\/\/www.grandepremio.com\/br\/wp-content\/uploads\/2022\/06\/62ac95143ebd44.68991593.jpg\" alt=\"\" class=\"wp-image-585662\"\/><figcaption>Pol Espargar\u00f3 abandon\u00f3 en Alemania (Foto: Honda)<\/figcaption><\/figure>\n\n\n\n<p class=\"wp-block-paragraph\">El resultado final para Honda es algo ins\u00f3lito, sobre todo teniendo en cuenta su trayectoria en el circuito alem\u00e1n. Desde 1998, es el equipo m\u00e1s exitoso de Alemania: tiene 17 victorias. M\u00e1rquez, que se recupera de una cuarta operaci\u00f3n en el brazo derecho, ha ganado las \u00faltimas ocho carreras, desde 2013 hasta 2021.<\/p>\n\n\n\n<p class=\"wp-block-paragraph\">Pero la suerte no estuvo del lado de los pilotos del Repsol Honda y del LCR. Pol Espargar\u00f3 se estrell\u00f3 durante los entrenamientos y, con dolor durante la carrera, decidi\u00f3 retirarse. Takaaki Nakagami tuvo otra fuerte ca\u00edda y tambi\u00e9n abandon\u00f3 la carrera. Finalmente, \u00c1lex M\u00e1rquez tuvo problemas con un dispositivo en la parte trasera de su moto y se vio obligado a retirarse.<\/p>\n\n\n\n<p class=\"wp-block-paragraph\"><strong><strong>\u00a1Conoce el canal de Grande Pr\u00eamio en Espa\u00f1ol en\u00a0<a href=\"https:\/\/www.youtube.com\/channel\/UCDxWojGVUi9gWYhrY0pGbIQ\" target=\"_blank\" rel=\"noreferrer noopener\">YouTube<\/a>!<br>\u00a1Sigue a\u00a0Grande Pr\u00eamio en Espa\u00f1ol\u00a0en\u00a0<a href=\"https:\/\/twitter.com\/grandepremioES\" target=\"_blank\" rel=\"noreferrer noopener\">Twitter\u00a0<\/a>y en\u00a0<a href=\"https:\/\/www.instagram.com\/grandepremioes\/\" target=\"_blank\" rel=\"noreferrer noopener\">Instagram<\/a>!<\/strong><\/strong><\/p>\n\n\n\n<p class=\"wp-block-paragraph\">&#8220;El dispositivo de salida trasero se bloque\u00f3 desde la primera vuelta. En la primera curva, se qued\u00f3 abajo, por lo que la moto se comport\u00f3 como una chopper. Era dif\u00edcil de entender, me dol\u00eda el pie en las curvas. Intent\u00e9 corregirlo manualmente, lo hice varias veces, pero no pude&#8221;, explic\u00f3 \u00c1lex.<\/p>\n\n\n\n<p class=\"wp-block-paragraph\">Bradl acab\u00f3 quej\u00e1ndose de un problema muy grave: el calor extremo de la RC213V, que lleg\u00f3 a quemarle. &#8220;Tuve un gran problema para pilotar la moto en estas condiciones de calor, porque despu\u00e9s de seguir a los pilotos de delante en las primeras curvas, no pod\u00eda frenar porque mi mano derecha se calentaba demasiado y ya no pod\u00eda controlar la moto&#8221;, revel\u00f3.<\/p>\n\n\n\n<p class=\"wp-block-paragraph\">&#8220;Despu\u00e9s de unas cuantas vueltas, tuve que rendirme para tomar aire fresco para mi moto y mi cuerpo. Y luego s\u00f3lo trataba de terminar la carrera.\u00a0No s\u00e9 c\u00f3mo termin\u00e9 la carrera porque f\u00edsicamente estaba m\u00e1s que al l\u00edmite. Me quem\u00e9 la pierna derecha porque estaba muy caliente. El calor del motor o algo as\u00ed no es aceptable&#8221;, concluy\u00f3.<\/p>\n","protected":false},"excerpt":{"rendered":"<p>Por primera vez en 40 a\u00f1os en la categor\u00eda reina del Mundial de Motociclismo, Honda termin\u00f3 una carrera sin puntuar en el Mundial de Constructores. S\u00f3lo Stefan Bradl termin\u00f3 el GP de Alemania, pero en el puesto 16, y culpando del &#8220;inaceptable&#8221; calor de la RC213V.<\/p>\n","protected":false},"author":0,"featured_media":1010072214,"comment_status":"closed","ping_status":"closed","sticky":false,"template":"","format":"standard","meta":{"42wp_featured_image_caption":"","42wp_featured_image_credits":"","42wp_featured_video":"","42wp_featured_image_hidden":false,"42wp_authors_list":[],"footnotes":""},"categories":[8],"tags":[2929,2928,1488,2237,2198,1392,1293,1341,2308,1564,1357,1811,1520],"42wp_author":[14234],"class_list":["post-22707","post","type-post","status-publish","format-standard","has-post-thumbnail","hentry","category-motogp","tag-alex-marquez-3","tag-gp-de-alemania-de-motogp","tag-grande-premio","tag-grandepremio","tag-lcr-honda","tag-marc-marquez-2","tag-motogp","tag-motogp-2022","tag-motogp-hoy","tag-pol-espargaro","tag-repsol-honda","tag-stefan-bradl","tag-takaaki-nakagami","42wp_author-douglas-rocha"],"_links":{"self":[{"href":"https:\/\/grandepremio.com\/es\/wp-json\/wp\/v2\/posts\/22707","targetHints":{"allow":["GET"]}}],"collection":[{"href":"https:\/\/grandepremio.com\/es\/wp-json\/wp\/v2\/posts"}],"about":[{"href":"https:\/\/grandepremio.com\/es\/wp-json\/wp\/v2\/types\/post"}],"replies":[{"embeddable":true,"href":"https:\/\/grandepremio.com\/es\/wp-json\/wp\/v2\/comments?post=22707"}],"version-history":[{"count":0,"href":"https:\/\/grandepremio.com\/es\/wp-json\/wp\/v2\/posts\/22707\/revisions"}],"wp:featuredmedia":[{"embeddable":true,"href":"https:\/\/grandepremio.com\/es\/wp-json\/wp\/v2\/media\/1010072214"}],"wp:attachment":[{"href":"https:\/\/grandepremio.com\/es\/wp-json\/wp\/v2\/media?parent=22707"}],"wp:term":[{"taxonomy":"category","embeddable":true,"href":"https:\/\/grandepremio.com\/es\/wp-json\/wp\/v2\/categories?post=22707"},{"taxonomy":"post_tag","embeddable":true,"href":"https:\/\/grandepremio.com\/es\/wp-json\/wp\/v2\/tags?post=22707"},{"taxonomy":"42wp_author","embeddable":true,"href":"https:\/\/grandepremio.com\/es\/wp-json\/wp\/v2\/42wp_author?post=22707"}],"curies":[{"name":"wp","href":"https:\/\/api.w.org\/{rel}","templated":true}]}}