{"id":22708,"date":"2022-06-20T12:18:47","date_gmt":"2022-06-20T15:18:47","guid":{"rendered":"https:\/\/grandepremio.com\/es\/2022\/06\/20\/hamilton-creencia-potencial-mercedes\/"},"modified":"2022-06-20T12:18:49","modified_gmt":"2022-06-20T15:18:49","slug":"hamilton-creencia-potencial-mercedes","status":"publish","type":"post","link":"https:\/\/grandepremio.com\/es\/f1\/hamilton-creencia-potencial-mercedes\/","title":{"rendered":"Hamilton refuerza creencia en potencial de Mercedes: &#8220;A\u00fan hay m\u00e1s por venir&#8221;"},"content":{"rendered":"\n<p class=\"wp-block-paragraph\">Lewis Hamilton logr\u00f3 su segundo podio de la temporada 2022 de F\u00f3rmula 1 <a href=\"https:\/\/grandepremio.com\/es\/\/f1\/max-verstappen-carlos-sainz-formula-1\/\" target=\"_blank\" rel=\"noreferrer noopener\">en el GP de Canad\u00e1<\/a>. Partiendo en cuarta posici\u00f3n, el brit\u00e1nico super\u00f3 a Fernando Alonso para finalizar tercero e igualar su mejor resultado del a\u00f1o, algo que renov\u00f3 sus esperanzas en el potencial del monoplaza Mercedes.<\/p>\n\n\n\n<p class=\"wp-block-paragraph\">&#8220;Es genial sentirse en el medio de la refriega. Por un segundo estaba siguiendo a estos muchachos. Me dio a m\u00ed y al equipo muchas esperanzas de que todav\u00eda hay m\u00e1s por venir con este coche, que tenemos potencial&#8221;, dijo el brit\u00e1nico despu\u00e9s de la carrera en Montreal.<\/p>\n\n\n\n<p class=\"wp-block-paragraph\">&#8220;Cuando haces una carrera completa, descubres mucho sobre el coche. Tenemos mucho que sacar de hoy. Tenemos muy buena fiabilidad, un gran trabajo en equipo. Solo necesitamos mantenernos enfocados. S\u00e9 d\u00f3nde estamos perdiendo contra ellos, as\u00ed que es en lo que me voy a concentrar para mejorar&#8221;, explic\u00f3 Lewis.<\/p>\n\n\n\n<p class=\"wp-block-paragraph\"><strong><strong>\u00a1Conoce el canal de Grande Pr\u00eamio en Espa\u00f1ol en\u00a0<a href=\"https:\/\/www.youtube.com\/channel\/UCDxWojGVUi9gWYhrY0pGbIQ\" target=\"_blank\" rel=\"noreferrer noopener\">YouTube<\/a>!<br>\u00a1Sigue a\u00a0Grande Pr\u00eamio en Espa\u00f1ol\u00a0en\u00a0<a href=\"https:\/\/twitter.com\/grandepremioES\" target=\"_blank\" rel=\"noreferrer noopener\">Twitter\u00a0<\/a>y en\u00a0<a href=\"https:\/\/www.instagram.com\/grandepremioes\/\" target=\"_blank\" rel=\"noreferrer noopener\">Instagram<\/a>!<\/strong><\/strong><\/p>\n\n\n\n<figure class=\"wp-block-image size-large\"><img decoding=\"async\" src=\"https:\/\/www.grandepremio.com\/br\/wp-content\/uploads\/2022\/06\/FVpOtBHX0AAmu2U-1024x1024.jpg\" alt=\"\" class=\"wp-image-587496\"\/><figcaption>Lewis Hamilton se emocion\u00f3 con el podio en Canad\u00e1 (Foto: Mercedes)<\/figcaption><\/figure>\n\n\n\n<p class=\"wp-block-paragraph\">El GP de Canad\u00e1 est\u00e1 marcado en la historia del heptacampe\u00f3n. Fue all\u00ed, en 2007, donde Hamilton consigui\u00f3 su primera pole position y tambi\u00e9n la primera de sus 103 victorias. Regresar a Montreal despu\u00e9s de dos a\u00f1os sin correr debido a la pandemia de Covid-19 fue un momento especial para el brit\u00e1nico.<\/p>\n\n\n\n<p class=\"wp-block-paragraph\">&#8220;Sinceramente, fue una de las mejores sensaciones del a\u00f1o estar de vuelta, especialmente en Montreal, donde logr\u00e9 mi primera victoria hace 15 a\u00f1os. Estar de vuelta aqu\u00ed, sentir ese ambiente y la multitud tambi\u00e9n fue muy especial&#8221;, dijo el piloto de Mercedes.<\/p>\n\n\n\n<p class=\"wp-block-paragraph\">La pr\u00f3xima carrera es a\u00fan m\u00e1s importante para Hamilton, ya que el 3 de julio regresa la F\u00f3rmula 1 para el GP de Gran Breta\u00f1a. El siete veces campe\u00f3n espera una buena adaptaci\u00f3n del W13 al circuito por las curvas de media y alta velocidad, pero sigue temiendo los rebotes del coche.<\/p>\n\n\n\n<p class=\"wp-block-paragraph\">&#8220;Es mejor en las curvas de velocidad media y alta que en las bajas, pero tenemos los rebotes, as\u00ed que no s\u00e9 c\u00f3mo ser\u00e1 en Copse&#8221;, concluy\u00f3 Lewis.<\/p>\n","protected":false},"excerpt":{"rendered":"<p>Lewis Hamilton dijo que el resultado en Canad\u00e1 dio nuevas esperanzas de que Mercedes a\u00fan podr\u00eda luchar en la parte delantera.<\/p>\n","protected":false},"author":0,"featured_media":1010072211,"comment_status":"closed","ping_status":"closed","sticky":false,"template":"","format":"standard","meta":{"42wp_featured_image_caption":"","42wp_featured_image_credits":"","42wp_featured_video":"","42wp_featured_image_hidden":false,"42wp_authors_list":[],"footnotes":""},"categories":[5],"tags":[2898,181,1495,179,1298,199,197,1299],"42wp_author":[14233],"class_list":["post-22708","post","type-post","status-publish","format-standard","has-post-thumbnail","hentry","category-f1","tag-canada","tag-f1","tag-f1-2022","tag-formula-1","tag-gp-de-canada","tag-lewis-hamilton","tag-mercedes","tag-montreal","42wp_author-eric-calduch"],"_links":{"self":[{"href":"https:\/\/grandepremio.com\/es\/wp-json\/wp\/v2\/posts\/22708","targetHints":{"allow":["GET"]}}],"collection":[{"href":"https:\/\/grandepremio.com\/es\/wp-json\/wp\/v2\/posts"}],"about":[{"href":"https:\/\/grandepremio.com\/es\/wp-json\/wp\/v2\/types\/post"}],"replies":[{"embeddable":true,"href":"https:\/\/grandepremio.com\/es\/wp-json\/wp\/v2\/comments?post=22708"}],"version-history":[{"count":0,"href":"https:\/\/grandepremio.com\/es\/wp-json\/wp\/v2\/posts\/22708\/revisions"}],"wp:featuredmedia":[{"embeddable":true,"href":"https:\/\/grandepremio.com\/es\/wp-json\/wp\/v2\/media\/1010072211"}],"wp:attachment":[{"href":"https:\/\/grandepremio.com\/es\/wp-json\/wp\/v2\/media?parent=22708"}],"wp:term":[{"taxonomy":"category","embeddable":true,"href":"https:\/\/grandepremio.com\/es\/wp-json\/wp\/v2\/categories?post=22708"},{"taxonomy":"post_tag","embeddable":true,"href":"https:\/\/grandepremio.com\/es\/wp-json\/wp\/v2\/tags?post=22708"},{"taxonomy":"42wp_author","embeddable":true,"href":"https:\/\/grandepremio.com\/es\/wp-json\/wp\/v2\/42wp_author?post=22708"}],"curies":[{"name":"wp","href":"https:\/\/api.w.org\/{rel}","templated":true}]}}