{"id":22847,"date":"2022-06-11T14:24:39","date_gmt":"2022-06-11T17:24:39","guid":{"rendered":"https:\/\/grandepremio.com\/es\/2022\/06\/11\/max-verstappen-errores-buena-oportunidad-baku\/"},"modified":"2022-06-11T16:13:55","modified_gmt":"2022-06-11T19:13:55","slug":"max-verstappen-errores-buena-oportunidad-baku","status":"publish","type":"post","link":"https:\/\/grandepremio.com\/es\/f1\/max-verstappen-errores-buena-oportunidad-baku\/","title":{"rendered":"Verstappen admite errores en \u00faltimo intento pero ve &#8220;una buena oportunidad&#8221; en Bak\u00fa"},"content":{"rendered":"\n<p class=\"wp-block-paragraph\">Se habla mucho de que Red Bull es el favorito para el fin de semana del GP de Azerbaiy\u00e1n, pero <a href=\"https:\/\/grandepremio.com\/es\/\/f1\/charles-leclerc-red-bull-baku-formula-1\/\">el resultado de la clasificaci\u00f3n de este s\u00e1bado<\/a> fue el mismo que el de las tres anteriores -y el de cinco de las otras siete de la temporada 2022-, con la pole de Charles Leclerc. Max Verstappen admiti\u00f3 que no tuvo una gran \u00faltima vuelta en la Q3 en Baku y eso le vali\u00f3 el tercer puesto.<\/p>\n\n\n\n<p class=\"wp-block-paragraph\"><strong><strong><strong><strong>\u25b6\ufe0f <strong><strong><strong><strong><strong><strong>\u00a1Conoce el canal de Grande Pr\u00eamio en Espa\u00f1ol en&nbsp;<a href=\"https:\/\/www.youtube.com\/channel\/UCDxWojGVUi9gWYhrY0pGbIQ\" target=\"_blank\" rel=\"noreferrer noopener\">YouTube<\/a>!<br>\u00a1Sigue a&nbsp;Grande Pr\u00eamio en Espa\u00f1ol&nbsp;en&nbsp;<a href=\"https:\/\/twitter.com\/grandepremioES\" target=\"_blank\" rel=\"noreferrer noopener\">Twitter&nbsp;<\/a>y en&nbsp;<a href=\"https:\/\/www.instagram.com\/grandepremioes\/\" target=\"_blank\" rel=\"noreferrer noopener\">Instagram<\/a>!<\/strong><\/strong><\/strong><\/strong><\/strong><\/strong><\/strong><\/strong><\/strong><\/strong><\/p>\n\n\n\n<p class=\"wp-block-paragraph\">El l\u00edder del Mundial de Pilotos declar\u00f3 que se dej\u00f3 el tiempo en el \u00faltimo intento y que, aunque no era lo que le hubiera gustado hacer, salir con los dos coches justo detr\u00e1s de Leclerc y delante de Carlos Sainz ofrece una interesante posibilidad de victoria. Tambi\u00e9n dijo que est\u00e1 claro que el ritmo de su tiempo de vuelta no es lo suficientemente bueno.<\/p>\n\n\n\n<p class=\"wp-block-paragraph\">&#8220;Creo que el comienzo de la vuelta fue bueno, pero luego se me escap\u00f3 un poco por algunos errores. No era lo ideal, pero en general me resultaba un poco dif\u00edcil encontrar el equilibrio entre la parte delantera y la trasera a ritmo de vuelta&#8221;, dijo.<\/p>\n\n\n\n<figure class=\"wp-block-image size-large\"><img decoding=\"async\" src=\"https:\/\/www.grandepremio.com\/br\/wp-content\/uploads\/2022\/06\/redbull-maxverstappen-02-3-1024x683.jpg\" alt=\"\" class=\"wp-image-583254\"\/><figcaption>Max Verstappen se qued\u00f3 detr\u00e1s de Sergio P\u00e9rez en Bak\u00fa (Foto: Red Bull Content Pool)<\/figcaption><\/figure>\n\n\n\n<p class=\"wp-block-paragraph\">&#8220;No es lo que me gustar\u00eda hacer, pero que el equipo sea segundo y tercero nos da una buena oportunidad para ma\u00f1ana&#8221;, continu\u00f3. &#8220;Nos falta algo de ritmo para las vueltas lanzadas, eso est\u00e1 claro. Normalmente en los stints m\u00e1s largos el coche es bueno, y aqu\u00ed deber\u00eda ser igual&#8221;, finaliz\u00f3.<\/p>\n\n\n\n<p class=\"wp-block-paragraph\"><strong>GRANDE PR\u00caMIO<\/strong> sigue toda la actividad de la F\u00f3rmula 1 en Bak\u00fa. El domingo, el horario muestra la largada a las 15:00 horas [local, GMT+4].<\/p>\n\n\n\n<figure class=\"wp-block-embed is-type-video is-provider-youtube wp-block-embed-youtube wp-embed-aspect-16-9 wp-has-aspect-ratio\"><div class=\"wp-block-embed__wrapper\">\n<iframe loading=\"lazy\" title=\"\u00bfBAILE DE ASIENTOS? EL MERCADO DE PILOTOS DE F\u00d3RMULA 1 2023 SE AGITA ANTES DEL PAR\u00d3N VERANIEGO\" width=\"500\" height=\"281\" src=\"https:\/\/www.youtube.com\/embed\/b5ceQ4dXCFs?feature=oembed\" frameborder=\"0\" allow=\"accelerometer; autoplay; clipboard-write; encrypted-media; gyroscope; picture-in-picture; web-share\" referrerpolicy=\"strict-origin-when-cross-origin\" allowfullscreen><\/iframe>\n<\/div><figcaption>Eric Calduch repasa las \u00faltimas novedades que han surgido alrededor del mercado de pilotos de la F1 | GP A LAS 10<\/figcaption><\/figure>\n","protected":false},"excerpt":{"rendered":"<p>Max Verstappen ha dicho que no marc\u00f3 la vuelta ideal en la clasificaci\u00f3n del GP de Azerbaiy\u00e1n. El l\u00edder del Mundial saldr\u00e1 tercero.<\/p>\n","protected":false},"author":0,"featured_media":1010070064,"comment_status":"closed","ping_status":"closed","sticky":false,"template":"","format":"standard","meta":{"42wp_featured_image_caption":"","42wp_featured_image_credits":"","42wp_featured_video":"","42wp_featured_image_hidden":false,"42wp_authors_list":[],"footnotes":""},"categories":[5],"tags":[1393,247,1519,181,1495,185,179,2369,1386,1488,2237,249,206,294],"42wp_author":[14234],"class_list":["post-22847","post","type-post","status-publish","format-standard","has-post-thumbnail","hentry","category-f1","tag-baku","tag-charles-leclerc","tag-clasificacion-f1","tag-f1","tag-f1-2022","tag-ferrari","tag-formula-1","tag-formula-1-hoy","tag-gp-de-azerbaiyan","tag-grande-premio","tag-grandepremio","tag-max-verstappen","tag-red-bull","tag-sergio-perez","42wp_author-douglas-rocha"],"_links":{"self":[{"href":"https:\/\/grandepremio.com\/es\/wp-json\/wp\/v2\/posts\/22847","targetHints":{"allow":["GET"]}}],"collection":[{"href":"https:\/\/grandepremio.com\/es\/wp-json\/wp\/v2\/posts"}],"about":[{"href":"https:\/\/grandepremio.com\/es\/wp-json\/wp\/v2\/types\/post"}],"replies":[{"embeddable":true,"href":"https:\/\/grandepremio.com\/es\/wp-json\/wp\/v2\/comments?post=22847"}],"version-history":[{"count":0,"href":"https:\/\/grandepremio.com\/es\/wp-json\/wp\/v2\/posts\/22847\/revisions"}],"wp:featuredmedia":[{"embeddable":true,"href":"https:\/\/grandepremio.com\/es\/wp-json\/wp\/v2\/media\/1010070064"}],"wp:attachment":[{"href":"https:\/\/grandepremio.com\/es\/wp-json\/wp\/v2\/media?parent=22847"}],"wp:term":[{"taxonomy":"category","embeddable":true,"href":"https:\/\/grandepremio.com\/es\/wp-json\/wp\/v2\/categories?post=22847"},{"taxonomy":"post_tag","embeddable":true,"href":"https:\/\/grandepremio.com\/es\/wp-json\/wp\/v2\/tags?post=22847"},{"taxonomy":"42wp_author","embeddable":true,"href":"https:\/\/grandepremio.com\/es\/wp-json\/wp\/v2\/42wp_author?post=22847"}],"curies":[{"name":"wp","href":"https:\/\/api.w.org\/{rel}","templated":true}]}}