{"id":22849,"date":"2022-06-11T13:21:30","date_gmt":"2022-06-11T16:21:30","guid":{"rendered":"https:\/\/grandepremio.com\/es\/2022\/06\/11\/alex-albon-se-queja-fernando-alonso-baku\/"},"modified":"2022-06-11T13:22:30","modified_gmt":"2022-06-11T16:22:30","slug":"alex-albon-se-queja-fernando-alonso-baku","status":"publish","type":"post","link":"https:\/\/grandepremio.com\/es\/f1\/alex-albon-se-queja-fernando-alonso-baku\/","title":{"rendered":"Albon se queja de Alonso tras ser eliminado en la Q1 de Bak\u00fa: &#8220;Fue lento a prop\u00f3sito&#8221;"},"content":{"rendered":"\n<p class=\"wp-block-paragraph\">Alexander Albon se enfad\u00f3 mucho con Fernando Alonso al final de la Q1 de este s\u00e1bado en Azerbaiy\u00e1n. El piloto de Williams se quej\u00f3 mucho de los movimientos del espa\u00f1ol por radio a su equipo y pidi\u00f3 una sanci\u00f3n dr\u00e1stica para el bicampe\u00f3n del mundo.<\/p>\n\n\n\n<p class=\"wp-block-paragraph\"><strong>VER TAMBI\u00c9N<br><a href=\"https:\/\/grandepremio.com\/es\/\/f1\/charles-leclerc-red-bull-baku-formula-1\/\">Leclerc doblega a Red Bull y logra la pole position en el GP de Azerbaiy\u00e1n<br><\/a><a href=\"https:\/\/grandepremio.com\/es\/\/f1\/lance-stroll-estrella-q1-baku-bandera-roja\/\">Stroll se estrella en la Q1 en Bak\u00fa y provoca bandera roja en la clasificaci\u00f3n<\/a><\/strong><\/p>\n\n\n\n<p class=\"wp-block-paragraph\">Tanto el tailand\u00e9s como el espa\u00f1ol hicieron una vuelta r\u00e1pida para intentar pasar a la Q2, pero Alonso se salt\u00f3 el punto de frenada y se pas\u00f3 de largo, una maniobra que perjudic\u00f3 el intento de Albon de llegar m\u00e1s lejos en la clasificaci\u00f3n de Bak\u00fa.<\/p>\n\n\n\n<p class=\"wp-block-paragraph\">En la radio, el piloto de Williams no ahorr\u00f3 cr\u00edticas al bicampe\u00f3n del mundo. &#8220;Hay que sancionar a este tipo, es rid\u00edculo&#8221;. Mira el v\u00eddeo:<\/p>\n\n\n\n<figure class=\"wp-block-video\"><video class=\"video-js vjs-big-play-centered\" data-gp-vjs=\"1\" controls src=\"https:\/\/www.grandepremio.com\/br\/wp-content\/uploads\/2022\/06\/Albon-Baku.mp4\"><\/video><figcaption>Albon pidi\u00f3 una sanci\u00f3n contra Alonso (V\u00eddeo: Reproducci\u00f3n\/F1)<\/figcaption><\/figure>\n\n\n\n<p class=\"wp-block-paragraph\"><strong><strong>\u25b6\ufe0f <strong><strong><strong><strong><strong><strong>\u00a1Conoce el canal de Grande Pr\u00eamio en Espa\u00f1ol en&nbsp;<a href=\"https:\/\/www.youtube.com\/channel\/UCDxWojGVUi9gWYhrY0pGbIQ\" target=\"_blank\" rel=\"noreferrer noopener\">YouTube<\/a>!<br>\u00a1Sigue a&nbsp;Grande Pr\u00eamio en Espa\u00f1ol&nbsp;en&nbsp;<a href=\"https:\/\/twitter.com\/grandepremioES\" target=\"_blank\" rel=\"noreferrer noopener\">Twitter&nbsp;<\/a>y en&nbsp;<a href=\"https:\/\/www.instagram.com\/grandepremioes\/\" target=\"_blank\" rel=\"noreferrer noopener\">Instagram<\/a>!<\/strong><\/strong><\/strong><\/strong><\/strong><\/strong><\/strong><\/strong><\/p>\n\n\n\n<p class=\"wp-block-paragraph\">Alex sigui\u00f3 con sus quejas acusando a Alonso de tener la intenci\u00f3n de perjudicarle. &#8220;Lo estuvo haciendo toda la vuelta, desde el principio. Era tan evidente la forma en que se sali\u00f3 de la pista, que se hizo lento a prop\u00f3sito. Fren\u00f3 antes y se sali\u00f3 del circuito&#8221;, a\u00f1adi\u00f3.<\/p>\n\n\n\n<p class=\"wp-block-paragraph\">El piloto tailand\u00e9s fue eliminado en la Q1 y saldr\u00e1 17\u00ba en Azerbaiy\u00e1n, mientras que Alonso pas\u00f3 a la Q3 y saldr\u00e1 10\u00ba. <strong>GRANDE PR\u00caMIO<\/strong> sigue toda la actividad de la F\u00f3rmula 1 en Bak\u00fa.<\/p>\n\n\n\n<figure class=\"wp-block-embed is-type-video is-provider-youtube wp-block-embed-youtube wp-embed-aspect-16-9 wp-has-aspect-ratio\"><div class=\"wp-block-embed__wrapper\">\n<iframe loading=\"lazy\" title=\"\u00bfBAILE DE ASIENTOS? EL MERCADO DE PILOTOS DE F\u00d3RMULA 1 2023 SE AGITA ANTES DEL PAR\u00d3N VERANIEGO\" width=\"500\" height=\"281\" src=\"https:\/\/www.youtube.com\/embed\/b5ceQ4dXCFs?feature=oembed\" frameborder=\"0\" allow=\"accelerometer; autoplay; clipboard-write; encrypted-media; gyroscope; picture-in-picture; web-share\" referrerpolicy=\"strict-origin-when-cross-origin\" allowfullscreen><\/iframe>\n<\/div><figcaption>Eric Calduch repasa las \u00faltimas novedades que han surgido alrededor del mercado de pilotos de la F1 | GP A LAS 10<\/figcaption><\/figure>\n","protected":false},"excerpt":{"rendered":"<p>Albon y Alonso ven\u00edan en vuelta r\u00e1pida para pasar a la Q2, pero el espa\u00f1ol cometi\u00f3 un error y fue acusado por el tailand\u00e9s de hacerlo a prop\u00f3sito, exigiendo una sanci\u00f3n para el bicampe\u00f3n del mundo en Bak\u00fa.<\/p>\n","protected":false},"author":0,"featured_media":1010070045,"comment_status":"closed","ping_status":"closed","sticky":false,"template":"","format":"standard","meta":{"42wp_featured_image_caption":"","42wp_featured_image_credits":"","42wp_featured_video":"","42wp_featured_image_hidden":false,"42wp_authors_list":[],"footnotes":""},"categories":[5],"tags":[262,678,1393,1519,181,1495,184,179,2369,1386,1488,2237,204],"42wp_author":[14234],"class_list":["post-22849","post","type-post","status-publish","format-standard","has-post-thumbnail","hentry","category-f1","tag-alex-albon","tag-alpine","tag-baku","tag-clasificacion-f1","tag-f1","tag-f1-2022","tag-fernando-alonso","tag-formula-1","tag-formula-1-hoy","tag-gp-de-azerbaiyan","tag-grande-premio","tag-grandepremio","tag-williams","42wp_author-douglas-rocha"],"_links":{"self":[{"href":"https:\/\/grandepremio.com\/es\/wp-json\/wp\/v2\/posts\/22849","targetHints":{"allow":["GET"]}}],"collection":[{"href":"https:\/\/grandepremio.com\/es\/wp-json\/wp\/v2\/posts"}],"about":[{"href":"https:\/\/grandepremio.com\/es\/wp-json\/wp\/v2\/types\/post"}],"replies":[{"embeddable":true,"href":"https:\/\/grandepremio.com\/es\/wp-json\/wp\/v2\/comments?post=22849"}],"version-history":[{"count":0,"href":"https:\/\/grandepremio.com\/es\/wp-json\/wp\/v2\/posts\/22849\/revisions"}],"wp:featuredmedia":[{"embeddable":true,"href":"https:\/\/grandepremio.com\/es\/wp-json\/wp\/v2\/media\/1010070045"}],"wp:attachment":[{"href":"https:\/\/grandepremio.com\/es\/wp-json\/wp\/v2\/media?parent=22849"}],"wp:term":[{"taxonomy":"category","embeddable":true,"href":"https:\/\/grandepremio.com\/es\/wp-json\/wp\/v2\/categories?post=22849"},{"taxonomy":"post_tag","embeddable":true,"href":"https:\/\/grandepremio.com\/es\/wp-json\/wp\/v2\/tags?post=22849"},{"taxonomy":"42wp_author","embeddable":true,"href":"https:\/\/grandepremio.com\/es\/wp-json\/wp\/v2\/42wp_author?post=22849"}],"curies":[{"name":"wp","href":"https:\/\/api.w.org\/{rel}","templated":true}]}}