{"id":22860,"date":"2022-06-10T17:10:33","date_gmt":"2022-06-10T20:10:33","guid":{"rendered":"https:\/\/grandepremio.com\/es\/2022\/06\/10\/fernando-alonso-alpine-rapido-baku\/"},"modified":"2022-06-10T17:10:34","modified_gmt":"2022-06-10T20:10:34","slug":"fernando-alonso-alpine-rapido-baku","status":"publish","type":"post","link":"https:\/\/grandepremio.com\/es\/f1\/fernando-alonso-alpine-rapido-baku\/","title":{"rendered":"Alonso ve a Alpine r\u00e1pido en Bak\u00fa, pero frena expectativas: &#8220;En busca de la Q3&#8221;"},"content":{"rendered":"\n<p class=\"wp-block-paragraph\">Fue sin duda un gran viernes para Fernando Alonso y los Alpine en Bak\u00fa. El espa\u00f1ol termin\u00f3 las dos sesiones de entrenamientos del d\u00eda, que marcaron el inicio de las actividades de la F\u00f3rmula 1 en Azerbaiy\u00e1n, dentro del top-5: fue 5\u00ba en la primera sesi\u00f3n y 4\u00ba en lps Libres 2.<\/p>\n\n\n\n<p class=\"wp-block-paragraph\">Al mismo tiempo, Alonso fue el piloto m\u00e1s r\u00e1pido en el \u00faltimo sector del circuito urbano de Bak\u00fa en ambas sesiones. Las mejoras que Alpine ha introducido en la pista parecen haber surtido ya efecto en el A522, pero el bicampe\u00f3n del mundo se mostr\u00f3 cauto.<\/p>\n\n\n\n<p class=\"wp-block-paragraph\">&#8220;Fue bueno, un gran d\u00eda. Evidentemente, probando las nuevas mejoras del coche aqu\u00ed en Bak\u00fa, tambi\u00e9n hay cambios en los ajustes, que todav\u00eda estamos analizando. Algunos de esos datos son positivos, otros no tanto. Esperemos que ma\u00f1ana tengamos m\u00e1s, pero aparentemente somos r\u00e1pidos aqu\u00ed&#8221;, dijo Alonso.<\/p>\n\n\n\n<figure class=\"wp-block-image size-large\"><img decoding=\"async\" src=\"https:\/\/www.grandepremio.com\/br\/wp-content\/uploads\/2022\/06\/alpine-fernandoalonso-01-1-1024x683.jpg\" alt=\"\" class=\"wp-image-582785\"\/><figcaption>Fernando Alonso en Bak\u00fa: tranquilo, muy tranquilo en estos momentos (Foto: Alpine)<\/figcaption><\/figure>\n\n\n\n<p class=\"wp-block-paragraph\">&#8220;Hemos estado en esa misma posici\u00f3n otros viernes, y a partir de ah\u00ed el s\u00e1bado volvemos a lo normal, que es entre el s\u00e9ptimo y el d\u00e9cimo, as\u00ed que por ah\u00ed. Eso es lo que esperamos para ma\u00f1ana: simplemente luchar por entrar en la Q3 y esperar que podamos hacerlo&#8221;, a\u00f1adi\u00f3 el espa\u00f1ol.<\/p>\n\n\n\n<p class=\"wp-block-paragraph\">Preguntado por el ritmo de carrera previsto por Alpine en Azerbaiy\u00e1n, Alonso dijo que la larga secuencia de vueltas al final de los segundos entrenamientos -que, con el combustible lleno, simulaba la velocidad justa para el domingo- era satisfactoria.<\/p>\n\n\n\n<p class=\"wp-block-paragraph\"><strong><strong><strong><strong><strong><strong>\u00a1Conoce el canal de Grande Pr\u00eamio en Espa\u00f1ol en\u00a0<a href=\"https:\/\/www.youtube.com\/channel\/UCDxWojGVUi9gWYhrY0pGbIQ\" target=\"_blank\" rel=\"noreferrer noopener\">YouTube<\/a>!<br>\u00a1Sigue a\u00a0Grande Pr\u00eamio en Espa\u00f1ol\u00a0en\u00a0<a href=\"https:\/\/twitter.com\/grandepremioES\" target=\"_blank\" rel=\"noreferrer noopener\">Twitter\u00a0<\/a>y en\u00a0<a href=\"https:\/\/www.instagram.com\/grandepremioes\/\" target=\"_blank\" rel=\"noreferrer noopener\">Instagram<\/a>!<\/strong><\/strong><\/strong><\/strong><\/strong><\/strong><\/p>\n\n\n\n<p class=\"wp-block-paragraph\">&#8220;Estaba bien. Sabemos que los domingos nuestro punto d\u00e9bil es la degradaci\u00f3n de los neum\u00e1ticos. Hoy hemos probado diferentes soluciones y parece que hemos evolucionado con respecto a Barcelona. El coche es mejor los s\u00e1bados que los domingos, as\u00ed que es importante maximizar el potencial en la clasificaci\u00f3n&#8221;, destac\u00f3 el bicampe\u00f3n del mundo.<\/p>\n\n\n\n<p class=\"wp-block-paragraph\"><strong>GRANDE PR\u00caMIO<\/strong> sigue todas las actividades del GP de Azerbaiy\u00e1n. El s\u00e1bado, los FP3 est\u00e1n programados para las 15:00 horas [local, GMT+4], mientras que la clasificaci\u00f3n comienza a las 18:00 horas.<\/p>\n\n\n\n<figure class=\"wp-block-embed is-type-video is-provider-youtube wp-block-embed-youtube wp-embed-aspect-16-9 wp-has-aspect-ratio\"><div class=\"wp-block-embed__wrapper\">\n<iframe loading=\"lazy\" title=\"\u00bfBAILE DE ASIENTOS? EL MERCADO DE PILOTOS DE F\u00d3RMULA 1 2023 SE AGITA ANTES DEL PAR\u00d3N VERANIEGO\" width=\"500\" height=\"281\" src=\"https:\/\/www.youtube.com\/embed\/b5ceQ4dXCFs?feature=oembed\" frameborder=\"0\" allow=\"accelerometer; autoplay; clipboard-write; encrypted-media; gyroscope; picture-in-picture; web-share\" referrerpolicy=\"strict-origin-when-cross-origin\" allowfullscreen><\/iframe>\n<\/div><figcaption>Eric Calduch repasa las \u00faltimas novedades que han surgido alrededor del mercado de pilotos de la F1 | GP A LAS 10<\/figcaption><\/figure>\n","protected":false},"excerpt":{"rendered":"<p>Incluso habiendo terminado los dos entrenamientos de este viernes dentro del Top-5, el bicampe\u00f3n del mundo predic\u00f3 la prudencia y dijo que el equipo franc\u00e9s &#8220;ha estado en esta misma posici\u00f3n&#8221; antes y, los s\u00e1bados, vuelve a su &#8220;normalidad&#8221;: entre el 7\u00ba y el 10\u00ba puesto.<\/p>\n","protected":false},"author":0,"featured_media":1010069989,"comment_status":"closed","ping_status":"closed","sticky":false,"template":"","format":"standard","meta":{"42wp_featured_image_caption":"","42wp_featured_image_credits":"","42wp_featured_video":"","42wp_featured_image_hidden":false,"42wp_authors_list":[],"footnotes":""},"categories":[5],"tags":[678,2097,1393,1519,181,1495,184,179,2369,1386,1488,2237],"42wp_author":[14234],"class_list":["post-22860","post","type-post","status-publish","format-standard","has-post-thumbnail","hentry","category-f1","tag-alpine","tag-alpine-a522","tag-baku","tag-clasificacion-f1","tag-f1","tag-f1-2022","tag-fernando-alonso","tag-formula-1","tag-formula-1-hoy","tag-gp-de-azerbaiyan","tag-grande-premio","tag-grandepremio","42wp_author-douglas-rocha"],"_links":{"self":[{"href":"https:\/\/grandepremio.com\/es\/wp-json\/wp\/v2\/posts\/22860","targetHints":{"allow":["GET"]}}],"collection":[{"href":"https:\/\/grandepremio.com\/es\/wp-json\/wp\/v2\/posts"}],"about":[{"href":"https:\/\/grandepremio.com\/es\/wp-json\/wp\/v2\/types\/post"}],"replies":[{"embeddable":true,"href":"https:\/\/grandepremio.com\/es\/wp-json\/wp\/v2\/comments?post=22860"}],"version-history":[{"count":0,"href":"https:\/\/grandepremio.com\/es\/wp-json\/wp\/v2\/posts\/22860\/revisions"}],"wp:featuredmedia":[{"embeddable":true,"href":"https:\/\/grandepremio.com\/es\/wp-json\/wp\/v2\/media\/1010069989"}],"wp:attachment":[{"href":"https:\/\/grandepremio.com\/es\/wp-json\/wp\/v2\/media?parent=22860"}],"wp:term":[{"taxonomy":"category","embeddable":true,"href":"https:\/\/grandepremio.com\/es\/wp-json\/wp\/v2\/categories?post=22860"},{"taxonomy":"post_tag","embeddable":true,"href":"https:\/\/grandepremio.com\/es\/wp-json\/wp\/v2\/tags?post=22860"},{"taxonomy":"42wp_author","embeddable":true,"href":"https:\/\/grandepremio.com\/es\/wp-json\/wp\/v2\/42wp_author?post=22860"}],"curies":[{"name":"wp","href":"https:\/\/api.w.org\/{rel}","templated":true}]}}