{"id":22861,"date":"2022-06-10T16:28:35","date_gmt":"2022-06-10T19:28:35","guid":{"rendered":"https:\/\/grandepremio.com\/es\/2022\/06\/10\/carlos-sainz-ferrari-direccion-correcta\/"},"modified":"2022-06-10T16:28:36","modified_gmt":"2022-06-10T19:28:36","slug":"carlos-sainz-ferrari-direccion-correcta","status":"publish","type":"post","link":"https:\/\/grandepremio.com\/es\/f1\/carlos-sainz-ferrari-direccion-correcta\/","title":{"rendered":"Sainz cita FP1 &#8220;inc\u00f3modos&#8221; y dice que Ferrari encontr\u00f3 la &#8220;direcci\u00f3n correcta&#8221; en los FP2"},"content":{"rendered":"\n<p class=\"wp-block-paragraph\">Carlos Sainz dej\u00f3 <a href=\"https:\/\/grandepremio.com\/es\/\/f1\/charles-leclerc-sergio-perez-formula-1\/\">este viernes en Bak\u00fa<\/a> con sensaciones similares a las de Max Verstappen. Discreto en la hoja de tiempos, el espa\u00f1ol achac\u00f3 las banderas amarillas a los momentos equivocados y explic\u00f3 que lo importante es que Ferrari supo evolucionar la puesta a punto del coche entre una sesi\u00f3n y otra.<\/p>\n\n\n\n<p class=\"wp-block-paragraph\">El espa\u00f1ol habl\u00f3 de la complicaci\u00f3n que tuvo en los Libres 1 en cuanto a la adaptaci\u00f3n del coche con la pista, pero de c\u00f3mo Ferrari mejor\u00f3 en los segundos entrenamientos.<\/p>\n\n\n\n<p class=\"wp-block-paragraph\"><strong><strong><strong><strong><strong>\u00a1Conoce el canal de Grande Pr\u00eamio en Espa\u00f1ol en\u00a0<a href=\"https:\/\/www.youtube.com\/channel\/UCDxWojGVUi9gWYhrY0pGbIQ\" target=\"_blank\" rel=\"noreferrer noopener\">YouTube<\/a>!<br>\u00a1Sigue a\u00a0Grande Pr\u00eamio en Espa\u00f1ol\u00a0en\u00a0<a href=\"https:\/\/twitter.com\/grandepremioES\" target=\"_blank\" rel=\"noreferrer noopener\">Twitter\u00a0<\/a>y en\u00a0<a href=\"https:\/\/www.instagram.com\/grandepremioes\/\" target=\"_blank\" rel=\"noreferrer noopener\">Instagram<\/a>!<\/strong><\/strong><\/strong><\/strong><\/strong><\/p>\n\n\n\n<p class=\"wp-block-paragraph\">&#8220;Fue un viernes interesante, siempre lo es aqu\u00ed en Bak\u00fa. Los Libres 1 tuvieron algunos desaf\u00edos, sufr\u00ed un poco, especialmente con los rebotes, lo que hizo que la pr\u00e1ctica fuera bastante inc\u00f3moda. Pero hemos trabajado en la direcci\u00f3n correcta para los Libres 2, nos hemos vuelto m\u00e1s competitivos y hemos mejorado las sensaciones en el coche&#8221;, coment\u00f3.<\/p>\n\n\n\n<figure class=\"wp-block-image size-large\"><img decoding=\"async\" src=\"https:\/\/www.grandepremio.com\/br\/wp-content\/uploads\/2022\/06\/ferrari-carlossainz-01-1-1024x683.jpg\" alt=\"\" class=\"wp-image-582812\"\/><figcaption>Carlos Sainz se situ\u00f3 entre los cinco primeros en Bak\u00fa (Foto: Ferrari)<\/figcaption><\/figure>\n\n\n\n<p class=\"wp-block-paragraph\">Por fin, Carlos pareci\u00f3 optimista para el resto del fin de semana en Bak\u00fa. Sin embargo, carg\u00f3 con una evoluci\u00f3n final todav\u00eda para la clasificaci\u00f3n. &#8220;En general, han sido unos Libres 2 tranquilos, aunque no hemos completado una vuelta limpia por culpa de las banderas amarillas. Esperamos seguir mejorando ma\u00f1ana y tener una clasificaci\u00f3n sin problemas&#8221;, a\u00f1adi\u00f3.<\/p>\n\n\n\n<p class=\"wp-block-paragraph\">Sainz es quinto en el Mundial de Pilotos, con 83 puntos conseguidos. El espa\u00f1ol est\u00e1 a 42 puntos del l\u00edder Max Verstappen.<\/p>\n\n\n\n<p class=\"wp-block-paragraph\"><strong>GRANDE PR\u00caMIO<\/strong> sigue todas las actividades del GP de Azerbaiy\u00e1n. El s\u00e1bado, los FP3 est\u00e1n programados para las 15:00 horas [local, GMT+4], mientras que la clasificaci\u00f3n comienza a las 18:00 horas.<\/p>\n\n\n\n<figure class=\"wp-block-embed is-type-video is-provider-youtube wp-block-embed-youtube wp-embed-aspect-16-9 wp-has-aspect-ratio\"><div class=\"wp-block-embed__wrapper\">\n<iframe loading=\"lazy\" title=\"\u00bfBAILE DE ASIENTOS? EL MERCADO DE PILOTOS DE F\u00d3RMULA 1 2023 SE AGITA ANTES DEL PAR\u00d3N VERANIEGO\" width=\"500\" height=\"281\" src=\"https:\/\/www.youtube.com\/embed\/b5ceQ4dXCFs?feature=oembed\" frameborder=\"0\" allow=\"accelerometer; autoplay; clipboard-write; encrypted-media; gyroscope; picture-in-picture; web-share\" referrerpolicy=\"strict-origin-when-cross-origin\" allowfullscreen><\/iframe>\n<\/div><figcaption>Eric Calduch repasa las \u00faltimas novedades que han surgido alrededor del mercado de pilotos de la F1 | GP A LAS 10<\/figcaption><\/figure>\n","protected":false},"excerpt":{"rendered":"<p>Carlos Sainz coment\u00f3 que sufri\u00f3 un poco en los FP1 en Bak\u00fa, pero valor\u00f3 el ajuste que ten\u00eda Ferrari para los FP2, no s\u00f3lo en velocidad, sino tambi\u00e9n en control del coche.<\/p>\n","protected":false},"author":0,"featured_media":1010069985,"comment_status":"closed","ping_status":"closed","sticky":false,"template":"","format":"standard","meta":{"42wp_featured_image_caption":"","42wp_featured_image_credits":"","42wp_featured_video":"","42wp_featured_image_hidden":false,"42wp_authors_list":[],"footnotes":""},"categories":[5],"tags":[1393,302,247,1519,181,1495,185,179,2369,1386,1488,2237],"42wp_author":[14234],"class_list":["post-22861","post","type-post","status-publish","format-standard","has-post-thumbnail","hentry","category-f1","tag-baku","tag-carlos-sainz","tag-charles-leclerc","tag-clasificacion-f1","tag-f1","tag-f1-2022","tag-ferrari","tag-formula-1","tag-formula-1-hoy","tag-gp-de-azerbaiyan","tag-grande-premio","tag-grandepremio","42wp_author-douglas-rocha"],"_links":{"self":[{"href":"https:\/\/grandepremio.com\/es\/wp-json\/wp\/v2\/posts\/22861","targetHints":{"allow":["GET"]}}],"collection":[{"href":"https:\/\/grandepremio.com\/es\/wp-json\/wp\/v2\/posts"}],"about":[{"href":"https:\/\/grandepremio.com\/es\/wp-json\/wp\/v2\/types\/post"}],"replies":[{"embeddable":true,"href":"https:\/\/grandepremio.com\/es\/wp-json\/wp\/v2\/comments?post=22861"}],"version-history":[{"count":0,"href":"https:\/\/grandepremio.com\/es\/wp-json\/wp\/v2\/posts\/22861\/revisions"}],"wp:featuredmedia":[{"embeddable":true,"href":"https:\/\/grandepremio.com\/es\/wp-json\/wp\/v2\/media\/1010069985"}],"wp:attachment":[{"href":"https:\/\/grandepremio.com\/es\/wp-json\/wp\/v2\/media?parent=22861"}],"wp:term":[{"taxonomy":"category","embeddable":true,"href":"https:\/\/grandepremio.com\/es\/wp-json\/wp\/v2\/categories?post=22861"},{"taxonomy":"post_tag","embeddable":true,"href":"https:\/\/grandepremio.com\/es\/wp-json\/wp\/v2\/tags?post=22861"},{"taxonomy":"42wp_author","embeddable":true,"href":"https:\/\/grandepremio.com\/es\/wp-json\/wp\/v2\/42wp_author?post=22861"}],"curies":[{"name":"wp","href":"https:\/\/api.w.org\/{rel}","templated":true}]}}