{"id":22881,"date":"2022-06-09T17:23:17","date_gmt":"2022-06-09T20:23:17","guid":{"rendered":"https:\/\/grandepremio.com\/es\/2022\/06\/09\/brasil-lewis-hamilton-ciudadano-honor\/"},"modified":"2022-06-09T17:23:19","modified_gmt":"2022-06-09T20:23:19","slug":"brasil-lewis-hamilton-ciudadano-honor","status":"publish","type":"post","link":"https:\/\/grandepremio.com\/es\/f1\/brasil-lewis-hamilton-ciudadano-honor\/","title":{"rendered":"La C\u00e1mara de Diputados de Brasil concede a Hamilton el t\u00edtulo de ciudadano de honor"},"content":{"rendered":"\n<p class=\"wp-block-paragraph\">Lewis Hamilton es ciudadano honorario de Brasil. La definici\u00f3n lleg\u00f3 este jueves, cuando la C\u00e1mara de Diputados del pa\u00eds sudamericano aprob\u00f3 una resoluci\u00f3n que ped\u00eda la concesi\u00f3n del t\u00edtulo al piloto heptacampe\u00f3n. Ya aprobado, el brit\u00e1nico recibir\u00e1 pronto el t\u00edtulo.<\/p>\n\n\n\n<p class=\"wp-block-paragraph\">La C\u00e1mara de Diputados hizo el anuncio a primera hora de la tarde tras la promulgaci\u00f3n del homenaje PRC 79\/21 sugerido por el diputado Andr\u00e9 Figueiredo. Seg\u00fan el Parlamento, el t\u00edtulo &#8220;se otorgar\u00e1 en una sesi\u00f3n formal a\u00fan no programada&#8221;.<\/p>\n\n\n\n<p class=\"wp-block-paragraph\"><strong><strong><strong>\u00a1Conoce el canal de Grande Pr\u00eamio en Espa\u00f1ol en\u00a0<a href=\"https:\/\/www.youtube.com\/channel\/UCDxWojGVUi9gWYhrY0pGbIQ\" target=\"_blank\" rel=\"noreferrer noopener\">YouTube<\/a>!<br>\u00a1Sigue a\u00a0Grande Pr\u00eamio en Espa\u00f1ol\u00a0en\u00a0<a href=\"https:\/\/twitter.com\/grandepremioES\" target=\"_blank\" rel=\"noreferrer noopener\">Twitter\u00a0<\/a>y en\u00a0<a href=\"https:\/\/www.instagram.com\/grandepremioes\/\" target=\"_blank\" rel=\"noreferrer noopener\">Instagram<\/a>!<\/strong><\/strong><\/strong><\/p>\n\n\n\n<p class=\"wp-block-paragraph\">Este honor se produce despu\u00e9s de que <a href=\"https:\/\/grandepremio.com\/es\/\/f1\/hamilton-es-nombrado-caballero-de-la-reina-en-una-ceremonia-en-el-castillo-de-windsor\/\">Hamilton fuera nombrado caballero por la Reina y recibiera el t\u00edtulo de &#8220;Sir&#8221;<\/a>. El proyecto de ley de la C\u00e1mara de Diputados de Brasil fue presentado el 16 de noviembre, dos d\u00edas despu\u00e9s de la victoria del brit\u00e1nico en Interlagos. En aquella ocasi\u00f3n, el brit\u00e1nico se sobrepuso a dos sanciones, pasando del \u00faltimo puesto en la carrera sprint al quinto, y luego del d\u00e9cimo al primero en el GP de Sao Paulo. Lewis celebr\u00f3 la victoria con la bandera brasile\u00f1a, repitiendo el gesto de Ayrton Senna.<\/p>\n\n\n\n<p class=\"wp-block-paragraph\">La actitud del piloto fue el motivo de la creaci\u00f3n del Proyecto de Resoluci\u00f3n. En el documento, el diputado afirma que &#8220;este gesto de respeto a la memoria del mayor piloto brasile\u00f1o reson\u00f3 en todos y cada uno de nuestros ciudadanos. Senna no era s\u00f3lo un piloto, sino que representaba la imagen de un Brasil que lo hac\u00eda bien, que ganaba, que era visto positivamente por el mundo. Era nuestro orgullo porque nos recordaba nuestro potencial&#8221;.<\/p>\n\n\n\n<figure class=\"wp-block-image size-large\"><img decoding=\"async\" src=\"https:\/\/www.grandepremio.com\/br\/wp-content\/uploads\/2020\/05\/000_9RN3DX-1024x683.jpg\" alt=\"\" class=\"wp-image-525585\"\/><figcaption>Lewis Hamilton gan\u00f3 el GP de S\u00e3o Paulo en Interlagos y luci\u00f3 la bandera brasile\u00f1a en el podio (Foto: AFP)<\/figcaption><\/figure>\n\n\n\n<p class=\"wp-block-paragraph\"><strong>VER TAMBI\u00c9N:<br><a href=\"https:\/\/grandepremio.com\/es\/\/f1\/mercedes-logo-homenajear-orgullo-lgbtqia\/\">Mercedes adopta logo especial en junio para homenajear Mes del Orgullo LGBTQIA+<br><\/a><a href=\"https:\/\/grandepremio.com\/es\/\/f1\/apple-pelicula-hamilton-productor-brad-pitt\/\">Apple anuncia pel\u00edcula con Hamilton de productor y Brad Pitt en el reparto<br><\/a><a href=\"https:\/\/grandepremio.com\/es\/\/f1\/lewis-hamilton-mercedes-retiro-formula-1\/\">Hamilton aleja chance de retiro: \u201cSiento igual placer que cuando comenc\u00e9\u201d<\/a><\/strong><\/p>\n\n\n\n<p class=\"wp-block-paragraph\">Tambi\u00e9n se cita el luto causado por la pandemia de Covid-19, que mat\u00f3 a m\u00e1s de 650.000 brasile\u00f1os. El gesto de Hamilton habr\u00eda recordado a los brasile\u00f1os &#8220;que los colores nacionales no tienen partido ni due\u00f1o&#8221;. Adem\u00e1s, ayudar\u00eda a rescatar la bandera como s\u00edmbolo de uni\u00f3n nacional.\u00a0<\/p>\n\n\n\n<p class=\"wp-block-paragraph\">&#8220;En este sentido, proponemos rendir homenaje al piloto brit\u00e1nico, otorg\u00e1ndole el t\u00edtulo de ciudadano honorario de la Rep\u00fablica Federativa de Brasil. Esperamos que este gesto nos ayude en el proceso de reconciliaci\u00f3n nacional y en el retorno de nuestros s\u00edmbolos nacionales como patrimonio de todos los brasile\u00f1os&#8221;, afirma el documento.<\/p>\n\n\n\n<p class=\"wp-block-paragraph\">La propuesta lleg\u00f3 a la mesa directiva de la C\u00e1mara de Diputados el 7 de febrero y ahora se vot\u00f3 en el pleno.<\/p>\n","protected":false},"excerpt":{"rendered":"<p>La C\u00e1mara de Diputados de Brasil ha aprobado este jueves el homenaje a Lewis Hamilton. El siete veces campe\u00f3n se convierte en ciudadano brasile\u00f1o de honor.<\/p>\n","protected":false},"author":0,"featured_media":1010069887,"comment_status":"closed","ping_status":"closed","sticky":false,"template":"","format":"standard","meta":{"42wp_featured_image_caption":"","42wp_featured_image_credits":"","42wp_featured_video":"","42wp_featured_image_hidden":false,"42wp_authors_list":[],"footnotes":""},"categories":[5],"tags":[458,2863,2864,181,1233,1495,179,1488,2237,199,197],"42wp_author":[14234],"class_list":["post-22881","post","type-post","status-publish","format-standard","has-post-thumbnail","hentry","category-f1","tag-brasil","tag-camara-de-diputados-de-brasil","tag-ciudadano-de-honor","tag-f1","tag-f1-2021","tag-f1-2022","tag-formula-1","tag-grande-premio","tag-grandepremio","tag-lewis-hamilton","tag-mercedes","42wp_author-douglas-rocha"],"_links":{"self":[{"href":"https:\/\/grandepremio.com\/es\/wp-json\/wp\/v2\/posts\/22881","targetHints":{"allow":["GET"]}}],"collection":[{"href":"https:\/\/grandepremio.com\/es\/wp-json\/wp\/v2\/posts"}],"about":[{"href":"https:\/\/grandepremio.com\/es\/wp-json\/wp\/v2\/types\/post"}],"replies":[{"embeddable":true,"href":"https:\/\/grandepremio.com\/es\/wp-json\/wp\/v2\/comments?post=22881"}],"version-history":[{"count":0,"href":"https:\/\/grandepremio.com\/es\/wp-json\/wp\/v2\/posts\/22881\/revisions"}],"wp:featuredmedia":[{"embeddable":true,"href":"https:\/\/grandepremio.com\/es\/wp-json\/wp\/v2\/media\/1010069887"}],"wp:attachment":[{"href":"https:\/\/grandepremio.com\/es\/wp-json\/wp\/v2\/media?parent=22881"}],"wp:term":[{"taxonomy":"category","embeddable":true,"href":"https:\/\/grandepremio.com\/es\/wp-json\/wp\/v2\/categories?post=22881"},{"taxonomy":"post_tag","embeddable":true,"href":"https:\/\/grandepremio.com\/es\/wp-json\/wp\/v2\/tags?post=22881"},{"taxonomy":"42wp_author","embeddable":true,"href":"https:\/\/grandepremio.com\/es\/wp-json\/wp\/v2\/42wp_author?post=22881"}],"curies":[{"name":"wp","href":"https:\/\/api.w.org\/{rel}","templated":true}]}}