{"id":22889,"date":"2022-06-09T09:02:22","date_gmt":"2022-06-09T12:02:22","guid":{"rendered":"https:\/\/grandepremio.com\/es\/2022\/06\/09\/ktm-miller-pareja-pilotos-2023\/"},"modified":"2022-06-09T09:02:23","modified_gmt":"2022-06-09T12:02:23","slug":"ktm-miller-pareja-pilotos-2023","status":"publish","type":"post","link":"https:\/\/grandepremio.com\/es\/motogp\/ktm-miller-pareja-pilotos-2023\/","title":{"rendered":"KTM oficializa contrataci\u00f3n de Miller y cierra pareja de pilotos para 2023 y 2024"},"content":{"rendered":"\n<p class=\"wp-block-paragraph\">La noticia que todos ya sab\u00edan que suceder\u00eda se oficializ\u00f3 en la ma\u00f1ana de este jueves. Una pieza m\u00e1s de la &#8216;silly season&#8217; de <a href=\"https:\/\/grandepremio.com\/es\/\/categoria\/motogp\/\" target=\"_blank\" rel=\"noreferrer noopener\">MotoGP<\/a> ha encajado: KTM ha confirmado que Jack Miller ser\u00e1 el compa\u00f1ero de equipo de Brad Binder para las temporadas de MotoGP 2023 y 2024.<\/p>\n\n\n\n<p class=\"wp-block-paragraph\">El australiano vuelve a KTM despu\u00e9s de ocho a\u00f1os, cuando con Red Bull KTM Ajo fue subcampe\u00f3n de Moto3. Miller sustituye a Miguel Oliveira en el equipo de f\u00e1brica -el portugu\u00e9s negocia con Gresini tras comunicar a la formaci\u00f3n de Mattighofen que no acepta volver a defender Tech3-.<\/p>\n\n\n\n<p class=\"wp-block-paragraph\">&#8220;Por supuesto que conocemos a Jack desde que impuls\u00f3 nuestro programa de Moto3 y es un gran placer traer a un piloto de sus habilidades a nuestra estructura de MotoGP. Nos dej\u00f3 una impresi\u00f3n positiva y nos mantuvimos en contacto. La actitud de Jack hacia las carreras es muy parecido a la nuestra. Estoy muy orgulloso de que regrese a Red Bull KTM nuevamente y ser\u00e1 una gran adici\u00f3n a nuestra misi\u00f3n\u201d, dijo Pit Beirer, director de la divisi\u00f3n deportiva de KTM.<\/p>\n\n\n\n<p class=\"wp-block-paragraph\"><strong><strong>\u00a1Conoce el canal de Grande Pr\u00eamio en Espa\u00f1ol en&nbsp;<a href=\"https:\/\/www.youtube.com\/channel\/UCDxWojGVUi9gWYhrY0pGbIQ\" target=\"_blank\" rel=\"noreferrer noopener\">YouTube<\/a>!<br>\u00a1Sigue a&nbsp;Grande Pr\u00eamio en Espa\u00f1ol&nbsp;en&nbsp;<a href=\"https:\/\/twitter.com\/grandepremioES\" target=\"_blank\" rel=\"noreferrer noopener\">Twitter&nbsp;<\/a>y en&nbsp;<a href=\"https:\/\/www.instagram.com\/grandepremioes\/\" target=\"_blank\" rel=\"noreferrer noopener\">Instagram<\/a>!<\/strong><\/strong><\/p>\n\n\n\n<figure class=\"wp-block-image size-large\"><img decoding=\"async\" src=\"https:\/\/www.grandepremio.com\/br\/wp-content\/uploads\/2022\/06\/DS_6296-1024x683.jpg\" alt=\"\" class=\"wp-image-580675\"\/><figcaption>Jack Miller en acci\u00f3n con Ducati: algo que solo continuar\u00e1 ocurriendo hasta el fin de 2022 (Foto: Divulgaci\u00f3n\/MotoGP)<\/figcaption><\/figure>\n\n\n\n<p class=\"wp-block-paragraph\">&#8220;Tener a Jack junto a Brad en nuestro equipo significa que tenemos otro activo fuerte. Lo conozco bien, s\u00e9 c\u00f3mo le gusta trabajar y lo que puede aportar a nuestro paquete. Creo en su car\u00e1cter y en la forma en que pilotar\u00e1 y empujar\u00e1 nuestra KTM RC16 nos ayudar\u00e1 mucho en esta etapa de nuestro proyecto. Al igual que Brad, Jack es un piloto puro: encontrar\u00e1 los l\u00edmites y el m\u00e1ximo de cualquier condici\u00f3n y cualquier paquete, y a\u00fan as\u00ed se esforzar\u00e1 por obtener el resultado y esa es una cualidad \u00fanica. Las pr\u00f3ximas dos temporadas ser\u00e1n emocionantes\u201d, agreg\u00f3 Francesco Guidotti, jefe de KTM MotoGP.<\/p>\n\n\n\n<p class=\"wp-block-paragraph\">El cambio de Miller a KTM significa, por lo tanto, que el australiano deja Ducati despu\u00e9s de cinco a\u00f1os. Tres temporadas en Pramac y dos en el equipo oficial m\u00e1s tarde, el piloto consigui\u00f3 dos victorias y 16 podios con los de Borgo Panigale.<\/p>\n\n\n\n<p class=\"wp-block-paragraph\">\u201cHan sido cinco a\u00f1os muy importantes para m\u00ed: junto a Ducati he ganado varios podios, incluidas dos victorias que nunca olvidar\u00e9. Adem\u00e1s de los dos t\u00edtulos mundiales de Constructores (2020 y 2021) y el t\u00edtulo por equipos, el \u00faltimo a\u00f1o termin\u00e9 cuarto en el campeonato y ese fue mi mejor resultado en MotoGP&#8221;, dijo Miller, en un comunicado oficial de Ducati.<\/p>\n\n\n\n<p class=\"wp-block-paragraph\">\u201cJunto a Pramac y Ducati he crecido mucho como piloto y a\u00f1o tras a\u00f1o siempre me he sentido la mejor versi\u00f3n de m\u00ed mismo. El a\u00f1o que viene asumir\u00e9 un nuevo reto, pero en este momento solo quiero pensar en terminar esta \u00faltima temporada con mi equipo de la mejor manera posible\u201d, concluy\u00f3 el piloto.<\/p>\n\n\n\n<p class=\"wp-block-paragraph\">La formaci\u00f3n de Borgo Panigale, en tanto, a\u00fan no ha definido qui\u00e9n reemplazar\u00e1 a Miller y ser\u00e1 el compa\u00f1ero de Francesco Bagnaia en el equipo de f\u00e1brica. Incluso lo desconocido flota en el aire en Ducati: de sus ocho motos en la parrilla de MotoGP, solo una conoce al piloto que la guiar\u00e1, es precisamente &#8216;Pecco&#8217;. Enea Bastianini y Jorge Mart\u00edn aparecen como candidatos a la vacante, pero tambi\u00e9n pueden aparecer en el equipo \u00c1lex Rins o Joan Mir tras la salida de Suzuki del campeonato.<\/p>\n","protected":false},"excerpt":{"rendered":"<p>El piloto australiano Jack Miller se une a KTM por dos a\u00f1os. Los de Mattighofen ya hab\u00edan renovado a Brad Binder hasta 2024 tambi\u00e9n.<\/p>\n","protected":false},"author":0,"featured_media":1010069845,"comment_status":"closed","ping_status":"closed","sticky":false,"template":"","format":"standard","meta":{"42wp_featured_image_caption":"","42wp_featured_image_credits":"","42wp_featured_video":"","42wp_featured_image_hidden":false,"42wp_authors_list":[],"footnotes":""},"categories":[8],"tags":[675,1415,1340,1383,1381,1403,2098,855,1293,1341,2657,1764],"42wp_author":[14233],"class_list":["post-22889","post","type-post","status-publish","format-standard","has-post-thumbnail","hentry","category-motogp","tag-australia","tag-brad-binder","tag-ducati","tag-jack-miller","tag-ktm","tag-miguel-oliveira","tag-miller","tag-motociclismo","tag-motogp","tag-motogp-2022","tag-motogp-2023","tag-mundial-de-motociclismo","42wp_author-eric-calduch"],"_links":{"self":[{"href":"https:\/\/grandepremio.com\/es\/wp-json\/wp\/v2\/posts\/22889","targetHints":{"allow":["GET"]}}],"collection":[{"href":"https:\/\/grandepremio.com\/es\/wp-json\/wp\/v2\/posts"}],"about":[{"href":"https:\/\/grandepremio.com\/es\/wp-json\/wp\/v2\/types\/post"}],"replies":[{"embeddable":true,"href":"https:\/\/grandepremio.com\/es\/wp-json\/wp\/v2\/comments?post=22889"}],"version-history":[{"count":0,"href":"https:\/\/grandepremio.com\/es\/wp-json\/wp\/v2\/posts\/22889\/revisions"}],"wp:featuredmedia":[{"embeddable":true,"href":"https:\/\/grandepremio.com\/es\/wp-json\/wp\/v2\/media\/1010069845"}],"wp:attachment":[{"href":"https:\/\/grandepremio.com\/es\/wp-json\/wp\/v2\/media?parent=22889"}],"wp:term":[{"taxonomy":"category","embeddable":true,"href":"https:\/\/grandepremio.com\/es\/wp-json\/wp\/v2\/categories?post=22889"},{"taxonomy":"post_tag","embeddable":true,"href":"https:\/\/grandepremio.com\/es\/wp-json\/wp\/v2\/tags?post=22889"},{"taxonomy":"42wp_author","embeddable":true,"href":"https:\/\/grandepremio.com\/es\/wp-json\/wp\/v2\/42wp_author?post=22889"}],"curies":[{"name":"wp","href":"https:\/\/api.w.org\/{rel}","templated":true}]}}