{"id":22910,"date":"2022-06-06T17:07:28","date_gmt":"2022-06-06T20:07:28","guid":{"rendered":"https:\/\/grandepremio.com\/es\/2022\/06\/06\/fabio-quartararo-pecco-bagnaia-tests-cataluna\/"},"modified":"2022-06-06T17:07:30","modified_gmt":"2022-06-06T20:07:30","slug":"fabio-quartararo-pecco-bagnaia-tests-cataluna","status":"publish","type":"post","link":"https:\/\/grandepremio.com\/es\/motogp\/fabio-quartararo-pecco-bagnaia-tests-cataluna\/","title":{"rendered":"Quartararo supera a Bagnaia por 0s004 y lidera jornada llena de novedades en Catalu\u00f1a"},"content":{"rendered":"\n<figure class=\"wp-block-video\"><video class=\"video-js vjs-big-play-centered\" data-gp-vjs=\"1\" controls src=\"https:\/\/www.grandepremio.com\/br\/wp-content\/uploads\/2022\/06\/c9c4Pi_g1xpZvV7u.mp4\"><\/video><figcaption>Takaaki Nakagami se estrell\u00f3 y noque\u00f3 a Francesco Bagnaia y \u00c1lex Rins durante el GP de Catalu\u00f1a (V\u00eddeo: DAZN)<\/figcaption><\/figure>\n\n\n\n<p class=\"wp-block-paragraph\">Los pilotos de MotoGP no tuvieron descanso. No han pasado ni 24 horas desde la carrera en el circuito de Montmel\u00f3, y la plantilla de la categor\u00eda reina volvi\u00f3 al trabajo este lunes para realizar una jornada de entrenamientos en Barcelona. Y, como ocurri\u00f3 en el GP de Catalunya, Fabio Quartararo se llev\u00f3 la mejor parte del d\u00eda.<\/p>\n\n\n\n<p class=\"wp-block-paragraph\">Animado por su segunda victoria del a\u00f1o, el franc\u00e9s de Niza se dedic\u00f3 a comparar escalas, como ha hecho en las \u00faltimas carreras, y complet\u00f3 un total de 67 vueltas, la mejor de ellas en 1min39s447, s\u00f3lo 0s004 mejor que Francesco Bagnaia, que volvi\u00f3 a la pista despu\u00e9s de la frustraci\u00f3n del domingo, cuando fue sacado de la carrera en la primera curva por un escalonado Takaaki Nakagami para evaluar un nuevo paquete aerodin\u00e1mico.<\/p>\n\n\n\n<p class=\"wp-block-paragraph\"><strong><strong>\u00a1Conoce el canal de Grande Pr\u00eamio en Espa\u00f1ol en\u00a0<a href=\"https:\/\/www.youtube.com\/channel\/UCDxWojGVUi9gWYhrY0pGbIQ\" target=\"_blank\" rel=\"noreferrer noopener\">YouTube<\/a>!<br>\u00a1Sigue a\u00a0Grande Pr\u00eamio en Espa\u00f1ol\u00a0en\u00a0<a href=\"https:\/\/twitter.com\/grandepremioES\" target=\"_blank\" rel=\"noreferrer noopener\">Twitter\u00a0<\/a>y en\u00a0<a href=\"https:\/\/www.instagram.com\/grandepremioes\/\" target=\"_blank\" rel=\"noreferrer noopener\">Instagram<\/a>!<\/strong><\/strong><\/p>\n\n\n\n<figure class=\"wp-block-image size-large\"><img decoding=\"async\" src=\"https:\/\/www.grandepremio.com\/br\/wp-content\/uploads\/2022\/06\/MEYMm__A9X5574-1-1024x683.jpg\" alt=\"\" class=\"wp-image-580606\"\/><figcaption>Fabio Quartararo encabez\u00f3 la jornada de pruebas de MotoGP en Catalu\u00f1a (Foto: Yamaha)<\/figcaption><\/figure>\n\n\n\n<p class=\"wp-block-paragraph\">Trabajando con un nuevo chasis, Johann Zarco fue s\u00f3lo 0s053s m\u00e1s lento que su compatriota y se asegur\u00f3 el tercer puesto, por delante de Aleix Espargar\u00f3, que dio 81 vueltas con su RS-GP a lo largo del d\u00eda. Aprilia aprovech\u00f3 el test para volver a probar el aler\u00f3n trasero que estren\u00f3 en Italia, adem\u00e1s de evaluar una actualizaci\u00f3n aerodin\u00e1mica y un carenado radicalmente diferente.<\/p>\n\n\n\n<p class=\"wp-block-paragraph\">Pol Espargar\u00f3 se qued\u00f3 cerca de su hermano en la quinta posici\u00f3n, s\u00f3lo 0s130s m\u00e1s lento en un d\u00eda en el que Honda trabaj\u00f3 con tres chasis diferentes. El mejor de los 68 giros de Jack Miller fue de 1min39s742 y se qued\u00f3 con el sexto lugar por delante de Maverick Vi\u00f1ales. Franco Morbidelli fue octavo, a 0s348 de su compa\u00f1ero de equipo en Yamaha, y trabaj\u00f3 con un basculante de carbono. Enea Bastianini y Fabio Di Giannantonio completaron el top-10.<\/p>\n\n\n\n<p class=\"wp-block-paragraph\">Brad Binder ha sido la mejor KTM y ha sido 11\u00ba, seguido de Joan Mir, la \u00fanica Suzuki en pista ya que \u00c1lex Rins se ha fracturado la mu\u00f1eca izquierda y no ha podido salir a pista. Sin embargo, el espa\u00f1ol pas\u00f3 el d\u00eda ocupado probando dos paquetes aerodin\u00e1micos diferentes. Luca Marini fue 13\u00ba, por delante de Miguel Oliveira, Remy Gardner y \u00c1lex M\u00e1rquez.<\/p>\n\n\n\n<p class=\"wp-block-paragraph\"><strong>VER TAMBI\u00c9N<br><a href=\"https:\/\/grandepremio.com\/es\/\/motogp\/fabio-quartararo-cataluna-motogp\/\">Quartararo vence en Catalu\u00f1a y estira ventaja en campeonato de MotoGP<\/a><br><a href=\"https:\/\/grandepremio.com\/es\/\/motogp\/aleix-espargaro-cataluna-motogp\/\">Aleix Espargar\u00f3 explica error en Catalu\u00f1a: \u201cAqu\u00ed es diferente, me confund\u00ed\u201d<\/a><br><a href=\"https:\/\/grandepremio.com\/es\/\/motogp\/alex-rins-fractura-muneca-cataluna\/\">Rins se fractura la mu\u00f1eca en accidente con Nakagami en el GP de Catalu\u00f1a<\/a><\/strong><\/p>\n\n\n\n<p class=\"wp-block-paragraph\">El piloto probador de Honda y sustituto de Marc M\u00e1rquez, Stefan Bradl, ha sido 17\u00ba, seguido por el probador de Ducati, Michele Pirro. El m\u00e1s veterano entre los pilotos de Yamaha, Andrea Dovizioso, ha dedicado la jornada a trabajar en un brazo oscilante de aluminio y aparece en la secuencia, escoltado por Darryn Binder, Marco Bezzecchi y Ra\u00fal Fern\u00e1ndez completan la lista de 22 participantes.<\/p>\n\n\n\n<p class=\"wp-block-paragraph\">Nakagami tampoco se entren\u00f3 debido al accidente del domingo. El piloto japon\u00e9s pas\u00f3 la noche en el hospital en observaci\u00f3n, pero se encuentra bien. Jorge Mart\u00edn tampoco sali\u00f3 a la pista ya que fue ingresado para ser operado de una lesi\u00f3n en la mano.<\/p>\n\n\n\n<p class=\"wp-block-paragraph\">MotoGP vuelve a la pista el 19 de junio para el GP de Alemania en Sachsenring, la d\u00e9cima prueba de la temporada 2022. GRANDE PR\u00caMIO sigue todas las actividades del Campeonato Mundial de Motociclismo 2022.<\/p>\n\n\n\n<h3 class=\"wp-block-heading\" id=\"h-motogp-2022-catalunha-teste-coletiva-final\"><strong>MotoGP 2022, Catalu\u00f1a, Tests coletivos, Final:<\/strong><\/h3>\n\n\n\n<figure class=\"wp-block-table\"><table><tbody><tr><td><strong>1<\/strong><\/td><td>F QUARTARARO<\/td><td>Yamaha<\/td><td>1:39.447<\/td><td>&nbsp;<\/td><td>13<\/td><td>67<\/td><\/tr><tr><td><strong>2<\/strong><\/td><td>F BAGNAIA<\/td><td>Ducati<\/td><td>1:39.451<\/td><td>+0.004<\/td><td>61<\/td><td>84<\/td><\/tr><tr><td><strong>3<\/strong><\/td><td>J ZARCO<\/td><td>Pramac Ducati<\/td><td>1:39.500<\/td><td>+0.053<\/td><td>53<\/td><td>93<\/td><\/tr><tr><td><strong>4<\/strong><\/td><td>A ESPARGAR\u00d3<\/td><td>Aprilia<\/td><td>1:39.558<\/td><td>+0.111<\/td><td>4<\/td><td>81<\/td><\/tr><tr><td><strong>5<\/strong><\/td><td>P ESPARGAR\u00d3<\/td><td>Honda<\/td><td>1:39.688<\/td><td>+0.241<\/td><td>8<\/td><td>88<\/td><\/tr><tr><td><strong>6<\/strong><\/td><td>J MILLER<\/td><td>Ducati<\/td><td>1:39.742<\/td><td>+0.295<\/td><td>6<\/td><td>68<\/td><\/tr><tr><td><strong>7<\/strong><\/td><td>M VI\u00d1ALES<\/td><td>Aprilia<\/td><td>1:39.780<\/td><td>+0.333<\/td><td>31<\/td><td>77<\/td><\/tr><tr><td><strong>8<\/strong><\/td><td>F MORBIDELLI<\/td><td>Yamaha<\/td><td>1:39.795<\/td><td>+0.348<\/td><td>28<\/td><td>78<\/td><\/tr><tr><td><strong>9<\/strong><\/td><td>E BASTIANINI<\/td><td>Gresini Ducati<\/td><td>1:39.844<\/td><td>+0.397<\/td><td>27<\/td><td>54<\/td><\/tr><tr><td><strong>10<\/strong><\/td><td>F DI GIANNANTONIO<\/td><td>Gresini Ducati<\/td><td>1:39.963<\/td><td>+0.516<\/td><td>27<\/td><td>56<\/td><\/tr><tr><td><strong>11<\/strong><\/td><td>B BINDER<\/td><td>KTM<\/td><td>1:39.998<\/td><td>+0.551<\/td><td>64<\/td><td>66<\/td><\/tr><tr><td><strong>12<\/strong><\/td><td>J MIR<\/td><td>Suzuki<\/td><td>1:40.027<\/td><td>+0.580<\/td><td>57<\/td><td>72<\/td><\/tr><tr><td><strong>13<\/strong><\/td><td>L MARINI<\/td><td>VR46<\/td><td>1:40.047<\/td><td>+0.600<\/td><td>30<\/td><td>62<\/td><\/tr><tr><td><strong>14<\/strong><\/td><td>M OLIVEIRA<\/td><td>KTM<\/td><td>1:40.088<\/td><td>+0.641<\/td><td>40<\/td><td>66<\/td><\/tr><tr><td><strong>15<\/strong><\/td><td>R GARDNER<\/td><td>Tech3 KTM<\/td><td>1:40.197<\/td><td>+0.750<\/td><td>35<\/td><td>76<\/td><\/tr><tr><td><strong>16<\/strong><\/td><td>A M\u00c1RQUEZ<\/td><td>LCR Honda<\/td><td>1:40.335<\/td><td>+0.888<\/td><td>9<\/td><td>96<\/td><\/tr><tr><td><strong>17<\/strong><\/td><td>S BRADL<\/td><td>Honda<\/td><td>1:40.474<\/td><td>+1.027<\/td><td>22<\/td><td>53<\/td><\/tr><tr><td><strong>18<\/strong><\/td><td>M PIRRO<\/td><td>Ducati<\/td><td>1:40.610<\/td><td>+1.163<\/td><td>16<\/td><td>74<\/td><\/tr><tr><td><strong>19<\/strong><\/td><td>A DOVIZIOSO<\/td><td>RNF YAMAHA<\/td><td>1:40.627<\/td><td>+1.180<\/td><td>29<\/td><td>56<\/td><\/tr><tr><td><strong>20<\/strong><\/td><td>D BINDER<\/td><td>RNF YAMAHA<\/td><td>1:40.746<\/td><td>+1.299<\/td><td>35<\/td><td>49<\/td><\/tr><tr><td><strong>21<\/strong><\/td><td>M BEZZECCHI<\/td><td>VR46<\/td><td>1:40.765<\/td><td>+1.318<\/td><td>5<\/td><td>23<\/td><\/tr><tr><td><strong>22<\/strong><\/td><td>R FERN\u00c1NDEZ<\/td><td>Tech3 KTM<\/td><td>1:41.144<\/td><td>+1.697<\/td><td>5<\/td><td>47<\/td><\/tr><\/tbody><\/table><\/figure>\n","protected":false},"excerpt":{"rendered":"<p>Quartararo fue el m\u00e1s r\u00e1pido de los tests de MotoGP en Barcelona este lunes. Cuatro mil\u00e9simas m\u00e1s lento, Bagnaia ha sido segundo en una jornada en la que las f\u00e1bricas han probado las novedades de la temporada 2022.<\/p>\n","protected":false},"author":0,"featured_media":1010069749,"comment_status":"closed","ping_status":"closed","sticky":false,"template":"","format":"standard","meta":{"42wp_featured_image_caption":"","42wp_featured_image_credits":"","42wp_featured_video":"","42wp_featured_image_hidden":false,"42wp_authors_list":[],"footnotes":""},"categories":[8],"tags":[576,1306,1376,1488,2237,1293,1341,2308,2609],"42wp_author":[14234],"class_list":["post-22910","post","type-post","status-publish","format-standard","has-post-thumbnail","hentry","category-motogp","tag-circuit-de-barcelona-catalunya","tag-fabio-quartararo","tag-francesco-bagnaia","tag-grande-premio","tag-grandepremio","tag-motogp","tag-motogp-2022","tag-motogp-hoy","tag-tests-motogp","42wp_author-douglas-rocha"],"_links":{"self":[{"href":"https:\/\/grandepremio.com\/es\/wp-json\/wp\/v2\/posts\/22910","targetHints":{"allow":["GET"]}}],"collection":[{"href":"https:\/\/grandepremio.com\/es\/wp-json\/wp\/v2\/posts"}],"about":[{"href":"https:\/\/grandepremio.com\/es\/wp-json\/wp\/v2\/types\/post"}],"replies":[{"embeddable":true,"href":"https:\/\/grandepremio.com\/es\/wp-json\/wp\/v2\/comments?post=22910"}],"version-history":[{"count":0,"href":"https:\/\/grandepremio.com\/es\/wp-json\/wp\/v2\/posts\/22910\/revisions"}],"wp:featuredmedia":[{"embeddable":true,"href":"https:\/\/grandepremio.com\/es\/wp-json\/wp\/v2\/media\/1010069749"}],"wp:attachment":[{"href":"https:\/\/grandepremio.com\/es\/wp-json\/wp\/v2\/media?parent=22910"}],"wp:term":[{"taxonomy":"category","embeddable":true,"href":"https:\/\/grandepremio.com\/es\/wp-json\/wp\/v2\/categories?post=22910"},{"taxonomy":"post_tag","embeddable":true,"href":"https:\/\/grandepremio.com\/es\/wp-json\/wp\/v2\/tags?post=22910"},{"taxonomy":"42wp_author","embeddable":true,"href":"https:\/\/grandepremio.com\/es\/wp-json\/wp\/v2\/42wp_author?post=22910"}],"curies":[{"name":"wp","href":"https:\/\/api.w.org\/{rel}","templated":true}]}}