{"id":22955,"date":"2022-06-01T11:21:19","date_gmt":"2022-06-01T14:21:19","guid":{"rendered":"https:\/\/grandepremio.com\/es\/2022\/06\/01\/fia-peter-bayer-formula-1\/"},"modified":"2022-06-01T11:52:10","modified_gmt":"2022-06-01T14:52:10","slug":"fia-peter-bayer-formula-1","status":"publish","type":"post","link":"https:\/\/grandepremio.com\/es\/f1\/fia-peter-bayer-formula-1\/","title":{"rendered":"FIA anuncia salida de director ejecutivo en F1 y nombra ex Mercedes como interina"},"content":{"rendered":"\n<p class=\"wp-block-paragraph\"><a href=\"https:\/\/grandepremio.com\/es\/\/otras\/fia-elige-a-ben-sulayem-como-nuevo-presidente-y-concluye-la-era-todt\/\">Secretario general de la FIA <\/a>y director ejecutivo de la F\u00f3rmula 1 para la entidad desde el a\u00f1o pasado, Peter Bayer dej\u00f3 el organismo que rige el automovilismo mundial cinco a\u00f1os despu\u00e9s de su llegada. Un comunicado de la propia FIA emitido este mi\u00e9rcoles por la ma\u00f1ana confirmaba la salida del dirigente, adem\u00e1s de nombrar a la ex-Mercedes Shaila-Ann Rao como su sustituta interina.<\/p>\n\n\n\n<p class=\"wp-block-paragraph\">&#8220;La Federaci\u00f3n Internacional de Automovilismo anuncia la salida de Peter Bayer, secretario general desde 2017 y tambi\u00e9n director ejecutivo de la F1 desde 2021&#8221;, expres\u00f3 el comunicado. &#8220;La FIA le agradece encarecidamente los resultados que ha aportado al desarrollo del automovilismo en los \u00faltimos cinco a\u00f1os&#8221;, sigui\u00f3.<\/p>\n\n\n\n<p class=\"wp-block-paragraph\"><strong><strong>\u00a1Conoce el canal de Grande Pr\u00eamio en Espa\u00f1ol en\u00a0<a href=\"https:\/\/www.youtube.com\/channel\/UCDxWojGVUi9gWYhrY0pGbIQ\" target=\"_blank\" rel=\"noreferrer noopener\">YouTube<\/a>!<br>\u00a1Sigue a\u00a0Grande Pr\u00eamio en Espa\u00f1ol\u00a0en\u00a0<a href=\"https:\/\/twitter.com\/grandepremioES\" target=\"_blank\" rel=\"noreferrer noopener\">Twitter\u00a0<\/a>y en\u00a0<a href=\"https:\/\/www.instagram.com\/grandepremioes\/\" target=\"_blank\" rel=\"noreferrer noopener\">Instagram<\/a>!<\/strong><\/strong><\/p>\n\n\n\n<figure class=\"wp-block-image size-large\"><img decoding=\"async\" src=\"https:\/\/grandepremio.com\/es\/\/wp-content\/uploads\/2022\/06\/sheila-ann-rao-831x1024.jpg\" alt=\"\" class=\"wp-image-68840\"\/><figcaption> Shaila-Ann Rao, sustituta de Peter Bayer en la FIA. (Foto: Reproducci\u00f3n) <\/figcaption><\/figure>\n\n\n\n<p class=\"wp-block-paragraph\">&#8220;Bayer supervis\u00f3 la construcci\u00f3n de una pir\u00e1mide de monoplazas desde el karting hasta la F1. Tambi\u00e9n llev\u00f3 a cabo la creaci\u00f3n del nuevo Campeonato Mundial de Rallyes, con mejoras en seguridad y sustentabilidad. La FIA le desea lo mejor en su futuro&#8221;, continu\u00f3.<\/p>\n\n\n\n<p class=\"wp-block-paragraph\">Al final de la misiva, la FIA notific\u00f3 el regreso de Shaila-Ann Rao, quien ya hab\u00eda trabajado en el organismo como directora jur\u00eddica. Sin embargo, luego se traslad\u00f3 a Mercedes despu\u00e9s de un a\u00f1o y medio, donde se desempe\u00f1\u00f3 como asesora general antes de convertirse en la mano derecha del jefe de la escuder\u00eda alemana, el austr\u00edaco Toto Wolff.<\/p>\n\n\n\n<p class=\"wp-block-paragraph\">&#8220;Peter Bayer ser\u00e1 sustituido de forma interina por Shaila-Ann Rao, quien regres\u00f3 recientemente a la FIA&#8221;, revel\u00f3. &#8220;Shaila-Ann Rao ocup\u00f3 el cargo de directora legal de la FIA desde mediados de 2016 hasta finales de 2018. Posteriormente, pas\u00f3 tres a\u00f1os y medio en Mercedes como asesora especial del jefe Toto Wolff&#8221;, concluy\u00f3 el comunicado.<\/p>\n","protected":false},"excerpt":{"rendered":"<p>La FIA comunic\u00f3 que Peter Bayer no ser\u00e1 m\u00e1s el director ejecutivo de la entidad en F1, y ser\u00e1 reemplazado interinamente por Shaila Ann Rao.<\/p>\n","protected":false},"author":0,"featured_media":1010068841,"comment_status":"closed","ping_status":"closed","sticky":false,"template":"","format":"standard","meta":{"42wp_featured_image_caption":"","42wp_featured_image_credits":"","42wp_featured_video":"","42wp_featured_image_hidden":false,"42wp_authors_list":[],"footnotes":""},"categories":[5],"tags":[181,1495,263,179,1439,197,2153,2804],"42wp_author":[14223],"class_list":["post-22955","post","type-post","status-publish","format-standard","has-post-thumbnail","hentry","category-f1","tag-f1","tag-f1-2022","tag-fia","tag-formula-1","tag-formula-1-2022","tag-mercedes","tag-peter-bayer","tag-shaila-ann-rao","42wp_author-esteban-nieto"],"_links":{"self":[{"href":"https:\/\/grandepremio.com\/es\/wp-json\/wp\/v2\/posts\/22955","targetHints":{"allow":["GET"]}}],"collection":[{"href":"https:\/\/grandepremio.com\/es\/wp-json\/wp\/v2\/posts"}],"about":[{"href":"https:\/\/grandepremio.com\/es\/wp-json\/wp\/v2\/types\/post"}],"replies":[{"embeddable":true,"href":"https:\/\/grandepremio.com\/es\/wp-json\/wp\/v2\/comments?post=22955"}],"version-history":[{"count":0,"href":"https:\/\/grandepremio.com\/es\/wp-json\/wp\/v2\/posts\/22955\/revisions"}],"wp:featuredmedia":[{"embeddable":true,"href":"https:\/\/grandepremio.com\/es\/wp-json\/wp\/v2\/media\/1010068841"}],"wp:attachment":[{"href":"https:\/\/grandepremio.com\/es\/wp-json\/wp\/v2\/media?parent=22955"}],"wp:term":[{"taxonomy":"category","embeddable":true,"href":"https:\/\/grandepremio.com\/es\/wp-json\/wp\/v2\/categories?post=22955"},{"taxonomy":"post_tag","embeddable":true,"href":"https:\/\/grandepremio.com\/es\/wp-json\/wp\/v2\/tags?post=22955"},{"taxonomy":"42wp_author","embeddable":true,"href":"https:\/\/grandepremio.com\/es\/wp-json\/wp\/v2\/42wp_author?post=22955"}],"curies":[{"name":"wp","href":"https:\/\/api.w.org\/{rel}","templated":true}]}}