{"id":22963,"date":"2022-05-31T12:51:05","date_gmt":"2022-05-31T15:51:05","guid":{"rendered":"https:\/\/grandepremio.com\/es\/2022\/05\/31\/max-verstappen-niega-disputar-indy-500\/"},"modified":"2022-05-31T12:51:06","modified_gmt":"2022-05-31T15:51:06","slug":"max-verstappen-niega-disputar-indy-500","status":"publish","type":"post","link":"https:\/\/grandepremio.com\/es\/f1\/max-verstappen-niega-disputar-indy-500\/","title":{"rendered":"Verstappen niega deseo de disputar la Indy 500: &#8220;No necesito arriesgar la vida&#8221;"},"content":{"rendered":"\n<p class=\"wp-block-paragraph\">Coronarse como ganador de las 500 millas de Indian\u00e1polis es el sue\u00f1o de muchos pilotos, pero la tradicional carrera estadounidense -que conforma junto con el GP de M\u00f3naco de F\u00f3rmula 1 y las 24 horas de Le Mans la llamada triple corona del automovilismo mundial- no seduce a Max Verstappen. El piloto de Red Bull dijo que siente mucha admiraci\u00f3n por los que compiten en la Indy, pero afirm\u00f3 que no pretende seguirles.<\/p>\n\n\n\n<p class=\"wp-block-paragraph\">Verstappen gan\u00f3 en M\u00f3naco en 2021 y termin\u00f3 la carrera de este a\u00f1o en tercera posici\u00f3n. Para lograr la triple corona, por tanto, le quedar\u00eda subir a lo m\u00e1s alto del podio en la Indy 500 y en Le Mans, pero ya ha descartado esa posibilidad.<\/p>\n\n\n\n<p class=\"wp-block-paragraph\"><strong><strong><strong>\u00a1Conoce el canal de Grande Pr\u00eamio en Espa\u00f1ol en\u00a0<a href=\"https:\/\/www.youtube.com\/channel\/UCDxWojGVUi9gWYhrY0pGbIQ\" target=\"_blank\" rel=\"noreferrer noopener\">YouTube<\/a>!<br>\u00a1Sigue a\u00a0Grande Pr\u00eamio en Espa\u00f1ol\u00a0en\u00a0<a href=\"https:\/\/twitter.com\/grandepremioES\" target=\"_blank\" rel=\"noreferrer noopener\">Twitter\u00a0<\/a>y en\u00a0<a href=\"https:\/\/www.instagram.com\/grandepremioes\/\" target=\"_blank\" rel=\"noreferrer noopener\">Instagram<\/a>!<\/strong><\/strong><\/strong><\/p>\n\n\n\n<figure class=\"wp-block-image size-large\"><img decoding=\"async\" src=\"https:\/\/www.grandepremio.com\/br\/wp-content\/uploads\/2022\/05\/redbull-maxverstappen-01-10-1024x683.jpg\" alt=\"\" class=\"wp-image-576368\"\/><figcaption>Max Verstappen ya tiene una victoria en M\u00f3naco, pero dijo que no perseguir\u00e1 la triple corona (Foto: Red Bull Content Pool)<\/figcaption><\/figure>\n\n\n\n<p class=\"wp-block-paragraph\">&#8220;No tengo ning\u00fan deseo de perseguir la triple corona, al menos no en la Indy&#8221;, subray\u00f3 el l\u00edder del Mundial de Pilotos. &#8220;Aprecio lo que hacen. Es una locura, esos pilotos\u2026 Tengo mucho respeto por lo que consiguen all\u00ed, pero para m\u00ed, sobre todo porque llevo poco tiempo en la F1, no necesito arriesgar la vida y lesionarme potencialmente, las piernas o lo que sea. Yo dir\u00eda que no vale la pena&#8221;, a\u00f1adi\u00f3.<\/p>\n\n\n\n<p class=\"wp-block-paragraph\">Si \u00e9l desprecia la Indy, no se puede decir lo mismo de la estrella del Mundial de Resistencia. Sin embargo, el holand\u00e9s recalc\u00f3 que tampoco ve la participaci\u00f3n en la carrera como un objetivo en su vida. &#8220;Tal vez Le Mans. Me gusta la resistencia, as\u00ed que probablemente participar\u00e9 en alguna carrera, espero que pronto, pero realmente no me importa. Por supuesto que intento ser bueno en la F1, intento ser bueno en todo lo que hago, pero este deseo de la triple corona no me interesa&#8221;, finaliz\u00f3.<\/p>\n\n\n\n<p class=\"wp-block-paragraph\"><strong>VER TAMBI\u00c9N<br><a href=\"https:\/\/grandepremio.com\/es\/\/f1\/red-bull-sergio-perez-2024\/\">Red Bull anuncia renovaci\u00f3n del contrato de P\u00e9rez hasta fines de 2024<br><\/a><a href=\"https:\/\/grandepremio.com\/es\/\/f1\/max-verstappen-sergio-perez-red-bull-formula-1\/\">Verstappen se entusiasma con disputar t\u00edtulo con P\u00e9rez: \u201cQue gane el mejor\u201d<\/a><\/strong><\/p>\n\n\n\n<p class=\"wp-block-paragraph\">Ganador del GP de M\u00f3naco del pasado domingo, Sergio P\u00e9rez tampoco mostr\u00f3 mucho entusiasmo al hablar de un posible intento de buscar la victoria en la Indy 500 o en las 24 Horas de Le Mans. &#8220;No tengo ning\u00fan inter\u00e9s, para ser sincero. No s\u00e9 si alg\u00fan d\u00eda correr\u00e9 en resistencia, no creo que lo haga. Cuando deje la F1, tendr\u00e9 que volver a casa y cuidar de mis hijos. Ya tengo tres, as\u00ed que estar\u00e9 bastante ocupado&#8221;, coment\u00f3 el mexicano.<\/p>\n\n\n\n<p class=\"wp-block-paragraph\">El pasado domingo, <a href=\"https:\/\/grandepremio.com\/es\/\/indy\/ericsson-sobrevive-bate-oward-indy-500\/\">la 106\u00aa edici\u00f3n de la Indy 500 se sald\u00f3 con la victoria de Marcus Ericsson<\/a>, de Ganassi. El sueco aprovech\u00f3 el error de Scott Dixon (Ganassi) para ponerse en cabeza y a\u00fan necesit\u00f3 sangre fr\u00eda para defenderse del ataque de Pato O&#8217;Ward (McLaren) en la reanudaci\u00f3n, a falta de cuatro vueltas. El piloto europeo es ahora el l\u00edder de la temporada 2022 de la Indy con 226 puntos, 13 por delante de O&#8217;Ward.<\/p>\n\n\n\n<p class=\"wp-block-paragraph\">Ericsson, por cierto, ya tuvo un paso por la F1 de 2014 a 2018, pero sin notoriedad. Adem\u00e1s de \u00e9l, Takuma Sato, Alexander Rossi y Juan Pablo Montoya son los otros ex pilotos de F1 que tambi\u00e9n han triunfado en el \u00f3valo de Indian\u00e1polis y siguen en activo.<\/p>\n","protected":false},"excerpt":{"rendered":"<p>Max Verstappen asegur\u00f3 que siente un gran respeto por los pilotos de la Indy, pero descart\u00f3 la posibilidad de competir alg\u00fan d\u00eda en las 500 Millas de Indian\u00e1polis, que forman junto al GP de M\u00f3naco y las 24 Horas de Le Mans la llamada triple corona del automovilismo mundial.<\/p>\n","protected":false},"author":0,"featured_media":1010068797,"comment_status":"closed","ping_status":"closed","sticky":false,"template":"","format":"standard","meta":{"42wp_featured_image_caption":"","42wp_featured_image_credits":"","42wp_featured_video":"","42wp_featured_image_hidden":false,"42wp_authors_list":[],"footnotes":""},"categories":[5],"tags":[598,181,1495,179,1488,2237,619,249,206,2799],"42wp_author":[14234],"class_list":["post-22963","post","type-post","status-publish","format-standard","has-post-thumbnail","hentry","category-f1","tag-500-millas-de-indianapolis","tag-f1","tag-f1-2022","tag-formula-1","tag-grande-premio","tag-grandepremio","tag-indy-500","tag-max-verstappen","tag-red-bull","tag-triple-corona","42wp_author-douglas-rocha"],"_links":{"self":[{"href":"https:\/\/grandepremio.com\/es\/wp-json\/wp\/v2\/posts\/22963","targetHints":{"allow":["GET"]}}],"collection":[{"href":"https:\/\/grandepremio.com\/es\/wp-json\/wp\/v2\/posts"}],"about":[{"href":"https:\/\/grandepremio.com\/es\/wp-json\/wp\/v2\/types\/post"}],"replies":[{"embeddable":true,"href":"https:\/\/grandepremio.com\/es\/wp-json\/wp\/v2\/comments?post=22963"}],"version-history":[{"count":0,"href":"https:\/\/grandepremio.com\/es\/wp-json\/wp\/v2\/posts\/22963\/revisions"}],"wp:featuredmedia":[{"embeddable":true,"href":"https:\/\/grandepremio.com\/es\/wp-json\/wp\/v2\/media\/1010068797"}],"wp:attachment":[{"href":"https:\/\/grandepremio.com\/es\/wp-json\/wp\/v2\/media?parent=22963"}],"wp:term":[{"taxonomy":"category","embeddable":true,"href":"https:\/\/grandepremio.com\/es\/wp-json\/wp\/v2\/categories?post=22963"},{"taxonomy":"post_tag","embeddable":true,"href":"https:\/\/grandepremio.com\/es\/wp-json\/wp\/v2\/tags?post=22963"},{"taxonomy":"42wp_author","embeddable":true,"href":"https:\/\/grandepremio.com\/es\/wp-json\/wp\/v2\/42wp_author?post=22963"}],"curies":[{"name":"wp","href":"https:\/\/api.w.org\/{rel}","templated":true}]}}