{"id":22973,"date":"2022-05-30T10:05:50","date_gmt":"2022-05-30T13:05:50","guid":{"rendered":"https:\/\/grandepremio.com\/es\/2022\/05\/30\/yamaha-dos-motos-grilla-motogp-2023\/"},"modified":"2022-05-30T10:05:51","modified_gmt":"2022-05-30T13:05:51","slug":"yamaha-dos-motos-grilla-motogp-2023","status":"publish","type":"post","link":"https:\/\/grandepremio.com\/es\/motogp\/yamaha-dos-motos-grilla-motogp-2023\/","title":{"rendered":"Yamaha se ve &#8220;sin alternativas&#8221; y confirma s\u00f3lo dos motos en la grilla de MotoGP en 2023"},"content":{"rendered":"\n<p class=\"wp-block-paragraph\">El director de Yamaha, Lin Jarvis, ha confirmado que el fabricante de Iwata s\u00f3lo tendr\u00e1 dos motos en la grilla de MotoGP para la temporada 2023. El dirigente consider\u00f3 que la f\u00e1brica japonesa se hab\u00eda quedado sin alternativas tras el fin de su asociaci\u00f3n con RNF.<\/p>\n\n\n\n<p class=\"wp-block-paragraph\">El pasado viernes, el conjunto de origen malayo <a href=\"https:\/\/grandepremio.com\/es\/\/motogp\/rnf-cambia-yamaha-satelite-aprilia\/\">anunci\u00f3 su uni\u00f3n con Aprilia a partir de 2023<\/a>. Razlan Razali ya hab\u00eda dado muestras de descontento con la relaci\u00f3n con Yamaha y opt\u00f3 por unirse a la casa de Noale, uno de los grandes destacados de 2022.<\/p>\n\n\n\n<p class=\"wp-block-paragraph\"><strong>VER TAMBI\u00c9N<br><a href=\"https:\/\/grandepremio.com\/es\/\/motogp\/bagnaia-remonta-victoria-ducati-italia\/\">Bagnaia remonta mala salida y le da victoria a Ducati en el GP de Italia<br><\/a><a href=\"https:\/\/grandepremio.com\/es\/\/motogp\/motogp-homenajea-rossi-retira-46-mugello\/\">MotoGP homenajea a Rossi y retira de forma oficial el #46 en Mugello<\/a><\/strong><\/p>\n\n\n\n<figure class=\"wp-block-image size-large\"><img decoding=\"async\" src=\"https:\/\/www.grandepremio.com\/br\/wp-content\/uploads\/2020\/09\/ClickLin-1024x682.jpg\" alt=\"\" class=\"wp-image-422841\"\/><figcaption>Lin Jarvis ha confirmado que s\u00f3lo habr\u00e1 dos YZR-M1 en la parrilla de MotoGP de 2023 (Foto: Divulgaci\u00f3n\/MotoGP<\/figcaption><\/figure>\n\n\n\n<p class=\"wp-block-paragraph\">&#8220;No es una situaci\u00f3n ideal. En Yamaha, hemos tenido equipos sat\u00e9lites desde que me acuerdo, siempre hemos tenido m\u00e1s de dos motos en la grilla&#8221;, dijo Jarvis a la p\u00e1gina web de MotoGP. &#8220;Por supuesto, nunca es bueno cuando se llega al final de una relaci\u00f3n. Tenemos hasta el final de la temporada y seguiremos siendo socios de RNF [hasta entonces]. Pero han tomado la decisi\u00f3n de ir a Aprilia en el futuro&#8221;, sigui\u00f3.<\/p>\n\n\n\n<p class=\"wp-block-paragraph\">&#8220;Lo respetamos, pero me sorprendi\u00f3 un poco el anuncio de ayer [el viernes], ya que se hizo mientras est\u00e1bamos en una reuni\u00f3n escuchando su decisi\u00f3n, lo que fue un poco inusual. Pero respetamos la decisi\u00f3n y seguiremos adelante&#8221;, coment\u00f3.<\/p>\n\n\n\n<p class=\"wp-block-paragraph\"><strong><strong>\u00a1Conoce el canal de Grande Pr\u00eamio en Espa\u00f1ol en\u00a0<a href=\"https:\/\/www.youtube.com\/channel\/UCDxWojGVUi9gWYhrY0pGbIQ\" target=\"_blank\" rel=\"noreferrer noopener\">YouTube<\/a>!<br>\u00a1Sigue a\u00a0Grande Pr\u00eamio en Espa\u00f1ol\u00a0en\u00a0<a href=\"https:\/\/twitter.com\/grandepremioES\" target=\"_blank\" rel=\"noreferrer noopener\">Twitter\u00a0<\/a>y en\u00a0<a href=\"https:\/\/www.instagram.com\/grandepremioes\/\" target=\"_blank\" rel=\"noreferrer noopener\">Instagram<\/a>!<\/strong><\/strong><\/p>\n\n\n\n<p class=\"wp-block-paragraph\">Sin embargo, Jarvis valor\u00f3 que podr\u00eda ser una oportunidad para que la f\u00e1brica se centrara en solucionar las deficiencias de la moto y aumentar la velocidad de la YZR-M1.<\/p>\n\n\n\n<p class=\"wp-block-paragraph\">&#8220;El a\u00f1o que viene tendremos dos motos en la grilla. Como he dicho, hasta ahora siempre hemos tenido equipos sat\u00e9lite. Pero la realidad es que todos los equipos ya tienen contratos en vigor con las f\u00e1bricas, as\u00ed que de momento no hay alternativa&#8221;, se\u00f1al\u00f3. &#8220;Pero est\u00e1 bien para nosotros, porque ahora podemos centrarnos en la moto de f\u00e1brica y en, literalmente, aumentar la velocidad. Necesitamos mejorar y centrarnos en poner la moto en forma y luchar por el campeonato&#8221;, reflexion\u00f3.<\/p>\n\n\n\n<p class=\"wp-block-paragraph\">El MotoGP vuelve a la pista la pr\u00f3xima semana para el GP de Catalunya en Barcelona. <strong>GRANDE PR\u00caMIO<\/strong> sigue todas las actividades del Mundial de Motociclismo 2022.<\/p>\n","protected":false},"excerpt":{"rendered":"<p>Lin Jarvis se mostr\u00f3 sorprendido por el fin de la colaboraci\u00f3n con RNF, pero trat\u00f3 de mantener una visi\u00f3n positiva y valor\u00f3 que es una oportunidad para que la f\u00e1brica de Iwata se centre \u00fanicamente en rectificar las deficiencias de la moto y volver a ser competitiva.<\/p>\n","protected":false},"author":0,"featured_media":1010068731,"comment_status":"closed","ping_status":"closed","sticky":false,"template":"","format":"standard","meta":{"42wp_featured_image_caption":"","42wp_featured_image_credits":"","42wp_featured_video":"","42wp_featured_image_hidden":false,"42wp_authors_list":[],"footnotes":""},"categories":[8],"tags":[673,1488,2237,2795,1293,1341,2657,341,1309],"42wp_author":[14234],"class_list":["post-22973","post","type-post","status-publish","format-standard","has-post-thumbnail","hentry","category-motogp","tag-gp-de-italia","tag-grande-premio","tag-grandepremio","tag-lin-jarvis","tag-motogp","tag-motogp-2022","tag-motogp-2023","tag-mugello","tag-yamaha","42wp_author-douglas-rocha"],"_links":{"self":[{"href":"https:\/\/grandepremio.com\/es\/wp-json\/wp\/v2\/posts\/22973","targetHints":{"allow":["GET"]}}],"collection":[{"href":"https:\/\/grandepremio.com\/es\/wp-json\/wp\/v2\/posts"}],"about":[{"href":"https:\/\/grandepremio.com\/es\/wp-json\/wp\/v2\/types\/post"}],"replies":[{"embeddable":true,"href":"https:\/\/grandepremio.com\/es\/wp-json\/wp\/v2\/comments?post=22973"}],"version-history":[{"count":0,"href":"https:\/\/grandepremio.com\/es\/wp-json\/wp\/v2\/posts\/22973\/revisions"}],"wp:featuredmedia":[{"embeddable":true,"href":"https:\/\/grandepremio.com\/es\/wp-json\/wp\/v2\/media\/1010068731"}],"wp:attachment":[{"href":"https:\/\/grandepremio.com\/es\/wp-json\/wp\/v2\/media?parent=22973"}],"wp:term":[{"taxonomy":"category","embeddable":true,"href":"https:\/\/grandepremio.com\/es\/wp-json\/wp\/v2\/categories?post=22973"},{"taxonomy":"post_tag","embeddable":true,"href":"https:\/\/grandepremio.com\/es\/wp-json\/wp\/v2\/tags?post=22973"},{"taxonomy":"42wp_author","embeddable":true,"href":"https:\/\/grandepremio.com\/es\/wp-json\/wp\/v2\/42wp_author?post=22973"}],"curies":[{"name":"wp","href":"https:\/\/api.w.org\/{rel}","templated":true}]}}