{"id":22988,"date":"2022-05-29T12:38:42","date_gmt":"2022-05-29T15:38:42","guid":{"rendered":"https:\/\/grandepremio.com\/es\/2022\/05\/29\/mick-schumacher-choca-bandera-roja-monaco\/"},"modified":"2022-05-29T12:38:44","modified_gmt":"2022-05-29T15:38:44","slug":"mick-schumacher-choca-bandera-roja-monaco","status":"publish","type":"post","link":"https:\/\/grandepremio.com\/es\/f1\/mick-schumacher-choca-bandera-roja-monaco\/","title":{"rendered":"Schumacher choca con fuerza, destruye el auto de Haas y provoca bandera roja en M\u00f3naco"},"content":{"rendered":"\n<p class=\"wp-block-paragraph\">Mick Schumacher sufri\u00f3 -otro- fuerte accidente en la F\u00f3rmula 1 durante el GP de M\u00f3naco este domingo. El piloto alem\u00e1n de Haas perdi\u00f3 el control de la parte trasera de su coche en el tercer sector de la pista de Montecarlo, cerca de la S de la Piscina, y choc\u00f3 contra el muro, provocando una bandera roja. Con el impacto, el hijo del siete veces campe\u00f3n Michael Schumacher destroz\u00f3 el monoplaza del equipo estadounidense, cuya parte trasera se desprendi\u00f3 de la pista.<\/p>\n\n\n\n<p class=\"wp-block-paragraph\">A pesar del impacto del choque, el piloto sali\u00f3 sin mayores da\u00f1os en su integridad f\u00edsica y abandon\u00f3 el habit\u00e1culo caminando, incluso pidiendo que no lo sujetara el comisario de pista. El accidente se produjo en la vuelta 27 de las 78 previstas en la carrera y provoc\u00f3 la entrada del coche de seguridad en la pista. Poco despu\u00e9s, la direcci\u00f3n de carrera decidi\u00f3 detener la carrera con el r\u00e9gimen de bandera roja.<\/p>\n\n\n\n<p class=\"wp-block-paragraph\"><strong>\u00a1Conoce el canal de Grande Pr\u00eamio en Espa\u00f1ol en\u00a0<a href=\"https:\/\/www.youtube.com\/channel\/UCDxWojGVUi9gWYhrY0pGbIQ\" target=\"_blank\" rel=\"noreferrer noopener\">YouTube<\/a>!<br>\u00a1Sigue a\u00a0Grande Pr\u00eamio en Espa\u00f1ol\u00a0en\u00a0<a href=\"https:\/\/twitter.com\/grandepremioES\" target=\"_blank\" rel=\"noreferrer noopener\">Twitter\u00a0<\/a>y en\u00a0<a href=\"https:\/\/www.instagram.com\/grandepremioes\/\" target=\"_blank\" rel=\"noreferrer noopener\">Instagram<\/a>!<\/strong><\/p>\n\n\n\n<figure class=\"wp-block-video\"><video class=\"video-js vjs-big-play-centered\" data-gp-vjs=\"1\" controls src=\"https:\/\/www.grandepremio.com\/br\/wp-content\/uploads\/2022\/05\/VIDEO-Monaco-Grand-Prix-2022-huge-crash-from-Mick-Schumacher.-MickSchumacher-Schumacher-MonacoGP-F1-Formule1-charlesleclerc-MaxVe.mp4\"><\/video><figcaption>Mick Schumacher sufri\u00f3 un grave accidente durante la carrera del GP de M\u00f3naco (V\u00eddeo: Reproducci\u00f3n\/F1)<\/figcaption><\/figure>\n\n\n\n<p class=\"wp-block-paragraph\">Haas tuvo un fin de semana para olvidar en Montecarlo. Poco antes del accidente de Mick, el otro piloto del equipo, Kevin Magnussen, hab\u00eda abandonado la carrera con un problema mec\u00e1nico p\u00e9rdida de presi\u00f3n en el sistema de agua.<\/p>\n\n\n\n<p class=\"wp-block-paragraph\">Hay que recordar que no es la primera vez que Schumacher se ve envuelto en un fuerte accidente en 2022. En Arabia Saudita, el alem\u00e1n tambi\u00e9n perdi\u00f3 el control de su coche -en aquella ocasi\u00f3n en la calificaci\u00f3n- y gener\u00f3 mucha preocupaci\u00f3n por su estado f\u00edsico, incluyendo la llegada de una ambulancia a la pista. Sin embargo, el compa\u00f1ero de equipo de Kevin Magnussen tambi\u00e9n sali\u00f3 ileso del incidente.<\/p>\n\n\n\n<p class=\"wp-block-paragraph\"><strong>VER TAMBI\u00c9N<br><a href=\"https:\/\/grandepremio.com\/es\/\/f1\/lluvia-inunda-pista-retrasa-monaco\/\">La lluvia aprieta, inunda la pista y retrasa el inicio del GP de M\u00f3naco<br><\/a><a href=\"https:\/\/grandepremio.com\/es\/\/f2\/felipe-drugovich-gana-carrera-2-monaco\/\">Drugovich se rehace y gana la segunda carrera de la F2 en M\u00f3naco tras abandonar la sprint<\/a><\/strong><br><a href=\"https:\/\/grandepremio.com\/es\/\/f1\/mercedes-quitar-equipos-suministra-motores\/\"><strong>Mercedes admite que quiere quitar uno de los equipos a los que suministra motores en la F1<\/strong><\/a><\/p>\n\n\n\n<p class=\"wp-block-paragraph\">Adem\u00e1s, <a href=\"https:\/\/grandepremio.com\/es\/\/f1\/mick-schumacher-impacta-ambulancia-consciente\/\">accidente de Jeddah<\/a> supuso una p\u00e9rdida millonaria para el equipo americano. El jefe <a href=\"https:\/\/grandepremio.com\/es\/\/f1\/haas-confianza-schumacher-choque-jeddah-presion\/\">Guenther Steiner no ocult\u00f3 su descontento<\/a>, incluyendo un tir\u00f3n de orejas al alem\u00e1n tras el GP de Miami. El a\u00f1o pasado, en su debut en la F\u00f3rmula 1, Mick ya encabez\u00f3 la lista de los mayores da\u00f1os por accidente de la temporada.<\/p>\n\n\n\n<figure class=\"wp-block-image size-large\"><img decoding=\"async\" src=\"https:\/\/www.grandepremio.com\/br\/wp-content\/uploads\/2022\/05\/FT7vRyeWYAERnYZ-1024x576.jpg\" alt=\"\" class=\"wp-image-577849\"\/><figcaption>El fuerte choque de Schumacher rompi\u00f3 el coche en dos. (Foto: Reprodu\u00e7\u00e3o\/F1)<\/figcaption><\/figure>\n","protected":false},"excerpt":{"rendered":"<p>Mick Schumacher volvi\u00f3 a perder el control de su coche Haas y se estrell\u00f3 con fuerza en M\u00f3naco, destrozando el monoplaza de la escuder\u00eda americana y paralizando la carrera de Montecarlo.<\/p>\n","protected":false},"author":0,"featured_media":1010068651,"comment_status":"closed","ping_status":"closed","sticky":false,"template":"","format":"standard","meta":{"42wp_featured_image_caption":"","42wp_featured_image_credits":"","42wp_featured_video":"","42wp_featured_image_hidden":false,"42wp_authors_list":[],"footnotes":""},"categories":[5],"tags":[1954,1519,181,1495,179,2369,1325,1488,2237,414,371,2621],"42wp_author":[14234],"class_list":["post-22988","post","type-post","status-publish","format-standard","has-post-thumbnail","hentry","category-f1","tag-accidente-schumacher","tag-clasificacion-f1","tag-f1","tag-f1-2022","tag-formula-1","tag-formula-1-hoy","tag-gp-de-monaco","tag-grande-premio","tag-grandepremio","tag-haas","tag-mick-schumacher","tag-montecarlo","42wp_author-douglas-rocha"],"_links":{"self":[{"href":"https:\/\/grandepremio.com\/es\/wp-json\/wp\/v2\/posts\/22988","targetHints":{"allow":["GET"]}}],"collection":[{"href":"https:\/\/grandepremio.com\/es\/wp-json\/wp\/v2\/posts"}],"about":[{"href":"https:\/\/grandepremio.com\/es\/wp-json\/wp\/v2\/types\/post"}],"replies":[{"embeddable":true,"href":"https:\/\/grandepremio.com\/es\/wp-json\/wp\/v2\/comments?post=22988"}],"version-history":[{"count":0,"href":"https:\/\/grandepremio.com\/es\/wp-json\/wp\/v2\/posts\/22988\/revisions"}],"wp:featuredmedia":[{"embeddable":true,"href":"https:\/\/grandepremio.com\/es\/wp-json\/wp\/v2\/media\/1010068651"}],"wp:attachment":[{"href":"https:\/\/grandepremio.com\/es\/wp-json\/wp\/v2\/media?parent=22988"}],"wp:term":[{"taxonomy":"category","embeddable":true,"href":"https:\/\/grandepremio.com\/es\/wp-json\/wp\/v2\/categories?post=22988"},{"taxonomy":"post_tag","embeddable":true,"href":"https:\/\/grandepremio.com\/es\/wp-json\/wp\/v2\/tags?post=22988"},{"taxonomy":"42wp_author","embeddable":true,"href":"https:\/\/grandepremio.com\/es\/wp-json\/wp\/v2\/42wp_author?post=22988"}],"curies":[{"name":"wp","href":"https:\/\/api.w.org\/{rel}","templated":true}]}}