{"id":23013,"date":"2022-05-28T09:10:50","date_gmt":"2022-05-28T12:10:50","guid":{"rendered":"https:\/\/grandepremio.com\/es\/2022\/05\/28\/motogp-homenajea-rossi-retira-46-mugello\/"},"modified":"2022-05-28T09:10:51","modified_gmt":"2022-05-28T12:10:51","slug":"motogp-homenajea-rossi-retira-46-mugello","status":"publish","type":"post","link":"https:\/\/grandepremio.com\/es\/motogp\/motogp-homenajea-rossi-retira-46-mugello\/","title":{"rendered":"MotoGP homenajea a Rossi y retira de forma oficial el #46 en Mugello"},"content":{"rendered":"\n<p class=\"wp-block-paragraph\">Es oficial: nadie m\u00e1s podr\u00e1 llevar el legendario #46 en <a href=\"https:\/\/grandepremio.com\/es\/\/categoria\/motogp\/\" target=\"_blank\" rel=\"noreferrer noopener\">MotoGP<\/a>. Eso es porque, en una ceremonia especial celebrada en Mugello, escenario de la octava cita del Campeonato del Mundo, este s\u00e1bado, Valentino Rossi fue homenajeado por la categor\u00eda reina y, ahora, tiene su dorsal retirado.<\/p>\n\n\n\n<p class=\"wp-block-paragraph\">A diferencia de lo que suele suceder, el evento se realiz\u00f3 frente al p\u00fablico, en la recta principal del trazado italiano. El multicampe\u00f3n estuvo presente, aunque no fue la primera aparici\u00f3n tras su despedida el a\u00f1o pasado. Valentino ya hab\u00eda aparecido en el paddock de la categor\u00eda reina en el GP de Portugal en abril.<\/p>\n\n\n\n<p class=\"wp-block-paragraph\">\u201cTengo que agradecer por todo esto, es incre\u00edble\u201d, dijo Rossi. &#8220;Pero me duelen la espalda y las rodillas, as\u00ed que me di cuenta de que soy viejo. Pero fue incre\u00edble, gracias a todos&#8221;, brome\u00f3 cuando le pidieron que volviera a MotoGP.<\/p>\n\n\n\n<p class=\"wp-block-paragraph\"><strong><strong>\u00a1Conoce el canal de Grande Pr\u00eamio en Espa\u00f1ol en\u00a0<a href=\"https:\/\/www.youtube.com\/channel\/UCDxWojGVUi9gWYhrY0pGbIQ\" target=\"_blank\" rel=\"noreferrer noopener\">YouTube<\/a>!<br>\u00a1Sigue a\u00a0Grande Pr\u00eamio en Espa\u00f1ol\u00a0en\u00a0<a href=\"https:\/\/twitter.com\/grandepremioES\" target=\"_blank\" rel=\"noreferrer noopener\">Twitter\u00a0<\/a>y en\u00a0<a href=\"https:\/\/www.instagram.com\/grandepremioes\/\" target=\"_blank\" rel=\"noreferrer noopener\">Instagram<\/a>!<\/strong><\/strong><\/p>\n\n\n\n<figure class=\"wp-block-image size-large\"><img decoding=\"async\" src=\"https:\/\/www.grandepremio.com\/br\/wp-content\/uploads\/2022\/05\/WhatsApp-Image-2022-05-28-at-07.22.18-1024x575.jpeg\" alt=\"\" class=\"wp-image-576817\"\/><figcaption>El #46 fue oficialmente retirado de la parrilla (Foto: Reproducci\u00f3n)<\/figcaption><\/figure>\n\n\n\n<p class=\"wp-block-paragraph\">En 26 temporadas en el Mundial, Rossi gan\u00f3 nueve t\u00edtulos -siete de ellos en la categor\u00eda reina-, 115 victorias y 235 podios. Jug\u00f3 un papel clave en la popularizaci\u00f3n de este deporte en todo el mundo.<\/p>\n\n\n\n<p class=\"wp-block-paragraph\">La retirada de n\u00fameros no tiene precedentes en MotoGP. En 2019, por ejemplo, el Mundial elimin\u00f3 de la parrilla el #69 en honor a Nicky Hayden, fallecido en un accidente de tr\u00e1nsito. Antes que \u00e9l, ya se hab\u00edan retirado otros cuatro n\u00fameros: el 65 de Loris Capirossi, el 58 de Marco Simoncelli, el 34 de Kevin Schwantz, el 48 de Showa Tomizawa y el 74 de Daijiro Kato. De estos, solo Capirossi y Schwantz fueron honrados en vida.<\/p>\n\n\n\n<figure class=\"wp-block-image size-large\"><img decoding=\"async\" src=\"https:\/\/www.grandepremio.com\/br\/wp-content\/uploads\/2022\/05\/WhatsApp-Image-2022-05-28-at-07.23.22-1024x575.jpeg\" alt=\"\" class=\"wp-image-576818\"\/><figcaption>Los fans marcaron presencia (Foto: Reproducci\u00f3n)<\/figcaption><\/figure>\n\n\n\n<p class=\"wp-block-paragraph\">A finales del a\u00f1o pasado, durante la fiesta de entrega de premios organizada por la FIM en Valencia, Rossi ya estaba incluido en la lista de MotoGP Legends \u2014era el 32\u00ba nombre de la lista\u2014, rompiendo incluso la fila de pilotos que ten\u00edan la presentaci\u00f3n retrasada debido a la pandemia de Covid-19.<\/p>\n","protected":false},"excerpt":{"rendered":"<p>En una ceremonia especial este s\u00e1bado, Valentino Rossi fue homenajeado por el Mundial, que lo oficializ\u00f3: se retira el m\u00edtico #46.<\/p>\n","protected":false},"author":0,"featured_media":1010068099,"comment_status":"closed","ping_status":"closed","sticky":false,"template":"","format":"standard","meta":{"42wp_featured_image_caption":"","42wp_featured_image_credits":"","42wp_featured_video":"","42wp_featured_image_hidden":false,"42wp_authors_list":[],"footnotes":""},"categories":[8],"tags":[2779,2781,1916,2780,673,344,855,1293,1341,341,1764,1295],"42wp_author":[14233],"class_list":["post-23013","post","type-post","status-publish","format-standard","has-post-thumbnail","hentry","category-motogp","tag-2779","tag-ceremonia","tag-dorsal","tag-dorsal-46","tag-gp-de-italia","tag-italia","tag-motociclismo","tag-motogp","tag-motogp-2022","tag-mugello","tag-mundial-de-motociclismo","tag-valentino-rossi","42wp_author-eric-calduch"],"_links":{"self":[{"href":"https:\/\/grandepremio.com\/es\/wp-json\/wp\/v2\/posts\/23013","targetHints":{"allow":["GET"]}}],"collection":[{"href":"https:\/\/grandepremio.com\/es\/wp-json\/wp\/v2\/posts"}],"about":[{"href":"https:\/\/grandepremio.com\/es\/wp-json\/wp\/v2\/types\/post"}],"replies":[{"embeddable":true,"href":"https:\/\/grandepremio.com\/es\/wp-json\/wp\/v2\/comments?post=23013"}],"version-history":[{"count":0,"href":"https:\/\/grandepremio.com\/es\/wp-json\/wp\/v2\/posts\/23013\/revisions"}],"wp:featuredmedia":[{"embeddable":true,"href":"https:\/\/grandepremio.com\/es\/wp-json\/wp\/v2\/media\/1010068099"}],"wp:attachment":[{"href":"https:\/\/grandepremio.com\/es\/wp-json\/wp\/v2\/media?parent=23013"}],"wp:term":[{"taxonomy":"category","embeddable":true,"href":"https:\/\/grandepremio.com\/es\/wp-json\/wp\/v2\/categories?post=23013"},{"taxonomy":"post_tag","embeddable":true,"href":"https:\/\/grandepremio.com\/es\/wp-json\/wp\/v2\/tags?post=23013"},{"taxonomy":"42wp_author","embeddable":true,"href":"https:\/\/grandepremio.com\/es\/wp-json\/wp\/v2\/42wp_author?post=23013"}],"curies":[{"name":"wp","href":"https:\/\/api.w.org\/{rel}","templated":true}]}}