{"id":23017,"date":"2022-05-27T18:06:18","date_gmt":"2022-05-27T21:06:18","guid":{"rendered":"https:\/\/grandepremio.com\/es\/2022\/05\/27\/fernando-alonso-monaco-confianza-coche\/"},"modified":"2022-05-27T18:06:20","modified_gmt":"2022-05-27T21:06:20","slug":"fernando-alonso-monaco-confianza-coche","status":"publish","type":"post","link":"https:\/\/grandepremio.com\/es\/f1\/fernando-alonso-monaco-confianza-coche\/","title":{"rendered":"Alonso destaca que M\u00f3naco exige &#8220;confianza en el coche&#8221; y asegura que &#8220;hay m\u00e1s por venir&#8221;"},"content":{"rendered":"\n<p class=\"wp-block-paragraph\">Fernando Alonso es uno de los pilotos m\u00e1s experimentados en el tradicional circuito urbano de M\u00f3naco, tanto que dijo que no es una pista como otra. Para conseguir tiempos por vuelta, lo primero que tiene que hacer el piloto es sentirse confiado con el coche que tiene en sus manos, y por eso apuesta por conseguir un tiempo en la calificaci\u00f3n a\u00fan mejor que el octavo puesto en <a href=\"https:\/\/grandepremio.com\/es\/\/f1\/charles-leclerc-monaco-formula-1-2\/\">los Libres 2<\/a> de este viernes.<\/p>\n\n\n\n<p class=\"wp-block-paragraph\">El espa\u00f1ol ya ha ganado en M\u00f3naco dos veces: en 2006 con Renault y en 2007 con McLaren. Sabe, por tanto, lo que hay que hacer para ir bien por las calles de Montecarlo. &#8220;Es una pista complicada para todos, m\u00e1s a\u00fan con estos coches. M\u00f3naco es siempre diferente a los dem\u00e1s, porque hay que encontrar la confianza en el coche&#8221;, dijo el bicampe\u00f3n, que tambi\u00e9n se quej\u00f3 de las ondulaciones en algunas secciones del circuito urbano.<\/p>\n\n\n\n<p class=\"wp-block-paragraph\"><strong><strong><strong>\u00a1Conoce el canal de Grande Pr\u00eamio en Espa\u00f1ol en\u00a0<a href=\"https:\/\/www.youtube.com\/channel\/UCDxWojGVUi9gWYhrY0pGbIQ\" target=\"_blank\" rel=\"noreferrer noopener\">YouTube<\/a>!<br>\u00a1Sigue a\u00a0Grande Pr\u00eamio en Espa\u00f1ol\u00a0en\u00a0<a href=\"https:\/\/twitter.com\/grandepremioES\" target=\"_blank\" rel=\"noreferrer noopener\">Twitter\u00a0<\/a>y en\u00a0<a href=\"https:\/\/www.instagram.com\/grandepremioes\/\" target=\"_blank\" rel=\"noreferrer noopener\">Instagram<\/a>!<\/strong><\/strong><\/strong><\/p>\n\n\n\n<figure class=\"wp-block-image size-large\"><img decoding=\"async\" src=\"https:\/\/www.grandepremio.com\/br\/wp-content\/uploads\/2022\/05\/alpine-fernandoalonso-02-8-1024x683.jpg\" alt=\"\" class=\"wp-image-576391\"\/><figcaption>Fernando Alonso logr\u00f3 un buen octavo puesto este viernes en M\u00f3naco (Foto: Alpine)<\/figcaption><\/figure>\n\n\n\n<p class=\"wp-block-paragraph\">A continuaci\u00f3n, se refiri\u00f3 a la actuaci\u00f3n de Alpine en las dos sesiones del d\u00eda. &#8220;La sesi\u00f3n 1 fue un poco desastre para nosotros, pero en los Libres 2 empezamos a cuidar mi coche&#8221;, valor\u00f3 el espa\u00f1ol. &#8220;Todav\u00eda queda por llegar, ya que tuvimos un balance inconsistente aqu\u00ed y all\u00e1 que debemos corregir&#8221;, a\u00f1adi\u00f3.<\/p>\n\n\n\n<p class=\"wp-block-paragraph\"><strong>VER TAMBI\u00c9N<br><a href=\"https:\/\/grandepremio.com\/es\/\/f1\/fernando-alonso-puntos-f1-reves\/\">Alonso pide &#8220;fin de semana normal&#8221; y dice que sus puntos muestran &#8220;la F1 al rev\u00e9s&#8221;<\/a><\/strong><\/p>\n\n\n\n<p class=\"wp-block-paragraph\">Para el s\u00e1bado, Alonso dijo que el desgaste de los neum\u00e1ticos ser\u00e1 importante, ya que todos buscar\u00e1n la mejor posici\u00f3n posible en la parrilla. &#8220;Tenemos que entender los neum\u00e1ticos un poco m\u00e1s para la clasificaci\u00f3n, ya que conseguir una buena posici\u00f3n en la parrilla es obviamente lo principal para el fin de semana&#8221;, advirti\u00f3.<\/p>\n\n\n\n<p class=\"wp-block-paragraph\">&#8220;Tenemos trabajo que hacer, pero siempre es especial conducir aqu\u00ed con esta adrenalina en cada vuelta&#8221;, concluy\u00f3.<\/p>\n\n\n\n<p class=\"wp-block-paragraph\">La&nbsp;F\u00f3rmula 1&nbsp;contin\u00faa este fin de semana en Montecarlo, con el GP de M\u00f3naco.&nbsp;<strong>GRANDE PR\u00caMIO<\/strong>&nbsp;sigue todas las actividades. El \u00faltimo ensayo tendr\u00e1 lugar a las 13 horas [local] y la clasificaci\u00f3n empezar\u00e1 a las 16 horas.<\/p>\n","protected":false},"excerpt":{"rendered":"<p>Fernando Alonso termin\u00f3 este viernes en M\u00f3naco con el octavo mejor tiempo y dijo que Alpine necesita mejorar el equilibrio del coche para la clasificaci\u00f3n.<\/p>\n","protected":false},"author":0,"featured_media":1010068082,"comment_status":"closed","ping_status":"closed","sticky":false,"template":"","format":"standard","meta":{"42wp_featured_image_caption":"","42wp_featured_image_credits":"","42wp_featured_video":"","42wp_featured_image_hidden":false,"42wp_authors_list":[],"footnotes":""},"categories":[5],"tags":[678,2097,181,1495,184,179,2369,1325,1488,2237,2621],"42wp_author":[14234],"class_list":["post-23017","post","type-post","status-publish","format-standard","has-post-thumbnail","hentry","category-f1","tag-alpine","tag-alpine-a522","tag-f1","tag-f1-2022","tag-fernando-alonso","tag-formula-1","tag-formula-1-hoy","tag-gp-de-monaco","tag-grande-premio","tag-grandepremio","tag-montecarlo","42wp_author-douglas-rocha"],"_links":{"self":[{"href":"https:\/\/grandepremio.com\/es\/wp-json\/wp\/v2\/posts\/23017","targetHints":{"allow":["GET"]}}],"collection":[{"href":"https:\/\/grandepremio.com\/es\/wp-json\/wp\/v2\/posts"}],"about":[{"href":"https:\/\/grandepremio.com\/es\/wp-json\/wp\/v2\/types\/post"}],"replies":[{"embeddable":true,"href":"https:\/\/grandepremio.com\/es\/wp-json\/wp\/v2\/comments?post=23017"}],"version-history":[{"count":0,"href":"https:\/\/grandepremio.com\/es\/wp-json\/wp\/v2\/posts\/23017\/revisions"}],"wp:featuredmedia":[{"embeddable":true,"href":"https:\/\/grandepremio.com\/es\/wp-json\/wp\/v2\/media\/1010068082"}],"wp:attachment":[{"href":"https:\/\/grandepremio.com\/es\/wp-json\/wp\/v2\/media?parent=23017"}],"wp:term":[{"taxonomy":"category","embeddable":true,"href":"https:\/\/grandepremio.com\/es\/wp-json\/wp\/v2\/categories?post=23017"},{"taxonomy":"post_tag","embeddable":true,"href":"https:\/\/grandepremio.com\/es\/wp-json\/wp\/v2\/tags?post=23017"},{"taxonomy":"42wp_author","embeddable":true,"href":"https:\/\/grandepremio.com\/es\/wp-json\/wp\/v2\/42wp_author?post=23017"}],"curies":[{"name":"wp","href":"https:\/\/api.w.org\/{rel}","templated":true}]}}