{"id":23046,"date":"2022-05-25T14:16:40","date_gmt":"2022-05-25T17:16:40","guid":{"rendered":"https:\/\/grandepremio.com\/es\/2022\/05\/25\/brawn-descarta-retirada-hamilton-2022\/"},"modified":"2022-05-25T14:16:41","modified_gmt":"2022-05-25T17:16:41","slug":"brawn-descarta-retirada-hamilton-2022","status":"publish","type":"post","link":"https:\/\/grandepremio.com\/es\/f1\/brawn-descarta-retirada-hamilton-2022\/","title":{"rendered":"Brawn descarta retirada de Hamilton en 2022: &#8220;Quiere el octavo t\u00edtulo&#8221;"},"content":{"rendered":"\n<p class=\"wp-block-paragraph\">Con el mal comienzo de 2022 de Mercedes, lejos de los d\u00edas brillantes que marcaron los ocho Mundiales de Constructores consecutivos, los rumores sobre la posible retirada de Lewis Hamilton vuelven con naturalidad al paddock de la <a href=\"https:\/\/grandepremio.com\/es\/\/f1\/max-verstappen-espana-formula-1\/\" target=\"_blank\" rel=\"noreferrer noopener\">F\u00f3rmula 1<\/a>. Tras un a\u00f1o en el que perdi\u00f3 el t\u00edtulo mundial en la \u00faltima vuelta en Abu Dhabi y con un conjunto por debajo de las expectativas este a\u00f1o, el heptacampe\u00f3n est\u00e1 constantemente vinculado a una posible salida de la F1. Ross Brawn, sin embargo, no est\u00e1 de acuerdo con ese escenario.<\/p>\n\n\n\n<p class=\"wp-block-paragraph\">En opini\u00f3n del director t\u00e9cnico de la F\u00f3rmula 1, Hamilton sigue centrado en batir el r\u00e9cord de siete t\u00edtulos mundiales establecido por Michael Schumacher e igualado por \u00e9l mismo en 2020. Aunque no es este a\u00f1o, Brawn ve a Lewis m\u00e1s centrado en volver a ser campe\u00f3n de que pensar en una posible jubilaci\u00f3n.<\/p>\n\n\n\n<p class=\"wp-block-paragraph\">&#8220;Entre todo el brillo y el glamour, todav\u00eda tienes un piloto de carreras muy determinado&#8221;, dijo Brawn al peri\u00f3dico brit\u00e1nico Evening Standard. &#8220;Todav\u00eda es extremadamente capaz y est\u00e1 en forma. Estoy seguro de que quiere ganar ese octavo campeonato, y si no este a\u00f1o, como parece, entonces el pr\u00f3ximo&#8221;, afirm\u00f3.<\/p>\n\n\n\n<p class=\"wp-block-paragraph\"><strong><strong>\u00a1Conoce el canal de Grande Pr\u00eamio en Espa\u00f1ol en\u00a0<a href=\"https:\/\/www.youtube.com\/channel\/UCDxWojGVUi9gWYhrY0pGbIQ\" target=\"_blank\" rel=\"noreferrer noopener\">YouTube<\/a>!<br>\u00a1Sigue a\u00a0Grande Pr\u00eamio en Espa\u00f1ol\u00a0en\u00a0<a href=\"https:\/\/twitter.com\/grandepremioES\" target=\"_blank\" rel=\"noreferrer noopener\">Twitter\u00a0<\/a>y en\u00a0<a href=\"https:\/\/www.instagram.com\/grandepremioes\/\" target=\"_blank\" rel=\"noreferrer noopener\">Instagram<\/a>!<\/strong><\/strong><\/p>\n\n\n\n<figure class=\"wp-block-image size-large\"><img decoding=\"async\" src=\"https:\/\/www.grandepremio.com\/br\/wp-content\/uploads\/2022\/05\/M314173-1024x683.jpg\" alt=\"\" class=\"wp-image-573785\"\/><figcaption>Hamilton fue quinto en Espa\u00f1a, pese a caer al \u00faltimo lugar en la primera vuelta (Foto: LAT Images\/Mercedes)<\/figcaption><\/figure>\n\n\n\n<p class=\"wp-block-paragraph\">Respecto a las dificultades que siente Mercedes para acercarse al pelot\u00f3n delantero -integrado actualmente por Red Bull y Ferrari-, Brawn afirm\u00f3 que no tiene informaci\u00f3n suficiente para dar una opini\u00f3n detallada sobre lo que afecta al W13. Despu\u00e9s de un paquete de actualizaciones presentadas en el GP de Espa\u00f1a el fin de semana pasado, el nivel del coche parece haber mejorado para la continuaci\u00f3n de la temporada.<\/p>\n\n\n\n<p class=\"wp-block-paragraph\">&#8220;No s\u00e9 lo suficiente sobre los problemas de Mercedes para saber si se pueden arreglar con el prototipo que tienen o si necesitar\u00edan revisar ese concepto&#8221;, explic\u00f3 Brawn. &#8220;Lo resolver\u00e1n, estoy seguro. Pero obviamente es muy fr\u00e1gil con lo que est\u00e1n lidiando&#8221;, continu\u00f3.<\/p>\n\n\n\n<p class=\"wp-block-paragraph\">El buen comienzo de George Russell en Mercedes tambi\u00e9n llam\u00f3 la atenci\u00f3n y gener\u00f3 algunas comparaciones con Hamilton. De momento, el #63 ocupa la cuarta posici\u00f3n del campeonato con 74 puntos, dos posiciones y 28 puntos por delante del siete veces campe\u00f3n.<\/p>\n\n\n\n<figure class=\"wp-block-image size-full\"><img decoding=\"async\" src=\"https:\/\/www.grandepremio.com\/br\/wp-content\/uploads\/2019\/03\/20181192016180_IMG_6765_DMa.jpg\" alt=\"\" class=\"wp-image-369920\"\/><figcaption>Ross Brawn no espera una retirada de Hamilton este a\u00f1o (Foto: Rodrigo Berton\/Grande Pr\u00eamio)<\/figcaption><\/figure>\n\n\n\n<p class=\"wp-block-paragraph\">Brawn tambi\u00e9n explic\u00f3 la diferencia de enfoque de los dos pilotos, que en su opini\u00f3n se refleja directamente en la clasificaci\u00f3n del campeonato. Seg\u00fan el director de F1, Hamilton ha estado analizando diferentes configuraciones para el coche con el fin de recopilar informaci\u00f3n que ayude a Mercedes a comprender y resolver los problemas del W13.<\/p>\n\n\n\n<p class=\"wp-block-paragraph\">&#8220;\u00c9l [Hamilton] ha estado buscando soluciones en estas primeras carreras, y al hacerlo, ha estado yendo y viniendo con diferentes configuraciones para el coche, tratando de encontrar esas soluciones&#8221;, dijo al abordar las estrategias de Hamilton. &#8220;Probablemente est\u00e9 sacrificando las carreras para tratar de obtener la informaci\u00f3n y los datos que el equipo pueda usar para resolver el problema&#8221;, dijo.<\/p>\n\n\n\n<p class=\"wp-block-paragraph\">&#8220;Esos son los comentarios que recibo del equipo, mientras que George [Russell] va por un camino m\u00e1s convencional, Lewis [Hamilton] est\u00e1 tratando de resolver el problema&#8221;, dijo. &#8220;Es por eso que creo que las personas que dicen que George lo venci\u00f3 en la clasificaci\u00f3n y en las \u00faltimas carreras no pueden ver el panorama general&#8221;, concluy\u00f3.<\/p>\n\n\n\n<p class=\"wp-block-paragraph\">La F\u00f3rmula 1 vuelve este fin de semana para el tradicional GP de M\u00f3naco, previsto para los d\u00edas 27 y 29 de mayo.<\/p>\n","protected":false},"excerpt":{"rendered":"<p>Ross Brawn dijo que no cree en una posible retirada de Lewis Hamilton en 2022 y opin\u00f3 sobre la ventaja de George Russell en la F1.<\/p>\n","protected":false},"author":0,"featured_media":1010067791,"comment_status":"closed","ping_status":"closed","sticky":false,"template":"","format":"standard","meta":{"42wp_featured_image_caption":"","42wp_featured_image_credits":"","42wp_featured_video":"","42wp_featured_image_hidden":false,"42wp_authors_list":[],"footnotes":""},"categories":[5],"tags":[577,2485,234,181,1495,179,253,588,199,197,570],"42wp_author":[14233],"class_list":["post-23046","post","type-post","status-publish","format-standard","has-post-thumbnail","hentry","category-f1","tag-barcelona","tag-director-deportivo","tag-espana","tag-f1","tag-f1-2022","tag-formula-1","tag-george-russell","tag-gp-de-espana","tag-lewis-hamilton","tag-mercedes","tag-ross-brawn","42wp_author-eric-calduch"],"_links":{"self":[{"href":"https:\/\/grandepremio.com\/es\/wp-json\/wp\/v2\/posts\/23046","targetHints":{"allow":["GET"]}}],"collection":[{"href":"https:\/\/grandepremio.com\/es\/wp-json\/wp\/v2\/posts"}],"about":[{"href":"https:\/\/grandepremio.com\/es\/wp-json\/wp\/v2\/types\/post"}],"replies":[{"embeddable":true,"href":"https:\/\/grandepremio.com\/es\/wp-json\/wp\/v2\/comments?post=23046"}],"version-history":[{"count":0,"href":"https:\/\/grandepremio.com\/es\/wp-json\/wp\/v2\/posts\/23046\/revisions"}],"wp:featuredmedia":[{"embeddable":true,"href":"https:\/\/grandepremio.com\/es\/wp-json\/wp\/v2\/media\/1010067791"}],"wp:attachment":[{"href":"https:\/\/grandepremio.com\/es\/wp-json\/wp\/v2\/media?parent=23046"}],"wp:term":[{"taxonomy":"category","embeddable":true,"href":"https:\/\/grandepremio.com\/es\/wp-json\/wp\/v2\/categories?post=23046"},{"taxonomy":"post_tag","embeddable":true,"href":"https:\/\/grandepremio.com\/es\/wp-json\/wp\/v2\/tags?post=23046"},{"taxonomy":"42wp_author","embeddable":true,"href":"https:\/\/grandepremio.com\/es\/wp-json\/wp\/v2\/42wp_author?post=23046"}],"curies":[{"name":"wp","href":"https:\/\/api.w.org\/{rel}","templated":true}]}}