{"id":23069,"date":"2022-05-22T19:37:45","date_gmt":"2022-05-22T22:37:45","guid":{"rendered":"https:\/\/grandepremio.com\/es\/2022\/05\/22\/red-bull-extremo-calor-descalabro-ferrari-barcelona\/"},"modified":"2022-05-22T19:37:46","modified_gmt":"2022-05-22T22:37:46","slug":"red-bull-extremo-calor-descalabro-ferrari-barcelona","status":"publish","type":"post","link":"https:\/\/grandepremio.com\/es\/f1\/red-bull-extremo-calor-descalabro-ferrari-barcelona\/","title":{"rendered":"Red Bull reina bajo el extremo calor en el descalabro de Ferrari en Barcelona"},"content":{"rendered":"\n<p class=\"wp-block-paragraph\">El GP de Espa\u00f1a no decepcion\u00f3 y puso punto y final al fin de semana <a href=\"https:\/\/grandepremio.com\/es\/\/f1\/max-verstappen-espana-formula-1\/\" target=\"_blank\" rel=\"noreferrer noopener\">con una carrera dram\u00e1tica en la que sucedieron multitud de cosas.<\/a> La previsi\u00f3n de calor extremo se cumpli\u00f3 y los pilotos tuvieron que afrontar una carrera muy exigente en cuanto a nivel f\u00edsico. Con la pista hirviendo y los aficionados llenando al m\u00e1ximo las gradas, Red Bull cerr\u00f3 un nuevo doblete para asechar los dos campeonatos que estaban en poder de Ferrari. Los italianos vivieron una jornada dram\u00e1tica, marcada por una aver\u00eda no identificada en el motor de Ferrari de Charles Leclerc, que le hizo retirarse cuando dominaba a placer la prueba. <\/p>\n\n\n\n<p class=\"wp-block-paragraph\">De buena ma\u00f1ana el Circuit de Barcelona-Catalunya se ve\u00eda invadido en masa por multitud de aficionados, que llenaron las gradas como hac\u00eda muchos a\u00f1os que no se ve\u00eda. Fans de muchos pa\u00edses diferentes empezaban a ocupar sus puestos ya antes del inicio de la F\u00f3rmula 3, con las zonas de pelouse llenas para asistir la primera prueba del d\u00eda. El calor empezaba a hacerse presente, con una temperatura que iba subiendo progresivamente hasta alcanzar m\u00e1s de 36 \u00baC. La pista, a medida que el sol ganaba terreno, empezaba a hervir hasta llegar cerca de los 50 \u00baC, un factor que acabar\u00eda siendo importante en para la F\u00f3rmula 1. <\/p>\n\n\n\n<p class=\"wp-block-paragraph\"><strong><strong>\u00a1Conoce el canal de Grande Pr\u00eamio en Espa\u00f1ol en\u00a0<a href=\"https:\/\/www.youtube.com\/channel\/UCDxWojGVUi9gWYhrY0pGbIQ\" target=\"_blank\" rel=\"noreferrer noopener\">YouTube<\/a>!<br>\u00a1Sigue a\u00a0Grande Pr\u00eamio en Espa\u00f1ol\u00a0en\u00a0<a href=\"https:\/\/twitter.com\/grandepremioES\" target=\"_blank\" rel=\"noreferrer noopener\">Twitter\u00a0<\/a>y en\u00a0<a href=\"https:\/\/www.instagram.com\/grandepremioes\/\" target=\"_blank\" rel=\"noreferrer noopener\">Instagram<\/a>!<\/strong><\/strong><\/p>\n\n\n\n<figure class=\"wp-block-image size-large\"><img decoding=\"async\" src=\"https:\/\/grandepremio.com\/es\/\/wp-content\/uploads\/2022\/05\/IMG_2377-1024x768.jpg\" alt=\"\" class=\"wp-image-67459\"\/><figcaption>Las gradas del Circuit se llenaron de buena ma\u00f1ana hasta alcanzar los 121.667 espectadores (Foto: Eric Calduch \/ GRANDE PR\u00caMIO)<\/figcaption><\/figure>\n\n\n\n<p class=\"wp-block-paragraph\">El Paddock tambi\u00e9n empezaba a llenarse de gente a medida que pasaban las horas, con gran cantidad de invitados andando arriba y abajo. No obstante, el calor pesaba en todos los presentes en las instalaciones catalanas, y ya en el mediod\u00eda se pod\u00eda ver como todas las sombras eran ocupadas por periodistas, vips e incluso personal de los equipos. Toda sombra era un lujo para protegerse de un sol asfixiante, que en las gradas se hac\u00eda bien dif\u00edcil de evitar. Los 121.667 aficionados que acudieron al Circuit hicieron del Gran Premio toda una experiencia para los presentes, una cifra casi r\u00e9cord que no se ve\u00eda desde los a\u00f1os gloriosos de Fernando Alonso en el campeonato. El crecimiento de la F\u00f3rmula 1 se hac\u00eda presente en este GP de Espa\u00f1a. <\/p>\n\n\n\n<p class=\"wp-block-paragraph\">La F\u00f3rmula 2 fue la siguiente actividad que aprovech\u00f3 para regalar un gran espect\u00e1culo a todos aquellos valientes que aguantaban al sol. Felipe Drugovich hizo historia en la categor\u00eda al ser el \u00fanico piloto en vencer las dos mangas del fin de semana en la era moderna. Adem\u00e1s, el brasile\u00f1o se dispara en la clasificaci\u00f3n general, coloc\u00e1ndose como el m\u00e1ximo aspirante al t\u00edtulo. Mientras el Paddock de F3 desaparec\u00eda a marchas forzadas del circuito, el de F\u00f3rmula 1 acumulaba mucha m\u00e1s gente. Invitados de oro como futbolistas del nivel del Kun Ag\u00fcero, Thibout Courtais, Pedri, Sergi Roberto o Gerard Piqu\u00e9 se hac\u00edan ver por los distintos motorhomes de los equipos. Tambi\u00e9n con muchas otras caras conocidas, como el ya habitual Emerson Fittipaldi, Mika Hakkinen, Randy Mamola o el streamer espa\u00f1ol Ibai Llanos. <\/p>\n\n\n\n<figure class=\"wp-block-image size-large\"><img decoding=\"async\" src=\"https:\/\/grandepremio.com\/es\/\/wp-content\/uploads\/2022\/05\/IMG_2468-1024x768.jpg\" alt=\"\" class=\"wp-image-67460\"\/><figcaption>Gerard Piqu\u00e9 fue una de las caras conocidas entre los invitados de lujo del GP de Espa\u00f1a (Foto: Eric Calduch \/ GRANDE PR\u00caMIO)<\/figcaption><\/figure>\n\n\n\n<p class=\"wp-block-paragraph\">A mitad de ma\u00f1ana conoc\u00edamos la primera noticia importante del domingo de carrera. Fernando Alonso, tras una p\u00e9sima clasificaci\u00f3n en la que solo fue 17\u00ba, apost\u00f3 por cambiar el motor de su Alpine y arrancar desde el fondo de la parrilla en casa. Una decisi\u00f3n dif\u00edcil pero que acab\u00f3 dando sus frutos. El espa\u00f1ol fue una de las sensaciones de la carrera y termin\u00f3 la prueba en los puntos, siendo la segunda carrera del a\u00f1o que logra entrar en el Top 10. A pesar de un mal pit stop final, el asturiano regal\u00f3 un noveno lugar a su p\u00fablico, haci\u00e9ndolo vibrar con varios adelantamientos de primera clase. <\/p>\n\n\n\n<p class=\"wp-block-paragraph\">La carrera arranc\u00f3 a las tres de la tarde con muchas expectativas puestas en la parte delantera, con la en\u00e9sima lucha entre Charles Leclerc y Max Verstappen. A\u00fan as\u00ed, el drama apareci\u00f3 m\u00e1s atr\u00e1s en las primeras vueltas. Primero, un toque de Kevin Magnussen sobre Lewis Hamilton mand\u00f3 al ingl\u00e9s al fondo de la clasificaci\u00f3n, viendo como todas sus oportunidades se iban abajo. El ingl\u00e9s, incluso, propuso el abandono a su equipo para ahorrarse kilometraje en el coche. A\u00fan as\u00ed, Hamilton se demostr\u00f3 a si mismo que estaba equivocado con su decisi\u00f3n, y es que logr\u00f3 recuperarse a las mil maravillas hasta la 5\u00aa posici\u00f3n, que pudo ser incluso un 4\u00ba de no ser por un problema mec\u00e1nico al final de la prueba. <\/p>\n\n\n\n<p class=\"wp-block-paragraph\">Qui\u00e9n tambi\u00e9n tuvo un muy mal d\u00eda fue Carlos Sainz. Idolo local con esperanzas de luchar por la victoria, pudo tener su oportunidad de oro para demostrar su val\u00eda. Pero, no obstante, una vez m\u00e1s acab\u00f3 teniendo que lamentar un error que le cost\u00f3 muy caro. El madrile\u00f1o trompe\u00f3 en la curva 4 tras perder el coche por completo en una zona que dificult\u00f3 mucho el paso de los pilotos debido a un viento racheado que nadie esperaba. En ese momento Sainz empez\u00f3 una remontada que qued\u00f3 demasiado corta por lo que despu\u00e9s se vio que podr\u00eda haber sido. El drama que les esperaba a sus m\u00e1ximos rivales le podr\u00eda haber dado la oportunidad que esperaba aprovechar, pero con el trompo se fue atr\u00e1s y no pudo ser m\u00e1s que cuarto en casa. <\/p>\n\n\n\n<figure class=\"wp-block-image size-large\"><img decoding=\"async\" src=\"https:\/\/grandepremio.com\/es\/\/wp-content\/uploads\/2022\/05\/IMG_2570-1024x768.jpg\" alt=\"\" class=\"wp-image-67461\"\/><figcaption>El podio del GP de Espa\u00f1a de 2022 (Foto: Eric Calduch \/ GRANDE PR\u00caMIO)<\/figcaption><\/figure>\n\n\n\n<p class=\"wp-block-paragraph\">Los dram\u00e1ticos acontecimientos de Leclerc y Verstappen fueron de lo m\u00e1s inesperados. Leclerc comandaba con un par de segundos de margen sobre el holand\u00e9s, qui\u00e9n se sali\u00f3 de pista en la misma curva que Sainz, posiblemente tambi\u00e9n debido a la mezcla de viento y calor. El de Red Bull pudo salvar mejor los muebles, perdiendo solo posici\u00f3n ante Russell y P\u00e9rez. El mexicano se hizo a un lado y pasamos a presenciar un nuevo drama. Verstappen no pod\u00eda con Russell, el DRS funcionaba intermitentemente en el RB18 y eso hizo que el p\u00fablico disfrutase de una lucha \u00e9pica entre los dos j\u00f3venes talentos. La defensa del de Mercedes fue impecable, y permiti\u00f3 a Leclerc escaparse al frente. <\/p>\n\n\n\n<p class=\"wp-block-paragraph\">Tras las paradas a boxes, Leclerc no imaginaba que suceder\u00eda lo que sucedi\u00f3. De hecho, hizo ponerse las manos a la cabeza a todo el circuito entero. El Ferrari fall\u00f3, por primera vez en carrera, y dej\u00f3 a Leclerc fuera de combate tras un extra\u00f1o fallo en el motor. Entre lamentos, el monegasco acab\u00f3 baj\u00e1ndose del coche, saludando a todos sus mec\u00e1nicos y diciendo adi\u00f3s al p\u00fablico de la tribuna principal. Un triste adi\u00f3s a una carrera que ten\u00eda en el bolsillo, en la que Russell le hizo ganar un amplio colch\u00f3n sobre Verstappen, qui\u00e9n ten\u00eda todo en contra para atraparle y arrebatarle una victoria que iba camino de Grand Chelem. S\u00ed, el monegasco lider\u00f3 todas las sesiones del fin de semana y ven\u00eda liderando todas las vueltas, iba a ser una victoria grande y acab\u00f3 en el mayor fiasco de la temporada. <\/p>\n\n\n\n<p class=\"wp-block-paragraph\">Red Bull quiso aprovechar la jugada y jug\u00f3 sus cartas a las mil maravillas. Con dos estrategias diferentes sobre P\u00e9rez y Verstappen, acab\u00f3 logrando deshacerse de Russell y puso a sus dos pilotos al frente de la carrera. Sin embargo, en orden inverso. P\u00e9rez acab\u00f3 liderando la prueba para sorpresa de todos, pero en Milton Keynes lo ten\u00edan claro. Verstappen ten\u00eda preferencia, y acabaron ejerciendo \u00f3rdenes de equipo para colocar a Max al frente. P\u00e9rez se tuvo que conformar con el segundo puesto y la vuelta r\u00e1pida, cerrando el doblete de Red Bull, que logr\u00f3. todos los puntos posibles. &#8220;Hablaremos despu\u00e9s&#8221;, comentaba el mexicano despu\u00e9s de cruzar la meta, insatisfecho con el transcurso de los hechos. <\/p>\n\n\n\n<figure class=\"wp-block-image size-large\"><img decoding=\"async\" src=\"https:\/\/grandepremio.com\/es\/\/wp-content\/uploads\/2022\/05\/SI202205210343_hires_jpeg_24bit_rgb-1024x683.jpg\" alt=\"\" class=\"wp-image-67462\"\/><figcaption>Max Verstappen super\u00f3 a Charles Leclerc en el Mundial, que lidera con 6 puntos de margen (Foto: Red Bull)<\/figcaption><\/figure>\n\n\n\n<p class=\"wp-block-paragraph\">El ganador moral de la carrera termin\u00f3 siendo Checo, qui\u00e9n se gan\u00f3 un momento especial con el p\u00fablico entero coreando su nombre a todo pulm\u00f3n durante la ceremonia de podio. El p\u00fablico quer\u00eda ver ganar a P\u00e9rez, y as\u00ed lo hizo notar. Sin embargo, el da\u00f1o estaba hecho, y m\u00e1s que nunca se demostr\u00f3 que el mexicano sigue siendo este a\u00f1o el escudero de Max. Ambos dan un importante salto en el Mundial, imponiendo su ley al frente de ambas clasificaciones. Verstappen pasa a liderar el de Pilotos con seis puntos sobre Leclerc, mientras Red Bull asalta tambi\u00e9n el de Constructores con sus 43 puntos. <\/p>\n\n\n\n<p class=\"wp-block-paragraph\">Espa\u00f1a se despide de un fin de semana \u00fanico. La afici\u00f3n estuvo m\u00e1s presente que nunca con 277.000 personas durante los cuatro d\u00edas del evento. Un dato envidiables para el resto de citas del Mundial. La carrera tuvo sus momentos dram\u00e1ticos que podr\u00edan, incluso, marcar un antes y un despu\u00e9s en el transcurso del campeonato. Ahora la categor\u00eda recoge todo r\u00e1pidamente para viajar a Montecarlo, donde sin descanso el pr\u00f3ximo fin de semana se disputar\u00e1 la s\u00e9ptima prueba del a\u00f1o, el legendario GP de M\u00f3naco. \u00bfHabr\u00e1 recuperaci\u00f3n de Ferrari? \u00bfO seguir\u00e1 el pleno de victorias de Max en este 2022? <\/p>\n","protected":false},"excerpt":{"rendered":"<p>Eric Calduch repasa c\u00f3mo se vivi\u00f3 la victoria de Red Bull y Max Verstappen en el descalabro de Ferrari en el GP de Espa\u00f1a en Barcelona. <\/p>\n","protected":false},"author":0,"featured_media":1000574235,"comment_status":"closed","ping_status":"closed","sticky":false,"template":"","format":"standard","meta":{"42wp_featured_image_caption":"","42wp_featured_image_credits":"","42wp_featured_video":"","42wp_featured_image_hidden":false,"42wp_authors_list":[],"footnotes":""},"categories":[5],"tags":[1677,577,247,576,234,181,1495,185,179,588,249,206,294],"42wp_author":[14233],"class_list":["post-23069","post","type-post","status-publish","format-standard","has-post-thumbnail","hentry","category-f1","tag-analisis-gp","tag-barcelona","tag-charles-leclerc","tag-circuit-de-barcelona-catalunya","tag-espana","tag-f1","tag-f1-2022","tag-ferrari","tag-formula-1","tag-gp-de-espana","tag-max-verstappen","tag-red-bull","tag-sergio-perez","42wp_author-eric-calduch"],"_links":{"self":[{"href":"https:\/\/grandepremio.com\/es\/wp-json\/wp\/v2\/posts\/23069","targetHints":{"allow":["GET"]}}],"collection":[{"href":"https:\/\/grandepremio.com\/es\/wp-json\/wp\/v2\/posts"}],"about":[{"href":"https:\/\/grandepremio.com\/es\/wp-json\/wp\/v2\/types\/post"}],"replies":[{"embeddable":true,"href":"https:\/\/grandepremio.com\/es\/wp-json\/wp\/v2\/comments?post=23069"}],"version-history":[{"count":0,"href":"https:\/\/grandepremio.com\/es\/wp-json\/wp\/v2\/posts\/23069\/revisions"}],"wp:featuredmedia":[{"embeddable":true,"href":"https:\/\/grandepremio.com\/es\/wp-json\/wp\/v2\/media\/1000574235"}],"wp:attachment":[{"href":"https:\/\/grandepremio.com\/es\/wp-json\/wp\/v2\/media?parent=23069"}],"wp:term":[{"taxonomy":"category","embeddable":true,"href":"https:\/\/grandepremio.com\/es\/wp-json\/wp\/v2\/categories?post=23069"},{"taxonomy":"post_tag","embeddable":true,"href":"https:\/\/grandepremio.com\/es\/wp-json\/wp\/v2\/tags?post=23069"},{"taxonomy":"42wp_author","embeddable":true,"href":"https:\/\/grandepremio.com\/es\/wp-json\/wp\/v2\/42wp_author?post=23069"}],"curies":[{"name":"wp","href":"https:\/\/api.w.org\/{rel}","templated":true}]}}