{"id":23075,"date":"2022-05-22T14:40:16","date_gmt":"2022-05-22T17:40:16","guid":{"rendered":"https:\/\/grandepremio.com\/es\/2022\/05\/22\/charles-leclerc-ritmo-ferrari-lamenta\/"},"modified":"2022-05-22T14:40:18","modified_gmt":"2022-05-22T17:40:18","slug":"charles-leclerc-ritmo-ferrari-lamenta","status":"publish","type":"post","link":"https:\/\/grandepremio.com\/es\/f1\/charles-leclerc-ritmo-ferrari-lamenta\/","title":{"rendered":"Leclerc destaca el ritmo de Ferrari a pesar del abandono, pero se lamenta: &#8220;Gran p\u00e9rdida&#8221;"},"content":{"rendered":"\n<p class=\"wp-block-paragraph\">Charles Leclerc y Ferrari ten\u00edan la carrera en sus manos. Gran ventaja para el resto de la parrilla, con su principal rival Max Verstappen atascado detr\u00e1s de George Russell\u2026 pero en la vuelta 28 del GP de Espa\u00f1a de F\u00f3rmula 1 de este domingo, <a href=\"https:\/\/grandepremio.com\/es\/\/f1\/charles-leclerc-abandona-espana\/\">un problema de motor a\u00fan no identificado en su F1-75 le oblig\u00f3 a abandonar<\/a>.<\/p>\n\n\n\n<p class=\"wp-block-paragraph\">Peor a\u00fan, Verstappen gan\u00f3 la prueba y se puso al frente del Mundial de Pilotos de la categor\u00eda. La p\u00e9rdida de potencia en el coche de Ferrari evidentemente dej\u00f3 a Leclerc decepcionado, al igual que a toda la escuadra italiana. Sin embargo, seg\u00fan el piloto, hay que observar el vaso medio lleno.<\/p>\n\n\n\n<p class=\"wp-block-paragraph\"><strong><strong><strong>\u00a1Conoce el canal de Grande Pr\u00eamio en Espa\u00f1ol en\u00a0<a href=\"https:\/\/www.youtube.com\/channel\/UCDxWojGVUi9gWYhrY0pGbIQ\" target=\"_blank\" rel=\"noreferrer noopener\">YouTube<\/a>!<br>\u00a1Sigue a\u00a0Grande Pr\u00eamio en Espa\u00f1ol\u00a0en\u00a0<a href=\"https:\/\/twitter.com\/grandepremioES\" target=\"_blank\" rel=\"noreferrer noopener\">Twitter\u00a0<\/a>y en\u00a0<a href=\"https:\/\/www.instagram.com\/grandepremioes\/\" target=\"_blank\" rel=\"noreferrer noopener\">Instagram<\/a>!<\/strong><\/strong><\/strong><\/p>\n\n\n\n<p class=\"wp-block-paragraph\">&#8220;En situaciones as\u00ed, no puedo hacer muchas cosas para ser positivo. Pero mirando el fin de semana, hay muchos aspectos positivos. El ritmo, en general, y la gesti\u00f3n de los neum\u00e1ticos, que ser\u00eda un punto clave para la carrera. Creo que fuimos el equipo que mejor control\u00f3 los neum\u00e1ticos&#8221;, valor\u00f3 el monegasco.<\/p>\n\n\n\n<figure class=\"wp-block-image size-large\"><img decoding=\"async\" src=\"https:\/\/www.grandepremio.com\/br\/wp-content\/uploads\/2022\/05\/FTXbysYXEAAkVXP-1024x682.jpg\" alt=\"\" class=\"wp-image-574261\"\/><figcaption>Charles Leclerc lideraba c\u00f3modamente la carrera antes de su abandono (Foto: Ferrari)<\/figcaption><\/figure>\n\n\n\n<p class=\"wp-block-paragraph\">Tras el fallo de motor de su Ferrari, Leclerc se lament\u00f3 -y mucho- por radio. &#8220;Duele&#8221;, dijo el piloto, que tambi\u00e9n destac\u00f3 que &#8220;estas cosas pasan&#8221; en el automovilismo. Su atenci\u00f3n se centra ahora en el GP de M\u00f3naco.<\/p>\n\n\n\n<p class=\"wp-block-paragraph\">&#8220;Me siento confiado para el resto de la temporada. Tenemos que entender cu\u00e1l fue el problema para que no vuelva a ocurrir, cada punto es importante. Hoy hemos tenido una gran p\u00e9rdida en el campeonato. Esto no puede ocurrir demasiadas veces durante una temporada. Adem\u00e1s, el equipo ha estado concentrado todo el a\u00f1o. Bajaremos la cabeza y volveremos m\u00e1s fuertes en la pr\u00f3xima carrera&#8221;, concluy\u00f3 Leclerc.<\/p>\n\n\n\n<p class=\"wp-block-paragraph\">GRANDE PR\u00caMIO cubre in situ las acciones de la categor\u00eda en el Circuit de Barcelona-Catalunya con Eric Calduch. La F\u00f3rmula 1 vuelve el pr\u00f3ximo fin de semana con el GP de M\u00f3naco en las calles de Montecarlo.<\/p>\n","protected":false},"excerpt":{"rendered":"<p>El monegasco sufri\u00f3 un problema a\u00fan no identificado en el motor de su Ferrari y, en el tranquilo liderato de la carrera, tuvo que abandonar el GP de Espa\u00f1a. Peor: su principal rival, Verstappen, gan\u00f3 la carrera.<\/p>\n","protected":false},"author":0,"featured_media":1010067424,"comment_status":"closed","ping_status":"closed","sticky":false,"template":"","format":"standard","meta":{"42wp_featured_image_caption":"","42wp_featured_image_credits":"","42wp_featured_video":"","42wp_featured_image_hidden":false,"42wp_authors_list":[],"footnotes":""},"categories":[5],"tags":[577,247,576,1519,181,1495,2227,185,179,2369,588,1488,2237],"42wp_author":[14234,14233],"class_list":["post-23075","post","type-post","status-publish","format-standard","has-post-thumbnail","hentry","category-f1","tag-barcelona","tag-charles-leclerc","tag-circuit-de-barcelona-catalunya","tag-clasificacion-f1","tag-f1","tag-f1-2022","tag-f1-75-2","tag-ferrari","tag-formula-1","tag-formula-1-hoy","tag-gp-de-espana","tag-grande-premio","tag-grandepremio","42wp_author-douglas-rocha","42wp_author-eric-calduch"],"_links":{"self":[{"href":"https:\/\/grandepremio.com\/es\/wp-json\/wp\/v2\/posts\/23075","targetHints":{"allow":["GET"]}}],"collection":[{"href":"https:\/\/grandepremio.com\/es\/wp-json\/wp\/v2\/posts"}],"about":[{"href":"https:\/\/grandepremio.com\/es\/wp-json\/wp\/v2\/types\/post"}],"replies":[{"embeddable":true,"href":"https:\/\/grandepremio.com\/es\/wp-json\/wp\/v2\/comments?post=23075"}],"version-history":[{"count":0,"href":"https:\/\/grandepremio.com\/es\/wp-json\/wp\/v2\/posts\/23075\/revisions"}],"wp:featuredmedia":[{"embeddable":true,"href":"https:\/\/grandepremio.com\/es\/wp-json\/wp\/v2\/media\/1010067424"}],"wp:attachment":[{"href":"https:\/\/grandepremio.com\/es\/wp-json\/wp\/v2\/media?parent=23075"}],"wp:term":[{"taxonomy":"category","embeddable":true,"href":"https:\/\/grandepremio.com\/es\/wp-json\/wp\/v2\/categories?post=23075"},{"taxonomy":"post_tag","embeddable":true,"href":"https:\/\/grandepremio.com\/es\/wp-json\/wp\/v2\/tags?post=23075"},{"taxonomy":"42wp_author","embeddable":true,"href":"https:\/\/grandepremio.com\/es\/wp-json\/wp\/v2\/42wp_author?post=23075"}],"curies":[{"name":"wp","href":"https:\/\/api.w.org\/{rel}","templated":true}]}}