{"id":23081,"date":"2022-05-22T11:32:18","date_gmt":"2022-05-22T14:32:18","guid":{"rendered":"https:\/\/grandepremio.com\/es\/2022\/05\/22\/charles-leclerc-abandona-espana\/"},"modified":"2022-05-22T11:35:37","modified_gmt":"2022-05-22T14:35:37","slug":"charles-leclerc-abandona-espana","status":"publish","type":"post","link":"https:\/\/grandepremio.com\/es\/f1\/charles-leclerc-abandona-espana\/","title":{"rendered":"Leclerc pierde potencia con la carrera en la mano y abandona el GP de Espa\u00f1a"},"content":{"rendered":"\n<p class=\"wp-block-paragraph\">Charles Leclerc lideraba tranquilamente el GP de Espa\u00f1a este domingo cuando vio c\u00f3mo su Ferrari perd\u00eda repentinamente la potencia. &#8220;\u00a1No, no! \u00bfQu\u00e9 pas\u00f3?&#8221;, dijo el monegasco por radio, incr\u00e9dulo, sabiendo que ten\u00eda la carrera en sus manos.<\/p>\n\n\n\n<p class=\"wp-block-paragraph\">Ferrari confirm\u00f3 que el piloto ten\u00eda un problema de motor en su F1-75. &#8220;Hemos tenido que retirar el coche de Charles debido a un problema de la unidad de potencia a\u00fan no identificado&#8221;, dijo el equipo en un comunicado oficial.<\/p>\n\n\n\n<p class=\"wp-block-paragraph\"><strong>\u00a1Conoce el canal de Grande Pr\u00eamio en Espa\u00f1ol en&nbsp;<a href=\"https:\/\/www.youtube.com\/channel\/UCDxWojGVUi9gWYhrY0pGbIQ\" target=\"_blank\" rel=\"noreferrer noopener\">YouTube<\/a>!<br>\u00a1Sigue a&nbsp;Grande Pr\u00eamio en Espa\u00f1ol&nbsp;en&nbsp;<a href=\"https:\/\/twitter.com\/grandepremioES\" target=\"_blank\" rel=\"noreferrer noopener\">Twitter&nbsp;<\/a>y en&nbsp;<a href=\"https:\/\/www.instagram.com\/grandepremioes\/\" target=\"_blank\" rel=\"noreferrer noopener\">Instagram<\/a>!<\/strong><\/p>\n\n\n\n<figure class=\"wp-block-image size-large\"><img decoding=\"async\" src=\"https:\/\/www.grandepremio.com\/br\/wp-content\/uploads\/2022\/05\/F1-2022-Espanha-Barcelona-Domingo-Ferrari-Charles-Leclerc-1024x576.jpg\" alt=\"\" class=\"wp-image-574130\"\/><figcaption>Charles Leclerc perdi\u00f3 potencia y abandon\u00f3 la carrera catalana (Foto: Reproducci\u00f3n)<\/figcaption><\/figure>\n\n\n\n<p class=\"wp-block-paragraph\">Leclerc abandon\u00f3 en la vuelta 27 en Espa\u00f1a y ahora corre el riesgo de salir de Barcelona sin el liderato del Campeonato del Mundo de 2022. Sin posibilidad de puntuar en la ronda espa\u00f1ola, a Max Verstappen le basta con el segundo puesto y la vuelta r\u00e1pida para convertirse en el nuevo l\u00edder de la temporada.<\/p>\n\n\n\n<p class=\"wp-block-paragraph\"><strong>VER TAMBI\u00c9N<br><a href=\"https:\/\/grandepremio.com\/es\/\/f2\/felipe-drugovich-gana-segunda-carrera-barcelona\/\">Drugovich arrolla a sus rivales, dicta el ritmo y gana la segunda carrera en Barcelona<\/a><\/strong><\/p>\n\n\n\n<p class=\"wp-block-paragraph\"><strong>GRANDE PR\u00caMIO en Espa\u00f1ol<\/strong>&nbsp;cubre in situ el GP de Espa\u00f1a desde el Circuito de Barcelona con Eric Calduch, y tambi\u00e9n sigue toda la cobertura en vivo y en tiempo real.<\/p>\n","protected":false},"excerpt":{"rendered":"<p>Charles Leclerc lideraba tranquilamente cuando perdi\u00f3 potencia y se vio obligado a abandonar el GP de Espa\u00f1a este domingo, en Barcelona.<\/p>\n","protected":false},"author":0,"featured_media":1010067193,"comment_status":"closed","ping_status":"closed","sticky":false,"template":"","format":"standard","meta":{"42wp_featured_image_caption":"","42wp_featured_image_credits":"","42wp_featured_video":"","42wp_featured_image_hidden":false,"42wp_authors_list":[],"footnotes":""},"categories":[5],"tags":[577,247,576,181,1495,2227,185,179,588,1488,2237],"42wp_author":[14234,14233],"class_list":["post-23081","post","type-post","status-publish","format-standard","has-post-thumbnail","hentry","category-f1","tag-barcelona","tag-charles-leclerc","tag-circuit-de-barcelona-catalunya","tag-f1","tag-f1-2022","tag-f1-75-2","tag-ferrari","tag-formula-1","tag-gp-de-espana","tag-grande-premio","tag-grandepremio","42wp_author-douglas-rocha","42wp_author-eric-calduch"],"_links":{"self":[{"href":"https:\/\/grandepremio.com\/es\/wp-json\/wp\/v2\/posts\/23081","targetHints":{"allow":["GET"]}}],"collection":[{"href":"https:\/\/grandepremio.com\/es\/wp-json\/wp\/v2\/posts"}],"about":[{"href":"https:\/\/grandepremio.com\/es\/wp-json\/wp\/v2\/types\/post"}],"replies":[{"embeddable":true,"href":"https:\/\/grandepremio.com\/es\/wp-json\/wp\/v2\/comments?post=23081"}],"version-history":[{"count":0,"href":"https:\/\/grandepremio.com\/es\/wp-json\/wp\/v2\/posts\/23081\/revisions"}],"wp:featuredmedia":[{"embeddable":true,"href":"https:\/\/grandepremio.com\/es\/wp-json\/wp\/v2\/media\/1010067193"}],"wp:attachment":[{"href":"https:\/\/grandepremio.com\/es\/wp-json\/wp\/v2\/media?parent=23081"}],"wp:term":[{"taxonomy":"category","embeddable":true,"href":"https:\/\/grandepremio.com\/es\/wp-json\/wp\/v2\/categories?post=23081"},{"taxonomy":"post_tag","embeddable":true,"href":"https:\/\/grandepremio.com\/es\/wp-json\/wp\/v2\/tags?post=23081"},{"taxonomy":"42wp_author","embeddable":true,"href":"https:\/\/grandepremio.com\/es\/wp-json\/wp\/v2\/42wp_author?post=23081"}],"curies":[{"name":"wp","href":"https:\/\/api.w.org\/{rel}","templated":true}]}}