{"id":23090,"date":"2022-05-21T16:06:43","date_gmt":"2022-05-21T19:06:43","guid":{"rendered":"https:\/\/grandepremio.com\/es\/2022\/05\/21\/sainz-oportunidad-barcelona-ganar\/"},"modified":"2022-05-21T16:06:45","modified_gmt":"2022-05-21T19:06:45","slug":"sainz-oportunidad-barcelona-ganar","status":"publish","type":"post","link":"https:\/\/grandepremio.com\/es\/f1\/sainz-oportunidad-barcelona-ganar\/","title":{"rendered":"Sainz espera oportunidad en una &#8220;carrera larga&#8221; en Barcelona: &#8220;Saldr\u00e9 a ganar&#8221;"},"content":{"rendered":"\n<p class=\"wp-block-paragraph\">Carlos Sainz no ha tenido la clasificaci\u00f3n so\u00f1ada delante de su afici\u00f3n en el GP de Espa\u00f1a de F\u00f3rmula 1. Las gradas del Circuit de Barcelona-Catalunya se llenaron con 95.163 aficionados acompa\u00f1ando de cerca la lucha por la pole position. El espa\u00f1ol empez\u00f3 la Q3 con la pole provisional, <a href=\"https:\/\/grandepremio.com\/es\/\/f1\/charles-leclerc-max-verstappen-formula-1\/\" target=\"_blank\" rel=\"noreferrer noopener\">pero primero Max Verstappen y luego su compa\u00f1ero Charles Leclerc terminaron por derrumbar el sue\u00f1o del madrile\u00f1o.<\/a> <\/p>\n\n\n\n<p class=\"wp-block-paragraph\">No obstante, Sainz se ve con opciones de cara a la carrera de ma\u00f1ana, con una tercera posici\u00f3n en la que puede optar a so\u00f1ar con el podio o, incluso, con una victoria en casa. En una rueda de prensa con los medios espa\u00f1oles tras la clasificaci\u00f3n, <strong>GRANDE PR\u00caMIO<\/strong> pudo acompa\u00f1ar las palabras del piloto de Ferrari, que afirm\u00f3 que espera aprovechar oportunidades durante el domingo.<\/p>\n\n\n\n<p class=\"wp-block-paragraph\">&#8220;El objetivo es el mismo siempre, sea quien sea el de adelante. Est\u00e1 claro que los de adelante son Leclerc y Verstappen, que est\u00e1n yendo muy r\u00e1pido en carrera y durante todo el fin de semana, pero el objetivo es que si hay una oportunidad, cogerla, como siempre. Sab\u00e9is que soy un piloto que valora los riesgos&#8221;, afirmaba el espa\u00f1ol. <\/p>\n\n\n\n<p class=\"wp-block-paragraph\"><strong><strong>\u00a1Conoce el canal de Grande Pr\u00eamio en Espa\u00f1ol en\u00a0<a href=\"https:\/\/www.youtube.com\/channel\/UCDxWojGVUi9gWYhrY0pGbIQ\" target=\"_blank\" rel=\"noreferrer noopener\">YouTube<\/a>!<br>\u00a1Sigue a\u00a0Grande Pr\u00eamio en Espa\u00f1ol\u00a0en\u00a0<a href=\"https:\/\/twitter.com\/grandepremioES\" target=\"_blank\" rel=\"noreferrer noopener\">Twitter\u00a0<\/a>y en\u00a0<a href=\"https:\/\/www.instagram.com\/grandepremioes\/\" target=\"_blank\" rel=\"noreferrer noopener\">Instagram<\/a>!<\/strong><\/strong><\/p>\n\n\n\n<figure class=\"wp-block-image size-large\"><img decoding=\"async\" src=\"https:\/\/grandepremio.com\/es\/\/wp-content\/uploads\/2022\/05\/220037-scuderia-ferrari-spanish-gp-2022-saturday-1024x683.jpg\" alt=\"\" class=\"wp-image-67138\"\/><figcaption>Carlos Sainz saldr\u00e1 tercero en el GP de Espa\u00f1a, su mejor posici\u00f3n en parrilla en una carrera en casa (Foto: Ferrari)<\/figcaption><\/figure>\n\n\n\n<p class=\"wp-block-paragraph\">Pese a dejar al segundo piloto de Red Bull, Sergio P\u00e9rez, en la quinta posici\u00f3n de salida, Sainz ve muy fuerte al equipo rival. El espa\u00f1ol cree que Leclerc tendr\u00e1 ventaja en la primera parte de la carrera, pero que \u00e9l puede sacar provecho de una carrera que estar\u00e1 marcada por el calor y la degradaci\u00f3n. <\/p>\n\n\n\n<p class=\"wp-block-paragraph\">&#8220;Estamos un poco mejor que en los Libres 2, hemos encontrado alguna cosa. Pero creo que Red Bull en las dos \u00faltimas carreras y en el ritmo del viernes parecen ser superiores en carrera. Charles tiene un neum\u00e1tico nuevo blando que le ayudar\u00e1 en el primer stint, pero yo no lo tengo. Es algo que seguramente le ayude para competir con Max. Va a ser una carrera larga de 66 vueltas, va a haber m\u00e1s de una parada seguro, as\u00ed que puede pasar cualquier cosa&#8221;, dijo. <\/p>\n\n\n\n<p class=\"wp-block-paragraph\">&#8220;Con calor es mucho m\u00e1s complicado. El neum\u00e1tico trasero sufre mucho, el delantero tambi\u00e9n y el coche es m\u00e1s dif\u00edcil de llevar, especialmente de la parte trasera. Ser\u00e1 una carrera larga ma\u00f1ana, estoy seguro que van a pasar cosas y hay que aprovechar&#8221;, continu\u00f3. <\/p>\n\n\n\n<figure class=\"wp-block-image size-large\"><img decoding=\"async\" src=\"https:\/\/grandepremio.com\/es\/\/wp-content\/uploads\/2022\/05\/220054-scuderia-ferrari-spanish-gp-2022-saturday-1024x683.jpg\" alt=\"\" class=\"wp-image-67139\"\/><figcaption>Este s\u00e1bado han asistido m\u00e1s de 95.000 personas para ver la clasificaci\u00f3n en Barcelona (Foto: Ferrari)<\/figcaption><\/figure>\n\n\n\n<p class=\"wp-block-paragraph\"> Adem\u00e1s, Sainz tambi\u00e9n aprovech\u00f3 para explicar sus dificultades con el coche, con una adaptaci\u00f3n que sigue su progreso en esta sexta cita del calendario. El espa\u00f1ol sigue un paso atr\u00e1s de Leclerc y coloca toda la culpa a la hora de adaptar su pilotaje a las caracter\u00edsticas de este nuevo b\u00f3lido de la F\u00f3rmula 1 de 2022. <\/p>\n\n\n\n<p class=\"wp-block-paragraph\">&#8220;Ha pasado lo mismo que viene pasando en las primeras carreras, el coche tiene bastante sobreviraje para mi gusto. Es un coche que es complicado de llevar, Charles es capaz de extraer un balance que yo no soy capaz de llevar. Estoy intentando adaptar mi forma de conducir para llevarlo m\u00e1s parecido a c\u00f3mo lo lleva \u00e9l, pero todav\u00eda no viene natural y por eso se acaba notando en las \u00faltimas d\u00e9cimas. Son cosas que estoy intentando cambiar y que poco a poco den sus frutos&#8221;, dijo. <\/p>\n\n\n\n<p class=\"wp-block-paragraph\">&#8220;M\u00ednimo espero un podio. Todo lo que no sea de podio para arriba no es que no me vaya contento, pero es a lo que he venido. Luego ya veremos c\u00f3mo va la carrera. Saldr\u00e9 a ganar y, si no, a por un podio&#8221;, concluy\u00f3 Sainz antes de afrontar domingo su carrera como local en esta temporada de 2022. <\/p>\n","protected":false},"excerpt":{"rendered":"<p>Carlos Sainz ve a sus rivales un paso por delante pero espera aprovechar oportunidades en una carrera en la que afirma salir &#8220;a ganar&#8221;. <\/p>\n","protected":false},"author":0,"featured_media":1010067110,"comment_status":"closed","ping_status":"closed","sticky":false,"template":"","format":"standard","meta":{"42wp_featured_image_caption":"","42wp_featured_image_credits":"","42wp_featured_video":"","42wp_featured_image_hidden":false,"42wp_authors_list":[],"footnotes":""},"categories":[5],"tags":[577,302,247,576,1519,181,1495,2227,185,179,2369,588,1488,2237,249,206],"42wp_author":[14233],"class_list":["post-23090","post","type-post","status-publish","format-standard","has-post-thumbnail","hentry","category-f1","tag-barcelona","tag-carlos-sainz","tag-charles-leclerc","tag-circuit-de-barcelona-catalunya","tag-clasificacion-f1","tag-f1","tag-f1-2022","tag-f1-75-2","tag-ferrari","tag-formula-1","tag-formula-1-hoy","tag-gp-de-espana","tag-grande-premio","tag-grandepremio","tag-max-verstappen","tag-red-bull","42wp_author-eric-calduch"],"_links":{"self":[{"href":"https:\/\/grandepremio.com\/es\/wp-json\/wp\/v2\/posts\/23090","targetHints":{"allow":["GET"]}}],"collection":[{"href":"https:\/\/grandepremio.com\/es\/wp-json\/wp\/v2\/posts"}],"about":[{"href":"https:\/\/grandepremio.com\/es\/wp-json\/wp\/v2\/types\/post"}],"replies":[{"embeddable":true,"href":"https:\/\/grandepremio.com\/es\/wp-json\/wp\/v2\/comments?post=23090"}],"version-history":[{"count":0,"href":"https:\/\/grandepremio.com\/es\/wp-json\/wp\/v2\/posts\/23090\/revisions"}],"wp:featuredmedia":[{"embeddable":true,"href":"https:\/\/grandepremio.com\/es\/wp-json\/wp\/v2\/media\/1010067110"}],"wp:attachment":[{"href":"https:\/\/grandepremio.com\/es\/wp-json\/wp\/v2\/media?parent=23090"}],"wp:term":[{"taxonomy":"category","embeddable":true,"href":"https:\/\/grandepremio.com\/es\/wp-json\/wp\/v2\/categories?post=23090"},{"taxonomy":"post_tag","embeddable":true,"href":"https:\/\/grandepremio.com\/es\/wp-json\/wp\/v2\/tags?post=23090"},{"taxonomy":"42wp_author","embeddable":true,"href":"https:\/\/grandepremio.com\/es\/wp-json\/wp\/v2\/42wp_author?post=23090"}],"curies":[{"name":"wp","href":"https:\/\/api.w.org\/{rel}","templated":true}]}}