{"id":23095,"date":"2022-05-21T13:30:33","date_gmt":"2022-05-21T16:30:33","guid":{"rendered":"https:\/\/grandepremio.com\/es\/2022\/05\/21\/max-verstappen-logro-primeira-fila\/"},"modified":"2022-05-21T13:30:34","modified_gmt":"2022-05-21T16:30:34","slug":"max-verstappen-logro-primeira-fila","status":"publish","type":"post","link":"https:\/\/grandepremio.com\/es\/f1\/max-verstappen-logro-primeira-fila\/","title":{"rendered":"Verstappen lamenta problema al final, pero ve &#8220;buen logro&#8221; salir desde la primera fila"},"content":{"rendered":"\n<p class=\"wp-block-paragraph\">Max Verstappen lo ten\u00eda todo para lograr la pole position. Pero en la Q3 reapareci\u00f3 el fantasma que parece perseguir a Red Bull: la fiabilidad. El RB18 #1 perdi\u00f3 potencia mientras el holand\u00e9s se preparaba para un \u00faltimo intento de arrebatarle la pole a Charles Leclerc, pero no funcion\u00f3.<\/p>\n\n\n\n<p class=\"wp-block-paragraph\">&#8220;Siempre es dif\u00edcil decirlo, pero no pude hacer mi \u00faltima vuelta. O el DRS no se abri\u00f3, o perd\u00ed potencia. Es una pena, pero estar en la primera fila aqu\u00ed, mirando todo el fin de semana, creo que fue un buen logro, pero me hubiera gustado hacer una \u00faltima vuelta&#8221;, evalu\u00f3 el vigente campe\u00f3n.<\/p>\n\n\n\n<p class=\"wp-block-paragraph\"><strong>VER TAMBI\u00c9N<br><a href=\"https:\/\/grandepremio.com\/es\/\/f1\/charles-leclerc-max-verstappen-formula-1\/\">Leclerc se recupera de error y le arrebata la pole a Verstappen en el GP de Espa\u00f1a<\/a><\/strong><\/p>\n\n\n\n<figure class=\"wp-block-image size-large\"><img decoding=\"async\" src=\"https:\/\/www.grandepremio.com\/br\/wp-content\/uploads\/2022\/05\/redbull-maxverstappen-02-6-1024x683.jpg\" alt=\"\" class=\"wp-image-573616\"\/><figcaption>Max Verstappen saldr\u00e1 desde la segunda posici\u00f3n (Foto: Red Bull Content Pool)<\/figcaption><\/figure>\n\n\n\n<p class=\"wp-block-paragraph\">El holand\u00e9s tambi\u00e9n habl\u00f3 de los neum\u00e1ticos y se mostr\u00f3 optimista. Los equipos se actualizaron para realizar pruebas en la pista catalana. Red Bull fue quien &#8220;adelgaz\u00f3&#8221; su coche para intentar solucionar los problemas de desgaste.<\/p>\n\n\n\n<p class=\"wp-block-paragraph\">&#8220;En las simulaciones de carrera, nos vimos bien con los neum\u00e1ticos. Ma\u00f1ana volver\u00e1 a hacer mucho calor y esta pista ser\u00e1 dif\u00edcil de adelantar, as\u00ed que esperamos que nuestro coche vaya bien con los neum\u00e1ticos&#8221;, a\u00f1adi\u00f3.<\/p>\n\n\n\n<p class=\"wp-block-paragraph\"><strong><strong>\u00a1Conoce el canal de Grande Pr\u00eamio en Espa\u00f1ol en\u00a0<a href=\"https:\/\/www.youtube.com\/channel\/UCDxWojGVUi9gWYhrY0pGbIQ\" target=\"_blank\" rel=\"noreferrer noopener\">YouTube<\/a>!<br>\u00a1Sigue a\u00a0Grande Pr\u00eamio en Espa\u00f1ol\u00a0en\u00a0<a href=\"https:\/\/twitter.com\/grandepremioES\" target=\"_blank\" rel=\"noreferrer noopener\">Twitter\u00a0<\/a>y en\u00a0<a href=\"https:\/\/www.instagram.com\/grandepremioes\/\" target=\"_blank\" rel=\"noreferrer noopener\">Instagram<\/a>!<\/strong><\/strong><\/p>\n\n\n\n<p class=\"wp-block-paragraph\">Carlos Sainz complet\u00f3 las tres primeras posiciones. El compa\u00f1ero de equipo de Max, Sergio P\u00e9rez, saldr\u00e1 quinto por detr\u00e1s de George Russell.<\/p>\n\n\n\n<p class=\"wp-block-paragraph\">GRANDE PR\u00caMIO cubrir\u00e1 la acci\u00f3n de la categor\u00eda en el Circuit de Barcelona-Catalunya con Eric Calduch y tambi\u00e9n seguir\u00e1 todo en VIVO y en TIEMPO REAL. El domingo, la salida est\u00e1 prevista para las 15:00 horas [hora local].<\/p>\n","protected":false},"excerpt":{"rendered":"<p>Max Verstappen dijo que ten\u00eda dudas sobre el problema en los momentos finales de la Q3, pero reiter\u00f3 que salir desde la segunda posici\u00f3n es un buen resultado.<\/p>\n","protected":false},"author":0,"featured_media":1010067104,"comment_status":"closed","ping_status":"closed","sticky":false,"template":"","format":"standard","meta":{"42wp_featured_image_caption":"","42wp_featured_image_credits":"","42wp_featured_video":"","42wp_featured_image_hidden":false,"42wp_authors_list":[],"footnotes":""},"categories":[5],"tags":[577,576,1519,181,1495,185,179,2369,588,1488,2237,249,206],"42wp_author":[14234],"class_list":["post-23095","post","type-post","status-publish","format-standard","has-post-thumbnail","hentry","category-f1","tag-barcelona","tag-circuit-de-barcelona-catalunya","tag-clasificacion-f1","tag-f1","tag-f1-2022","tag-ferrari","tag-formula-1","tag-formula-1-hoy","tag-gp-de-espana","tag-grande-premio","tag-grandepremio","tag-max-verstappen","tag-red-bull","42wp_author-douglas-rocha"],"_links":{"self":[{"href":"https:\/\/grandepremio.com\/es\/wp-json\/wp\/v2\/posts\/23095","targetHints":{"allow":["GET"]}}],"collection":[{"href":"https:\/\/grandepremio.com\/es\/wp-json\/wp\/v2\/posts"}],"about":[{"href":"https:\/\/grandepremio.com\/es\/wp-json\/wp\/v2\/types\/post"}],"replies":[{"embeddable":true,"href":"https:\/\/grandepremio.com\/es\/wp-json\/wp\/v2\/comments?post=23095"}],"version-history":[{"count":0,"href":"https:\/\/grandepremio.com\/es\/wp-json\/wp\/v2\/posts\/23095\/revisions"}],"wp:featuredmedia":[{"embeddable":true,"href":"https:\/\/grandepremio.com\/es\/wp-json\/wp\/v2\/media\/1010067104"}],"wp:attachment":[{"href":"https:\/\/grandepremio.com\/es\/wp-json\/wp\/v2\/media?parent=23095"}],"wp:term":[{"taxonomy":"category","embeddable":true,"href":"https:\/\/grandepremio.com\/es\/wp-json\/wp\/v2\/categories?post=23095"},{"taxonomy":"post_tag","embeddable":true,"href":"https:\/\/grandepremio.com\/es\/wp-json\/wp\/v2\/tags?post=23095"},{"taxonomy":"42wp_author","embeddable":true,"href":"https:\/\/grandepremio.com\/es\/wp-json\/wp\/v2\/42wp_author?post=23095"}],"curies":[{"name":"wp","href":"https:\/\/api.w.org\/{rel}","templated":true}]}}