{"id":2317,"date":"2026-03-07T20:48:48","date_gmt":"2026-03-07T23:48:48","guid":{"rendered":"https:\/\/grandepremio.com\/es\/2026\/03\/07\/ugo-ugochukwu-campos-victoria-carrera-principal-f3-australia-mattia-colnaghi-mp\/"},"modified":"2026-03-07T21:28:02","modified_gmt":"2026-03-08T00:28:02","slug":"ugo-ugochukwu-campos-victoria-carrera-principal-f3-australia-mattia-colnaghi-mp","status":"publish","type":"post","link":"https:\/\/grandepremio.com\/es\/f3\/ugo-ugochukwu-campos-victoria-carrera-principal-f3-australia-mattia-colnaghi-mp\/","title":{"rendered":"Ugochukwu se recupera y gana la segunda carrera de F3 en Australia; Colnaghi es 10\u00b0"},"content":{"rendered":"\n<p class=\"wp-block-paragraph\"><strong>Ugo Ugochukwu<\/strong> logr\u00f3 su primera victoria en la <strong>F3 <\/strong>en <strong>Australia<\/strong>. Tras un mal comienzo, donde retrocedi\u00f3 desde la primera a la tercera posici\u00f3n, el estadounidense se recuper\u00f3 y gan\u00f3 con autoridad la carrera principal en <strong>Melbourne<\/strong>.<\/p>\n\n\n\n<p class=\"wp-block-paragraph\">\ud83d\udfe5&nbsp;<strong><em>\u00a1Todas las novedades te esperan en el canal de&nbsp;<\/em><\/strong><a href=\"https:\/\/www.youtube.com\/@GrandePremioES\"><em>YouTube<\/em><\/a><strong><em>&nbsp;de Grande Pr\u00eamio en&nbsp;<a>Espa\u00f1ol<\/a><\/em><\/strong>! \ud83d\udfe8<a><\/a><\/p>\n\n\n\n<p class=\"wp-block-paragraph\"><strong>Freddie Slater<\/strong> y <strong>Taito Kato<\/strong> completaron el podio al finalizar en segunda y tercera posici\u00f3n, respectivamente. <strong>Bruno del Pino, Maciej Gladysz, Enzo Deligny, Brad Benavides, Pedro Clerot, Jin Nakamura<\/strong> y <strong>Mattia Colnaghi<\/strong> completaron el top-10 de la competencia. <\/p>\n\n\n\n<p class=\"wp-block-paragraph\">Luego de una complicada carrera sprint, donde sufri\u00f3 un trompo y retrocedi\u00f3 hasta el 30\u00b0 puesto, el argentino <strong>Colnaghi <\/strong>tuvo un comienzo complicado en la competencia final, aunque logr\u00f3 recuperarse y finaliz\u00f3 d\u00e9cimo en <strong>Melbourne<\/strong>, sumando su primer punto en el campeonato. <\/p>\n\n\n\n<p class=\"wp-block-paragraph\">\u23e9&nbsp;<strong><em>\u00a1Seguinos en redes por&nbsp;<\/em><\/strong><a href=\"https:\/\/twitter.com\/grandepremioES\"><em>Twitter&nbsp;<\/em><\/a><strong><em>e&nbsp;<\/em><\/strong><a href=\"https:\/\/www.instagram.com\/grandepremioes\/\"><em>Instagram!<br><\/em><\/a>\u23e9&nbsp;<strong><em>Adem\u00e1s, tenemos nuestro&nbsp;<\/em><\/strong><a href=\"https:\/\/whatsapp.com\/channel\/0029VaDZ5zb0gcfDxuwxBM05\"><em>canal de Whatsapp<\/em><\/a><strong><em>&nbsp;con toda la informaci\u00f3n al instante<\/em><\/strong>&nbsp;\ud83c\udfc1<\/p>\n\n\n\n<figure class=\"wp-block-image size-large\"><img decoding=\"async\" src=\"https:\/\/grandepremio.com\/es\/wp-content\/uploads\/2026\/03\/WhatsApp-Image-2026-03-07-at-19.43.43-1024x652.jpeg\" alt=\"\" class=\"wp-image-394811\"\/><figcaption class=\"wp-element-caption\">Mattia Colnaghi finaliz\u00f3 d\u00e9cimo y sum\u00f3 un punto en la carrera final de F3 en Australia (Foto: Red Bull Content Pool)<\/figcaption><\/figure>\n\n\n\n<p class=\"wp-block-paragraph\">La <strong>F\u00f3rmula 3<\/strong> volver\u00e1 a la acci\u00f3n entre el 11 y 12 de abril con la celebraci\u00f3n de la segunda fecha de la temporada 2026, que se disputar\u00e1 en el <strong>Circuito Internacional de Sakhir<\/strong>, en <strong>Bahrein<\/strong>. GRANDE PREMIO en ESPA\u00d1OL realizar\u00e1 una cobertura completa del evento. <\/p>\n\n\n\n<p class=\"has-medium-font-size wp-block-paragraph\"><strong>As\u00ed fue la segunda carrera de F3 en Australia:<\/strong><\/p>\n\n\n\n<p class=\"wp-block-paragraph\">La competencia final de la primera fecha de la temporada 2026 de <strong>F\u00f3rmula 3 <\/strong>comenz\u00f3 a las 08:50, hora local, y ten\u00eda a <strong>Theophile Na\u00ebl<\/strong> y <strong>Ugo Ugochukwu<\/strong> en la primera fila. En el comienzo, <strong>Na\u00ebl <\/strong>tom\u00f3 la delantera, seguido por <strong>Slater<\/strong> y <strong>Ugochukwu<\/strong>, que manten\u00edan un duelo por la segunda posici\u00f3n en los primeros metros. <\/p>\n\n\n\n<p class=\"wp-block-paragraph\">El brit\u00e1nico tomar\u00eda la escolta de la carrera e intent\u00f3 atacar al franc\u00e9s en la curva 3, aunque una maniobra defensiva de <strong>Na\u00ebl <\/strong>conten\u00eda el avance del campe\u00f3n 2025 de la <strong>FRECA<\/strong>. <strong>Taito Kato<\/strong>, por su parte, comenzaba su remontada al adelantar a <strong>Noah Stromsted<\/strong> y asegurar el octavo puesto. En la segunda vuelta, <strong>Ugochukwu <\/strong>recuper\u00f3 la segunda posici\u00f3n al adelantar a <strong>Slater <\/strong>y comenz\u00f3 a recortar la distancia con el l\u00edder de la carrera. <\/p>\n\n\n\n<p class=\"wp-block-paragraph\">Luego de reducir la diferencia durante la tercera vuelta, el estadounidense se lanz\u00f3 nuevamente en la curva 9, donde anteriormente hab\u00eda adelantado a <strong>Slater<\/strong>, y super\u00f3 a <strong>Na\u00ebl<\/strong>, tomando la primera posici\u00f3n de la carrera. Mientras tanto, <strong>Kato <\/strong>y <strong>Mattia Colnaghi<\/strong> luchaban por la s\u00e9ptima posici\u00f3n, que finalmente quedar\u00eda en manos del japon\u00e9s de <strong>ART <\/strong>tras ir lado a lado entre las curvas 9 y 10. <\/p>\n\n\n\n<figure class=\"wp-block-image size-large\"><img decoding=\"async\" src=\"https:\/\/grandepremio.com\/es\/wp-content\/uploads\/2026\/03\/HC10UiDXIAA1WHN-1024x576.jpg\" alt=\"\" class=\"wp-image-394815\"\/><figcaption class=\"wp-element-caption\">Ugo Ugochukwu se alej\u00f3 de sus rivales en el primer relanzamiento de la carrera (Foto: Reproducci\u00f3n \/ F3)<\/figcaption><\/figure>\n\n\n\n<p class=\"wp-block-paragraph\">El top-3, compuesto por <strong>Ugochukwu, Na\u00ebl<\/strong> y <strong>Slater<\/strong>, manten\u00eda una c\u00f3moda ventaja de tres segundos sobre <strong>Gladysz<\/strong>, cuarto en la competencia en el comienzo de la vuelta 8, mientras los italianos <strong>Brando<\/strong> <strong>Badoer <\/strong>y <strong>Nicola Lacorte<\/strong> luchaban por la quinta posici\u00f3n, en un duelo que ser\u00eda ganado por el piloto de <strong>ART<\/strong>. <\/p>\n\n\n\n<p class=\"wp-block-paragraph\"><strong>Lacorte <\/strong>intent\u00f3 recuperar la posici\u00f3n perdida, pero hizo un trompo en la \u00faltima curva y retrocedi\u00f3 hasta el puesto 12.  En la vuelta 9, el safety-car entr\u00f3 en escena tras el golpe de <strong>Nandhavud Bhirombhakdi<\/strong> contra las barreras de protecci\u00f3n de la curva 12. La carrera se reanud\u00f3 tres vueltas m\u00e1s tarde y <strong>Ugochukwu <\/strong>se escap\u00f3 r\u00e1pidamente de sus perseguidores, abriendo una ventaja de 1s1 sobre <strong>Na\u00ebl<\/strong>, quien deb\u00eda resistir los embates de <strong>Slater <\/strong>tras salirse de pista en la curva 4.  <\/p>\n\n\n\n<p class=\"wp-block-paragraph\"><strong>Lacorte <\/strong>adelant\u00f3 a <strong>Gladysz <\/strong>en la curva 9 y avanz\u00f3 hasta la cuarta posici\u00f3n, mientras <strong>Bruno del Pino<\/strong> adelantaba a <strong>Colnaghi <\/strong>para quedarse con el octavo puesto en el mismo sector. El italiano se acerc\u00f3 a la zona de podio e intent\u00f3 un adelantamiento con <strong>Slater <\/strong>en el inicio de la vuelta 15, movimiento que concretar\u00eda en la curva 12. M\u00e1s tarde, se confirmar\u00eda la sanci\u00f3n de cinco segundos a <strong>Na\u00ebl <\/strong>por una falsa largada. <\/p>\n\n\n\n<figure class=\"wp-block-image size-large\"><img decoding=\"async\" src=\"https:\/\/grandepremio.com\/es\/wp-content\/uploads\/2026\/03\/HC13zNpWAAAd2Ce-1024x576.jpg\" alt=\"\" class=\"wp-image-394816\"\/><figcaption class=\"wp-element-caption\">El accidente de Woohyun Shin motiv\u00f3 la salida del coche de seguridad en el final de la competencia (Foto: Reproducci\u00f3n \/ F3)<\/figcaption><\/figure>\n\n\n\n<p class=\"wp-block-paragraph\">Mientras se anunciaba la penalizaci\u00f3n al franc\u00e9s, <strong>Slater <\/strong>deb\u00eda contener los embates de su compa\u00f1ero de equipo <strong>Stromsted<\/strong>, quien hab\u00eda avanzado hasta la quinta posici\u00f3n tras adelantar a <strong>Gladysz<\/strong>. El recorrido de <strong>Lacorte <\/strong>hacia el podio finaliz\u00f3 abruptamente con el adelantamiento de Slater y el da\u00f1o que recibi\u00f3 en el coche tras recibir un golpe de <strong>Stromsted<\/strong>. Ambos pilotos fueron sancionados, el italiano con cinco segundos por una falsa largada, y el noruego con diez segundos por embestir al piloto de <strong>DAMS<\/strong>. <\/p>\n\n\n\n<p class=\"wp-block-paragraph\"><strong>Slater <\/strong>recuper\u00f3 la escolta de la competencia al adelantar a <strong>Na\u00ebl <\/strong>utilizando el DRS en la vuelta 20, momento en el que se produjo la segunda neutralizaci\u00f3n de la carrera. Mientras el franc\u00e9s y <strong>Stromsted <\/strong>luchaban por la tercera posici\u00f3n, el safety-car sali\u00f3 a pista ante el golpe de <strong>Woohyun Shin<\/strong>, que termin\u00f3 contra las protecciones de la curva 6 y reportando da\u00f1os en la suspensi\u00f3n de su coche.<\/p>\n\n\n\n<p class=\"wp-block-paragraph\">A pesar de la activaci\u00f3n r\u00e1pida, la competencia no pudo reanudarse y finaliz\u00f3 con el coche de seguridad en pista. De esta manera, <strong>Ugochukwu <\/strong>gan\u00f3 la segunda carrera en <strong>Melbourne<\/strong>, seguido por <strong>Slater <\/strong>y <strong>Taito Kato<\/strong>, que hered\u00f3 la tercera posici\u00f3n ante la sanci\u00f3n de <strong>Na\u00ebl. Del Pino, Gladysz, Deligny, Benavides, Clerot, Nakamura<\/strong> y el argentino <strong>Colnaghi<\/strong> completaron el top-10 en la conclusi\u00f3n de la primera fecha de 2026.<\/p>\n\n\n\n<figure class=\"wp-block-embed is-type-video is-provider-youtube wp-block-embed-youtube wp-embed-aspect-16-9 wp-has-aspect-ratio\"><div class=\"wp-block-embed__wrapper\">\n<iframe loading=\"lazy\" title=\"GP DE AUSTRALIA 2026 - LA PREVIA\" width=\"500\" height=\"281\" src=\"https:\/\/www.youtube.com\/embed\/1WD60_XL9EI?feature=oembed\" frameborder=\"0\" allow=\"accelerometer; autoplay; clipboard-write; encrypted-media; gyroscope; picture-in-picture; web-share\" referrerpolicy=\"strict-origin-when-cross-origin\" allowfullscreen><\/iframe>\n<\/div><\/figure>\n","protected":false},"excerpt":{"rendered":"<p>El estadounidense Ugo Ugochukwu se recuper\u00f3 de un mal comienzo y gan\u00f3 la segunda carrera de F\u00f3rmula 3 en Melbourne. Freddie Slater y Taito Kato completaron el podio, mientras que el argentino Mattia Colnaghi finaliz\u00f3 d\u00e9cimo<\/p>\n","protected":false},"author":0,"featured_media":1010394812,"comment_status":"closed","ping_status":"closed","sticky":false,"template":"","format":"standard","meta":{"42wp_featured_image_caption":"","42wp_featured_image_credits":"","42wp_featured_video":"","42wp_featured_image_hidden":false,"42wp_authors_list":[],"footnotes":""},"categories":[4],"tags":[2932,281,277,1128,11261,1488,11070,387,12879,6789],"42wp_author":[14239],"class_list":["post-2317","post","type-post","status-publish","format-standard","has-post-thumbnail","hentry","category-f3","tag-campos","tag-campos-racing","tag-f3","tag-formula-3","tag-formula-3-2026","tag-grande-premio","tag-mattia-colnaghi","tag-mp-motorsport","tag-temporada-2026-f3","tag-ugo-ugochukwu","42wp_author-jp-otrosky"],"_links":{"self":[{"href":"https:\/\/grandepremio.com\/es\/wp-json\/wp\/v2\/posts\/2317","targetHints":{"allow":["GET"]}}],"collection":[{"href":"https:\/\/grandepremio.com\/es\/wp-json\/wp\/v2\/posts"}],"about":[{"href":"https:\/\/grandepremio.com\/es\/wp-json\/wp\/v2\/types\/post"}],"replies":[{"embeddable":true,"href":"https:\/\/grandepremio.com\/es\/wp-json\/wp\/v2\/comments?post=2317"}],"version-history":[{"count":0,"href":"https:\/\/grandepremio.com\/es\/wp-json\/wp\/v2\/posts\/2317\/revisions"}],"wp:featuredmedia":[{"embeddable":true,"href":"https:\/\/grandepremio.com\/es\/wp-json\/wp\/v2\/media\/1010394812"}],"wp:attachment":[{"href":"https:\/\/grandepremio.com\/es\/wp-json\/wp\/v2\/media?parent=2317"}],"wp:term":[{"taxonomy":"category","embeddable":true,"href":"https:\/\/grandepremio.com\/es\/wp-json\/wp\/v2\/categories?post=2317"},{"taxonomy":"post_tag","embeddable":true,"href":"https:\/\/grandepremio.com\/es\/wp-json\/wp\/v2\/tags?post=2317"},{"taxonomy":"42wp_author","embeddable":true,"href":"https:\/\/grandepremio.com\/es\/wp-json\/wp\/v2\/42wp_author?post=2317"}],"curies":[{"name":"wp","href":"https:\/\/api.w.org\/{rel}","templated":true}]}}