{"id":23211,"date":"2022-05-09T16:59:19","date_gmt":"2022-05-09T19:59:19","guid":{"rendered":"https:\/\/grandepremio.com\/es\/2022\/05\/09\/perez-critica-fiabilidad-red-bull-averias\/"},"modified":"2022-05-09T16:59:20","modified_gmt":"2022-05-09T19:59:20","slug":"perez-critica-fiabilidad-red-bull-averias","status":"publish","type":"post","link":"https:\/\/grandepremio.com\/es\/f1\/perez-critica-fiabilidad-red-bull-averias\/","title":{"rendered":"P\u00e9rez critica fiabilidad y dice que Red Bull &#8220;lucha todo el tiempo&#8221; contra aver\u00edas"},"content":{"rendered":"\n<p class=\"wp-block-paragraph\">Despu\u00e9s de que Sergio P\u00e9rez parase por segunda vez en el <a href=\"https:\/\/grandepremio.com\/es\/\/f1\/max-verstappen-charles-leclerc-miami-formula-1-123\/\" target=\"_blank\" rel=\"noreferrer noopener\">GP de Miami<\/a>, celebrado el pasado domingo, para cambiar los neum\u00e1ticos duros por los medios, la sensaci\u00f3n era que &#8216;Checo&#8217; ir\u00eda tras Carlos Sainz y buscar\u00eda otro podio con los dos pilotos de Red Bull. Sin embargo, el mexicano sufri\u00f3 con otro problema en el RB18 y tuvo que conformarse con el cuarto lugar. Despu\u00e9s de la carrera, P\u00e9rez trat\u00f3 de explicar la dificultad que tuvo despu\u00e9s de sentir el problema.<\/p>\n\n\n\n<p class=\"wp-block-paragraph\">\u201cCreo que fue una falla de sensor que tuvimos\u201d, explic\u00f3 P\u00e9rez. &#8220;Iba bien, pero luego, cuando tuvimos el problema del sensor, perdimos algo as\u00ed como 7 segundos en dos vueltas. A partir de ah\u00ed, fue una mala carrera. Incluso con el DRS, no pude acercarme a Carlos [Sainz]. El d\u00e9ficit en las rectas era muy fuerte\u201d, lament\u00f3.<\/p>\n\n\n\n<p class=\"wp-block-paragraph\"><strong><strong>\u00a1Conoce el canal de Grande Pr\u00eamio en Espa\u00f1ol en\u00a0<a href=\"https:\/\/www.youtube.com\/channel\/UCDxWojGVUi9gWYhrY0pGbIQ\" target=\"_blank\" rel=\"noreferrer noopener\">YouTube<\/a>!<br>\u00a1Sigue a\u00a0Grande Pr\u00eamio en Espa\u00f1ol\u00a0en\u00a0<a href=\"https:\/\/twitter.com\/grandepremioES\" target=\"_blank\" rel=\"noreferrer noopener\">Twitter\u00a0<\/a>y en\u00a0<a href=\"https:\/\/www.instagram.com\/grandepremioes\/\" target=\"_blank\" rel=\"noreferrer noopener\">Instagram<\/a>!<\/strong><\/strong><\/p>\n\n\n\n<figure class=\"wp-block-image size-large\"><img decoding=\"async\" src=\"https:\/\/www.grandepremio.com\/br\/wp-content\/uploads\/2022\/05\/SI202205070568_hires_jpeg_24bit_rgb-1024x683.jpg\" alt=\"\" class=\"wp-image-565818\"\/><figcaption>P\u00e9rez lament\u00f3 la oportunidad desperdiciada en Miami (Foto: Red Bull Content Pool)<\/figcaption><\/figure>\n\n\n\n<p class=\"wp-block-paragraph\">P\u00e9rez incluso intent\u00f3 hacer un movimiento para adelantar a Sainz en la curva uno, pero termin\u00f3 pasando de largo al Ferrari del espa\u00f1ol, quien pudo recuperar la posici\u00f3n; incluso con los dos pilotos muy cerca de tocarse, no se registr\u00f3 ning\u00fan incidente. El mexicano explic\u00f3 que fue la \u00fanica vez que pudo acercarse lo suficiente, pero la suciedad fuera de la l\u00ednea de carrera dificult\u00f3 su frenada.<\/p>\n\n\n\n<p class=\"wp-block-paragraph\">&#8220;Estuve presionando mucho para acercarme a \u00e9l en las curvas&#8221;, dijo el mexicano. &#8220;Mis neum\u00e1ticos se estaban sobrecalentando, as\u00ed que tan pronto como tuve la oportunidad, lo intent\u00e9. Estaba muy sucio fuera de la trazada. Despu\u00e9s de eso no pude acercarme\u201d, reconoci\u00f3 &#8216;Checo&#8217;.<\/p>\n\n\n\n<p class=\"wp-block-paragraph\">Red Bull ya ha sufrido tres abandonos esta temporada, Verstappen y P\u00e9rez en Bahrein y nuevamente Max en Australia, adem\u00e1s de haber visto detenerse el coche del campe\u00f3n defensor en los FP2 en Miami. P\u00e9rez reconoci\u00f3 el delicado momento que vive el equipo, que una vez m\u00e1s estuvo a punto de abandonar la carrera.<\/p>\n\n\n\n<figure class=\"wp-block-image size-large\"><img decoding=\"async\" src=\"https:\/\/www.grandepremio.com\/br\/wp-content\/uploads\/2022\/03\/SI202203190204_news-1024x683.jpg\" alt=\"\" class=\"wp-image-551188\"\/><figcaption>Horner reconoci\u00f3 problemas de P\u00e9rez y demostr\u00f3 alivio por haber completado la carrera (Foto: Red Bull Content Pool)<\/figcaption><\/figure>\n\n\n\n<p class=\"wp-block-paragraph\">&#8220;Tenemos que seguir trabajando duro porque estamos luchando todo el tiempo con diferentes problemas&#8221;, dijo. \u201cPor suerte logramos terminar la carrera. Creo que en cierto momento estuvo muy cerca de terminar todo [abandonar]\u201d, opin\u00f3.<\/p>\n\n\n\n<p class=\"wp-block-paragraph\">El jefe de Red Bull, Christian Horner, reforz\u00f3 el problema con los sensores del RB18 de P\u00e9rez y admiti\u00f3 que el piloto estuvo a punto de tener que retirarse de la disputa. El brit\u00e1nico explic\u00f3 que el problema lo solucion\u00f3 el equipo para llegar al final de la carrera, pero la potencia del coche ya no era la misma.<\/p>\n\n\n\n<p class=\"wp-block-paragraph\">&#8220;Ten\u00eda un problema con un sensor en uno de los cilindros&#8221;, explic\u00f3 Horner. &#8220;Perdi\u00f3 mucho tiempo. Los muchachos [en el garaje] lograron mover el sensor y, como resultado, perdi\u00f3 alrededor de 20 kw. Incluso con la ventaja de neum\u00e1ticos que ten\u00eda, probablemente estaba 0s5 por debajo de lo que el coche pod\u00eda hacer en l\u00ednea. Creo que sin eso, habr\u00eda sido segundo hoy. Es algo que vamos a trabajar con Honda para tratar de entender, as\u00ed como para asegurarnos de que no vuelva a suceder&#8221;, termin\u00f3. <\/p>\n","protected":false},"excerpt":{"rendered":"<p>Sergio P\u00e9rez sufri\u00f3 un problema en Miami que le impidi\u00f3 luchar por el podio con Carlos Sainz, y mostr\u00f3 impaciencia por las sucesivas aver\u00edas.<\/p>\n","protected":false},"author":0,"featured_media":1010064386,"comment_status":"closed","ping_status":"closed","sticky":false,"template":"","format":"standard","meta":{"42wp_featured_image_caption":"","42wp_featured_image_credits":"","42wp_featured_video":"","42wp_featured_image_hidden":false,"42wp_authors_list":[],"footnotes":""},"categories":[5],"tags":[2699,1606,181,1495,1647,179,1534,1635,206,294],"42wp_author":[14233],"class_list":["post-23211","post","type-post","status-publish","format-standard","has-post-thumbnail","hentry","category-f1","tag-averias","tag-estados-unidos","tag-f1","tag-f1-2022","tag-florida","tag-formula-1","tag-gp-de-miami","tag-miami","tag-red-bull","tag-sergio-perez","42wp_author-eric-calduch"],"_links":{"self":[{"href":"https:\/\/grandepremio.com\/es\/wp-json\/wp\/v2\/posts\/23211","targetHints":{"allow":["GET"]}}],"collection":[{"href":"https:\/\/grandepremio.com\/es\/wp-json\/wp\/v2\/posts"}],"about":[{"href":"https:\/\/grandepremio.com\/es\/wp-json\/wp\/v2\/types\/post"}],"replies":[{"embeddable":true,"href":"https:\/\/grandepremio.com\/es\/wp-json\/wp\/v2\/comments?post=23211"}],"version-history":[{"count":0,"href":"https:\/\/grandepremio.com\/es\/wp-json\/wp\/v2\/posts\/23211\/revisions"}],"wp:featuredmedia":[{"embeddable":true,"href":"https:\/\/grandepremio.com\/es\/wp-json\/wp\/v2\/media\/1010064386"}],"wp:attachment":[{"href":"https:\/\/grandepremio.com\/es\/wp-json\/wp\/v2\/media?parent=23211"}],"wp:term":[{"taxonomy":"category","embeddable":true,"href":"https:\/\/grandepremio.com\/es\/wp-json\/wp\/v2\/categories?post=23211"},{"taxonomy":"post_tag","embeddable":true,"href":"https:\/\/grandepremio.com\/es\/wp-json\/wp\/v2\/tags?post=23211"},{"taxonomy":"42wp_author","embeddable":true,"href":"https:\/\/grandepremio.com\/es\/wp-json\/wp\/v2\/42wp_author?post=23211"}],"curies":[{"name":"wp","href":"https:\/\/api.w.org\/{rel}","templated":true}]}}