{"id":23282,"date":"2022-05-06T15:04:43","date_gmt":"2022-05-06T18:04:43","guid":{"rendered":"https:\/\/grandepremio.com\/es\/2022\/05\/06\/leclerc-anos-dificiles-ferrari-inicio-ensueno\/"},"modified":"2022-05-06T15:04:44","modified_gmt":"2022-05-06T18:04:44","slug":"leclerc-anos-dificiles-ferrari-inicio-ensueno","status":"publish","type":"post","link":"https:\/\/grandepremio.com\/es\/f1\/leclerc-anos-dificiles-ferrari-inicio-ensueno\/","title":{"rendered":"Leclerc recuerda a\u00f1os dif\u00edciles en Ferrari y celebra &#8220;inicio de ensue\u00f1o&#8221; en 2022"},"content":{"rendered":"\n<p class=\"wp-block-paragraph\">Charles Leclerc llega al primer GP de Miami de la historia como uno de los grandes protagonistas de la <a href=\"https:\/\/grandepremio.com\/es\/\/categoria\/f1\/\" target=\"_blank\" rel=\"noreferrer noopener\">F\u00f3rmula 1<\/a>. Con dos victorias en 2022, el monegasco de Ferrari es l\u00edder del Mundial de Pilotos con 27 puntos de ventaja sobre su rival Max Verstappen, de Red Bull y actual campe\u00f3n. En Florida, el due\u00f1o del coche #16 intenta la quinta victoria de su carrera para estar m\u00e1s c\u00f3modo al frente.<\/p>\n\n\n\n<p class=\"wp-block-paragraph\">En una entrevista con la cadena \u200b\u200bestadounidense CNN, Leclerc habl\u00f3 sobre las dificultades con Ferrari en a\u00f1os anteriores. El equipo enfrent\u00f3 una falta de victorias que dur\u00f3 m\u00e1s de dos a\u00f1os hasta que el monegasco se llev\u00f3 la carrera inaugural del campeonato en Bahrein, en marzo.<\/p>\n\n\n\n<p class=\"wp-block-paragraph\">\u201cLos \u00faltimos a\u00f1os han sido muy, muy dif\u00edciles porque cuando llegu\u00e9 a Ferrari, en 2019, ten\u00edamos un coche que era capaz de ganar carreras en un par de ocasiones, y tuve mis dos primeras victorias en 2019. Luego en 2020 y 2021, te encuentras con un coche con muchas m\u00e1s dificultades, y est\u00e1 peleando por el 6\u00ba al 10\u00ba puesto si hace un fin de semana perfecto, lo cual no es tan bonito y es dif\u00edcil de aceptar. Pero como equipo creo que lo aceptamos, y trabajamos lo mejor que pudimos para volver a lo m\u00e1s alto&#8221;, declar\u00f3 Leclerc.<\/p>\n\n\n\n<p class=\"wp-block-paragraph\"><strong><strong>\u00a1Conoce el canal de Grande Pr\u00eamio en Espa\u00f1ol en\u00a0<a href=\"https:\/\/www.youtube.com\/channel\/UCDxWojGVUi9gWYhrY0pGbIQ\" target=\"_blank\" rel=\"noreferrer noopener\">YouTube<\/a>!<br>\u00a1Sigue a\u00a0Grande Pr\u00eamio en Espa\u00f1ol\u00a0en\u00a0<a href=\"https:\/\/twitter.com\/grandepremioES\" target=\"_blank\" rel=\"noreferrer noopener\">Twitter\u00a0<\/a>y en\u00a0<a href=\"https:\/\/www.instagram.com\/grandepremioes\/\" target=\"_blank\" rel=\"noreferrer noopener\">Instagram<\/a>!<\/strong><\/strong><\/p>\n\n\n\n<figure class=\"wp-block-image size-large\"><img decoding=\"async\" src=\"https:\/\/www.grandepremio.com\/br\/wp-content\/uploads\/2022\/04\/leclerc-imola2-1024x576.jpg\" alt=\"\" class=\"wp-image-560572\"\/><figcaption>Charles Leclerc rodando en Imola (Foto: F1)<\/figcaption><\/figure>\n\n\n\n<p class=\"wp-block-paragraph\">Charles aterriz\u00f3 en Maranello en 2019, gan\u00f3 dos carreras en esa temporada y super\u00f3 al cuatro veces campe\u00f3n mundial Sebastian Vettel en los dos a\u00f1os que fueron compa\u00f1eros de equipo. Ahora, al frente del campeonato, el monegasco reconoce que el camino hacia el t\u00edtulo es largo.<\/p>\n\n\n\n<p class=\"wp-block-paragraph\">&#8220;Ten\u00edamos muchas esperanzas para este a\u00f1o, y hemos trabajado para volver a la cima, y \u200b\u200bfinalmente ver que todo ese trabajo vali\u00f3 la pena despu\u00e9s de algunos a\u00f1os en esta dif\u00edcil situaci\u00f3n lo hace a\u00fan m\u00e1s sorprendente. As\u00ed que es bueno liderar el campeonato, pero tambi\u00e9n sabemos que la temporada es larga. Tenemos que trabajar duro para mantener la posici\u00f3n, pero es un inicio de ensue\u00f1o hasta ahora. Estamos trabajando m\u00e1s duro que nunca para mantener esta posici\u00f3n&#8221;, concluy\u00f3. <\/p>\n","protected":false},"excerpt":{"rendered":"<p>Charles Leclerc habl\u00f3 de los a\u00f1os de sequ\u00eda en Ferrari y valor\u00f3 el gran inicio de 2022 que le ha situado l\u00edder del Campeonato de Pilotos.<\/p>\n","protected":false},"author":0,"featured_media":1010063676,"comment_status":"closed","ping_status":"closed","sticky":false,"template":"","format":"standard","meta":{"42wp_featured_image_caption":"","42wp_featured_image_credits":"","42wp_featured_video":"","42wp_featured_image_hidden":false,"42wp_authors_list":[],"footnotes":""},"categories":[5],"tags":[247,1606,181,1495,185,1647,179,1534,1635],"42wp_author":[14233],"class_list":["post-23282","post","type-post","status-publish","format-standard","has-post-thumbnail","hentry","category-f1","tag-charles-leclerc","tag-estados-unidos","tag-f1","tag-f1-2022","tag-ferrari","tag-florida","tag-formula-1","tag-gp-de-miami","tag-miami","42wp_author-eric-calduch"],"_links":{"self":[{"href":"https:\/\/grandepremio.com\/es\/wp-json\/wp\/v2\/posts\/23282","targetHints":{"allow":["GET"]}}],"collection":[{"href":"https:\/\/grandepremio.com\/es\/wp-json\/wp\/v2\/posts"}],"about":[{"href":"https:\/\/grandepremio.com\/es\/wp-json\/wp\/v2\/types\/post"}],"replies":[{"embeddable":true,"href":"https:\/\/grandepremio.com\/es\/wp-json\/wp\/v2\/comments?post=23282"}],"version-history":[{"count":0,"href":"https:\/\/grandepremio.com\/es\/wp-json\/wp\/v2\/posts\/23282\/revisions"}],"wp:featuredmedia":[{"embeddable":true,"href":"https:\/\/grandepremio.com\/es\/wp-json\/wp\/v2\/media\/1010063676"}],"wp:attachment":[{"href":"https:\/\/grandepremio.com\/es\/wp-json\/wp\/v2\/media?parent=23282"}],"wp:term":[{"taxonomy":"category","embeddable":true,"href":"https:\/\/grandepremio.com\/es\/wp-json\/wp\/v2\/categories?post=23282"},{"taxonomy":"post_tag","embeddable":true,"href":"https:\/\/grandepremio.com\/es\/wp-json\/wp\/v2\/tags?post=23282"},{"taxonomy":"42wp_author","embeddable":true,"href":"https:\/\/grandepremio.com\/es\/wp-json\/wp\/v2\/42wp_author?post=23282"}],"curies":[{"name":"wp","href":"https:\/\/api.w.org\/{rel}","templated":true}]}}