{"id":23304,"date":"2022-05-04T10:10:09","date_gmt":"2022-05-04T13:10:09","guid":{"rendered":"https:\/\/grandepremio.com\/es\/2022\/05\/04\/agente-shock-mir-salida-suzuki-queria-quedarse\/"},"modified":"2022-05-04T10:10:10","modified_gmt":"2022-05-04T13:10:10","slug":"agente-shock-mir-salida-suzuki-queria-quedarse","status":"publish","type":"post","link":"https:\/\/grandepremio.com\/es\/motogp\/agente-shock-mir-salida-suzuki-queria-quedarse\/","title":{"rendered":"Agente revela el shock de Mir con la salida de Suzuki de MotoGP: \u201cQuer\u00eda quedarse ah\u00ed\u201d"},"content":{"rendered":"\n<p class=\"wp-block-paragraph\">El agente de Joan Mir, Paco S\u00e1nchez, afirm\u00f3 que el piloto est\u00e1 &#8220;conmocionado&#8221; con <a href=\"https:\/\/grandepremio.com\/es\/\/motogp\/suzuki-salida-motogp-2022\/\" target=\"_blank\" rel=\"noreferrer noopener\">la decisi\u00f3n de Suzuki de retirarse de MotoGP a finales de la temporada 2022<\/a>. Seg\u00fan el empresario, las negociaciones para la renovaci\u00f3n del contrato del espa\u00f1ol con la factor\u00eda de Hamamatsu estaban en marcha. ya muy avanzadas y el campe\u00f3n de 2020 estaba listo para firmar un nuevo contrato.<\/p>\n\n\n\n<p class=\"wp-block-paragraph\">El lunes, Suzuki tom\u00f3 por sorpresa a todo el mundo cuando anunci\u00f3 durante un d\u00eda de pruebas de MotoGP en Jerez de la Frontera que terminar\u00eda las actividades en MotoGP a finales de a\u00f1o. Hasta el momento, sin embargo, la marca no ha hecho ning\u00fan comunicado oficial, pero Dorna, la promotora del Mundial, emiti\u00f3 una nota diciendo que ya le record\u00f3 al fabricante de motos que el contrato vigente hasta 2026 no permite una decisi\u00f3n unilateral de salida.<\/p>\n\n\n\n<p class=\"wp-block-paragraph\"><strong><strong>\u00a1Conoce el canal de Grande Pr\u00eamio en Espa\u00f1ol en\u00a0<a href=\"https:\/\/www.youtube.com\/channel\/UCDxWojGVUi9gWYhrY0pGbIQ\" target=\"_blank\" rel=\"noreferrer noopener\">YouTube<\/a>!<br>\u00a1Sigue a\u00a0Grande Pr\u00eamio en Espa\u00f1ol\u00a0en\u00a0<a href=\"https:\/\/twitter.com\/grandepremioES\" target=\"_blank\" rel=\"noreferrer noopener\">Twitter\u00a0<\/a>y en\u00a0<a href=\"https:\/\/www.instagram.com\/grandepremioes\/\" target=\"_blank\" rel=\"noreferrer noopener\">Instagram<\/a>!<\/strong><\/strong><\/p>\n\n\n\n<figure class=\"wp-block-image size-large\"><img decoding=\"async\" src=\"https:\/\/www.grandepremio.com\/br\/wp-content\/uploads\/2022\/05\/mgp2022jerez-testjoan-mir1-1024x671.jpg\" alt=\"\" class=\"wp-image-564827\"\/><figcaption>Joan Mir tambi\u00e9n qued\u00f3 sorprendido con la decisi\u00f3n de Suzuki (Foto: Suzuki)<\/figcaption><\/figure>\n\n\n\n<p class=\"wp-block-paragraph\">S\u00e1nchez, agente de Mir, dijo que trat\u00f3 de comunicarse con los dirigentes del equipo, pero tampoco obtuvo respuesta. El empresario se mostr\u00f3 incr\u00e9dulo ante la situaci\u00f3n, pues hab\u00eda estado trabajando para renovar el contrato de Joan, que llega a su fin en el campeonato de este a\u00f1o.<\/p>\n\n\n\n<p class=\"wp-block-paragraph\">\u201cPor el momento, todav\u00eda no he recibido ning\u00fan anuncio oficial al respecto\u201d, dijo S\u00e1nchez en un directo con el portal web italiano GPOne. \u201cTrat\u00e9 de contactar a los l\u00edderes del equipo, pero no obtuve una respuesta de ellos. Lo que pas\u00f3 es realmente incre\u00edble, tambi\u00e9n porque el objetivo de Joan era quedarse con Suzuki&#8221;, dijo.<\/p>\n\n\n\n<p class=\"wp-block-paragraph\">Paco afirm\u00f3 que, a pesar de los muchos rumores sobre el futuro de Joan, el objetivo del piloto #36 era seguir en el equipo y, por tanto, la negociaci\u00f3n ya estaba muy avanzada.<\/p>\n\n\n\n<p class=\"wp-block-paragraph\">\u201cMuchos dicen que Mir se ir\u00e1 a Honda o a Yamaha, pero la verdad es que Joan estaba dispuesto a renovar con Suzuki\u201d, dijo. \u201cDe hecho, la negociaci\u00f3n ya estaba en una etapa avanzada. Quer\u00eda quedarse all\u00ed. Esa fue siempre su prioridad\u201d, continu\u00f3.<\/p>\n\n\n\n<p class=\"wp-block-paragraph\">\u201cAhora necesitamos entender lo que suceder\u00e1 y considerar alternativas. Lo que puedo decir es que est\u00e1 en estado de shock por lo que est\u00e1 pasando y est\u00e1 preocupado&#8221;, revel\u00f3. \u201cCreo que fue una decisi\u00f3n tomada por la directiva de Suzuki en el \u00faltimo minuto, sin darles tiempo a reaccionar\u201d, ponder\u00f3.<\/p>\n\n\n\n<p class=\"wp-block-paragraph\">S\u00e1nchez revel\u00f3 al portal web italiano Corse di Moto que incluso el domingo, Mir hab\u00eda sido contactado por uno de los gerentes japoneses del equipo para una actualizaci\u00f3n sobre el estado de la negociaci\u00f3n para la renovaci\u00f3n del contrato.<\/p>\n\n\n\n<p class=\"wp-block-paragraph\">\u201cObviamente est\u00e1 preocupado. La noticia tambi\u00e9n lo sorprendi\u00f3 a \u00e9l. Como yo, est\u00e1 en estado de shock. Nadie lo esperaba&#8221;, dijo. \u201cEl equipo habl\u00f3 con \u00e9l el domingo para calmarlo, para decirle que la negociaci\u00f3n conmigo iba bien. Tengo la sensaci\u00f3n de que ni siquiera los jefes de equipo sab\u00edan de esta decisi\u00f3n. Fue una decisi\u00f3n de \u00faltima hora de la junta directiva de Suzuki. Se comunicaron con el equipo sin darle tiempo a reaccionar\u201d, concluy\u00f3.<\/p>\n","protected":false},"excerpt":{"rendered":"<p>El agente revel\u00f3 que hab\u00eda negociaciones avanzadas para renovar a Mir con Suzuki, lo que provoc\u00f3 la sorpresa por el anuncio de salida. <\/p>\n","protected":false},"author":0,"featured_media":1010063156,"comment_status":"closed","ping_status":"closed","sticky":false,"template":"","format":"standard","meta":{"42wp_featured_image_caption":"","42wp_featured_image_credits":"","42wp_featured_video":"","42wp_featured_image_hidden":false,"42wp_authors_list":[],"footnotes":""},"categories":[8],"tags":[1521,855,1293,1341,2657,1764,2656,1427],"42wp_author":[14233],"class_list":["post-23304","post","type-post","status-publish","format-standard","has-post-thumbnail","hentry","category-motogp","tag-joan-mir","tag-motociclismo","tag-motogp","tag-motogp-2022","tag-motogp-2023","tag-mundial-de-motociclismo","tag-salida-de-suzuki","tag-suzuki","42wp_author-eric-calduch"],"_links":{"self":[{"href":"https:\/\/grandepremio.com\/es\/wp-json\/wp\/v2\/posts\/23304","targetHints":{"allow":["GET"]}}],"collection":[{"href":"https:\/\/grandepremio.com\/es\/wp-json\/wp\/v2\/posts"}],"about":[{"href":"https:\/\/grandepremio.com\/es\/wp-json\/wp\/v2\/types\/post"}],"replies":[{"embeddable":true,"href":"https:\/\/grandepremio.com\/es\/wp-json\/wp\/v2\/comments?post=23304"}],"version-history":[{"count":0,"href":"https:\/\/grandepremio.com\/es\/wp-json\/wp\/v2\/posts\/23304\/revisions"}],"wp:featuredmedia":[{"embeddable":true,"href":"https:\/\/grandepremio.com\/es\/wp-json\/wp\/v2\/media\/1010063156"}],"wp:attachment":[{"href":"https:\/\/grandepremio.com\/es\/wp-json\/wp\/v2\/media?parent=23304"}],"wp:term":[{"taxonomy":"category","embeddable":true,"href":"https:\/\/grandepremio.com\/es\/wp-json\/wp\/v2\/categories?post=23304"},{"taxonomy":"post_tag","embeddable":true,"href":"https:\/\/grandepremio.com\/es\/wp-json\/wp\/v2\/tags?post=23304"},{"taxonomy":"42wp_author","embeddable":true,"href":"https:\/\/grandepremio.com\/es\/wp-json\/wp\/v2\/42wp_author?post=23304"}],"curies":[{"name":"wp","href":"https:\/\/api.w.org\/{rel}","templated":true}]}}